{"id":77153,"date":"2025-04-28T23:48:48","date_gmt":"2025-04-28T21:48:48","guid":{"rendered":"https:\/\/dlvradio.es\/?p=77153"},"modified":"2025-04-28T23:48:48","modified_gmt":"2025-04-28T21:48:48","slug":"comparecencia-de-pedro-sanchez-2240h","status":"publish","type":"post","link":"https:\/\/dlvradio.es\/en\/comparecencia-de-pedro-sanchez-2240h\/","title":{"rendered":"Comparecencia de Pedro S\u00e1nchez 22:40h."},"content":{"rendered":"<p>En la comparecencia de la noche el presidente del Gobierno ha explicado que a las 12:33h desapareci\u00f3 el 60% de la energ\u00eda que se estaba consumiendo en ese momento, lo cual provoc\u00f3 el apag\u00f3n. Duro sobre cinco segundos, no hemos tenido una bajada nunca de ese nivel. Se est\u00e1 trabajando que lo provoc\u00f3.<\/p>\n<p><iframe title=\"Comparecencia tras una nueva reuni\u00f3n del Consejo de Seguridad Nacional\" width=\"800\" height=\"450\" src=\"https:\/\/www.youtube.com\/embed\/4W4lxQtTXtM?feature=oembed\" frameborder=\"0\" allow=\"accelerometer; autoplay; clipboard-write; encrypted-media; gyroscope; picture-in-picture; web-share\" referrerpolicy=\"strict-origin-when-cross-origin\" allowfullscreen><\/iframe><\/p>","protected":false},"excerpt":{"rendered":"<p>En la comparecencia de la noche el presidente del Gobierno ha explicado que a las 12:33h desapareci\u00f3 el 60% de la energ\u00eda que se estaba consumiendo en ese momento, lo cual provoc\u00f3 el apag\u00f3n. Duro sobre cinco segundos, no hemos tenido una bajada nunca de ese nivel. Se est\u00e1 trabajando que lo provoc\u00f3.<\/p>","protected":false},"author":1,"featured_media":77155,"comment_status":"closed","ping_status":"closed","sticky":false,"template":"","format":"standard","meta":{"_acf_changed":false,"footnotes":""},"categories":[2465],"tags":[2466,2613,2578],"class_list":["post-77153","post","type-post","status-publish","format-standard","has-post-thumbnail","hentry","category-informativos","tag-espana","tag-sucesos","tag-tecnologia"],"acf":[],"yoast_head":"<!-- This site is optimized with the Yoast SEO plugin v27.4 - https:\/\/yoast.com\/product\/yoast-seo-wordpress\/ -->\n<title>Comparecencia de Pedro S\u00e1nchez 22:40h. - DLVRADIO<\/title>\n<meta name=\"description\" content=\"En la comparecencia de la noche el presidente del Gobierno ha explicado que a las 12:33h desapareci\u00f3 el 60% de la energ\u00eda que se estaba consumiendo en ese\" \/>\n<meta name=\"robots\" content=\"index, follow, max-snippet:-1, max-image-preview:large, max-video-preview:-1\" \/>\n<link rel=\"canonical\" href=\"https:\/\/dlvradio.es\/en\/comparecencia-de-pedro-sanchez-2240h\/\" \/>\n<meta property=\"og:locale\" content=\"en_US\" \/>\n<meta property=\"og:type\" content=\"article\" \/>\n<meta property=\"og:title\" content=\"Comparecencia de Pedro S\u00e1nchez 22:40h. - DLVRADIO\" \/>\n<meta property=\"og:description\" content=\"En la comparecencia de la noche el presidente del Gobierno ha explicado que a las 12:33h desapareci\u00f3 el 60% de la energ\u00eda que se estaba consumiendo en ese\" \/>\n<meta property=\"og:url\" content=\"https:\/\/dlvradio.es\/en\/comparecencia-de-pedro-sanchez-2240h\/\" \/>\n<meta property=\"og:site_name\" content=\"DLVRADIO\" \/>\n<meta property=\"article:publisher\" content=\"https:\/\/www.facebook.com\/RadioDLVradio\/\" \/>\n<meta property=\"article:published_time\" content=\"2025-04-28T21:48:48+00:00\" \/>\n<meta property=\"og:image\" content=\"https:\/\/dlvradio.es\/wp-content\/uploads\/2025\/04\/DLVRADIO.ES-4-1.png\" \/>\n\t<meta property=\"og:image:width\" content=\"1500\" \/>\n\t<meta property=\"og:image:height\" content=\"1500\" \/>\n\t<meta property=\"og:image:type\" content=\"image\/png\" \/>\n<meta name=\"author\" content=\"doominio\" \/>\n<meta name=\"twitter:card\" content=\"summary_large_image\" \/>\n<meta name=\"twitter:creator\" content=\"@RadioDlvradio\" \/>\n<meta name=\"twitter:site\" content=\"@RadioDlvradio\" \/>\n<script type=\"application\/ld+json\" class=\"yoast-schema-graph\">{\"@context\":\"https:\\\/\\\/schema.org\",\"@graph\":[{\"@type\":\"Article\",\"@id\":\"https:\\\/\\\/dlvradio.es\\\/comparecencia-de-pedro-sanchez-2240h\\\/#article\",\"isPartOf\":{\"@id\":\"https:\\\/\\\/dlvradio.es\\\/comparecencia-de-pedro-sanchez-2240h\\\/\"},\"author\":{\"name\":\"doominio\",\"@id\":\"https:\\\/\\\/dlvradio.es\\\/#\\\/schema\\\/person\\\/6ee60897fbb7fb4ad6634c73f4be87fa\"},\"headline\":\"Comparecencia de Pedro S\u00e1nchez 22:40h.\",\"datePublished\":\"2025-04-28T21:48:48+00:00\",\"mainEntityOfPage\":{\"@id\":\"https:\\\/\\\/dlvradio.es\\\/comparecencia-de-pedro-sanchez-2240h\\\/\"},\"wordCount\":70,\"publisher\":{\"@id\":\"https:\\\/\\\/dlvradio.es\\\/#organization\"},\"image\":{\"@id\":\"https:\\\/\\\/dlvradio.es\\\/comparecencia-de-pedro-sanchez-2240h\\\/#primaryimage\"},\"thumbnailUrl\":\"https:\\\/\\\/dlvradio.es\\\/wp-content\\\/uploads\\\/2025\\\/04\\\/DLVRADIO.ES-4-1.png\",\"keywords\":[\"Espa\u00f1a\",\"sucesos\",\"tecnolog\u00eda\"],\"articleSection\":[\"Informativos\"],\"inLanguage\":\"en-US\"},{\"@type\":\"WebPage\",\"@id\":\"https:\\\/\\\/dlvradio.es\\\/comparecencia-de-pedro-sanchez-2240h\\\/\",\"url\":\"https:\\\/\\\/dlvradio.es\\\/comparecencia-de-pedro-sanchez-2240h\\\/\",\"name\":\"Comparecencia de Pedro S\u00e1nchez 22:40h. - DLVRADIO\",\"isPartOf\":{\"@id\":\"https:\\\/\\\/dlvradio.es\\\/#website\"},\"primaryImageOfPage\":{\"@id\":\"https:\\\/\\\/dlvradio.es\\\/comparecencia-de-pedro-sanchez-2240h\\\/#primaryimage\"},\"image\":{\"@id\":\"https:\\\/\\\/dlvradio.es\\\/comparecencia-de-pedro-sanchez-2240h\\\/#primaryimage\"},\"thumbnailUrl\":\"https:\\\/\\\/dlvradio.es\\\/wp-content\\\/uploads\\\/2025\\\/04\\\/DLVRADIO.ES-4-1.png\",\"datePublished\":\"2025-04-28T21:48:48+00:00\",\"description\":\"En la comparecencia de la noche el presidente del Gobierno ha explicado que a las 12:33h desapareci\u00f3 el 60% de la energ\u00eda que se estaba consumiendo en ese\",\"breadcrumb\":{\"@id\":\"https:\\\/\\\/dlvradio.es\\\/comparecencia-de-pedro-sanchez-2240h\\\/#breadcrumb\"},\"inLanguage\":\"en-US\",\"potentialAction\":[{\"@type\":\"ReadAction\",\"target\":[\"https:\\\/\\\/dlvradio.es\\\/comparecencia-de-pedro-sanchez-2240h\\\/\"]}]},{\"@type\":\"ImageObject\",\"inLanguage\":\"en-US\",\"@id\":\"https:\\\/\\\/dlvradio.es\\\/comparecencia-de-pedro-sanchez-2240h\\\/#primaryimage\",\"url\":\"https:\\\/\\\/dlvradio.es\\\/wp-content\\\/uploads\\\/2025\\\/04\\\/DLVRADIO.ES-4-1.png\",\"contentUrl\":\"https:\\\/\\\/dlvradio.es\\\/wp-content\\\/uploads\\\/2025\\\/04\\\/DLVRADIO.ES-4-1.png\",\"width\":1500,\"height\":1500,\"caption\":\"Comparecencia de Pedro S\u00e1nchez 22:40h.\"},{\"@type\":\"BreadcrumbList\",\"@id\":\"https:\\\/\\\/dlvradio.es\\\/comparecencia-de-pedro-sanchez-2240h\\\/#breadcrumb\",\"itemListElement\":[{\"@type\":\"ListItem\",\"position\":1,\"name\":\"Inicio\",\"item\":\"https:\\\/\\\/dlvradio.es\\\/\"},{\"@type\":\"ListItem\",\"position\":2,\"name\":\"Comparecencia de Pedro S\u00e1nchez 22:40h.\"}]},{\"@type\":\"WebSite\",\"@id\":\"https:\\\/\\\/dlvradio.es\\\/#website\",\"url\":\"https:\\\/\\\/dlvradio.es\\\/\",\"name\":\"DLVRADIO\",\"description\":\"Somos un medio de comunicaci\u00f3n alternativo a los medios tradicionales\",\"publisher\":{\"@id\":\"https:\\\/\\\/dlvradio.es\\\/#organization\"},\"potentialAction\":[{\"@type\":\"SearchAction\",\"target\":{\"@type\":\"EntryPoint\",\"urlTemplate\":\"https:\\\/\\\/dlvradio.es\\\/?s={search_term_string}\"},\"query-input\":{\"@type\":\"PropertyValueSpecification\",\"valueRequired\":true,\"valueName\":\"search_term_string\"}}],\"inLanguage\":\"en-US\"},{\"@type\":\"Organization\",\"@id\":\"https:\\\/\\\/dlvradio.es\\\/#organization\",\"name\":\"DLVRADIO\",\"url\":\"https:\\\/\\\/dlvradio.es\\\/\",\"logo\":{\"@type\":\"ImageObject\",\"inLanguage\":\"en-US\",\"@id\":\"https:\\\/\\\/dlvradio.es\\\/#\\\/schema\\\/logo\\\/image\\\/\",\"url\":\"\",\"contentUrl\":\"\",\"caption\":\"DLVRADIO\"},\"image\":{\"@id\":\"https:\\\/\\\/dlvradio.es\\\/#\\\/schema\\\/logo\\\/image\\\/\"},\"sameAs\":[\"https:\\\/\\\/www.facebook.com\\\/RadioDLVradio\\\/\",\"https:\\\/\\\/x.com\\\/RadioDlvradio\",\"https:\\\/\\\/www.instagram.com\\\/radiodlvradio\\\/\"]},{\"@type\":\"Person\",\"@id\":\"https:\\\/\\\/dlvradio.es\\\/#\\\/schema\\\/person\\\/6ee60897fbb7fb4ad6634c73f4be87fa\",\"name\":\"doominio\",\"sameAs\":[\"https:\\\/\\\/dlvradio.es\"]}]}<\/script>\n<!-- \/ Yoast SEO plugin. -->","yoast_head_json":{"title":"Comparecencia de Pedro S\u00e1nchez 22:40h. - DLVRADIO","description":"En la comparecencia de la noche el presidente del Gobierno ha explicado que a las 12:33h desapareci\u00f3 el 60% de la energ\u00eda que se estaba consumiendo en ese","robots":{"index":"index","follow":"follow","max-snippet":"max-snippet:-1","max-image-preview":"max-image-preview:large","max-video-preview":"max-video-preview:-1"},"canonical":"https:\/\/dlvradio.es\/en\/comparecencia-de-pedro-sanchez-2240h\/","og_locale":"en_US","og_type":"article","og_title":"Comparecencia de Pedro S\u00e1nchez 22:40h. - DLVRADIO","og_description":"En la comparecencia de la noche el presidente del Gobierno ha explicado que a las 12:33h desapareci\u00f3 el 60% de la energ\u00eda que se estaba consumiendo en ese","og_url":"https:\/\/dlvradio.es\/en\/comparecencia-de-pedro-sanchez-2240h\/","og_site_name":"DLVRADIO","article_publisher":"https:\/\/www.facebook.com\/RadioDLVradio\/","article_published_time":"2025-04-28T21:48:48+00:00","og_image":[{"width":1500,"height":1500,"url":"https:\/\/dlvradio.es\/wp-content\/uploads\/2025\/04\/DLVRADIO.ES-4-1.png","type":"image\/png"}],"author":"doominio","twitter_card":"summary_large_image","twitter_creator":"@RadioDlvradio","twitter_site":"@RadioDlvradio","schema":{"@context":"https:\/\/schema.org","@graph":[{"@type":"Article","@id":"https:\/\/dlvradio.es\/comparecencia-de-pedro-sanchez-2240h\/#article","isPartOf":{"@id":"https:\/\/dlvradio.es\/comparecencia-de-pedro-sanchez-2240h\/"},"author":{"name":"doominio","@id":"https:\/\/dlvradio.es\/#\/schema\/person\/6ee60897fbb7fb4ad6634c73f4be87fa"},"headline":"Comparecencia de Pedro S\u00e1nchez 22:40h.","datePublished":"2025-04-28T21:48:48+00:00","mainEntityOfPage":{"@id":"https:\/\/dlvradio.es\/comparecencia-de-pedro-sanchez-2240h\/"},"wordCount":70,"publisher":{"@id":"https:\/\/dlvradio.es\/#organization"},"image":{"@id":"https:\/\/dlvradio.es\/comparecencia-de-pedro-sanchez-2240h\/#primaryimage"},"thumbnailUrl":"https:\/\/dlvradio.es\/wp-content\/uploads\/2025\/04\/DLVRADIO.ES-4-1.png","keywords":["Espa\u00f1a","sucesos","tecnolog\u00eda"],"articleSection":["Informativos"],"inLanguage":"en-US"},{"@type":"WebPage","@id":"https:\/\/dlvradio.es\/comparecencia-de-pedro-sanchez-2240h\/","url":"https:\/\/dlvradio.es\/comparecencia-de-pedro-sanchez-2240h\/","name":"Comparecencia de Pedro S\u00e1nchez 22:40h. - DLVRADIO","isPartOf":{"@id":"https:\/\/dlvradio.es\/#website"},"primaryImageOfPage":{"@id":"https:\/\/dlvradio.es\/comparecencia-de-pedro-sanchez-2240h\/#primaryimage"},"image":{"@id":"https:\/\/dlvradio.es\/comparecencia-de-pedro-sanchez-2240h\/#primaryimage"},"thumbnailUrl":"https:\/\/dlvradio.es\/wp-content\/uploads\/2025\/04\/DLVRADIO.ES-4-1.png","datePublished":"2025-04-28T21:48:48+00:00","description":"En la comparecencia de la noche el presidente del Gobierno ha explicado que a las 12:33h desapareci\u00f3 el 60% de la energ\u00eda que se estaba consumiendo en ese","breadcrumb":{"@id":"https:\/\/dlvradio.es\/comparecencia-de-pedro-sanchez-2240h\/#breadcrumb"},"inLanguage":"en-US","potentialAction":[{"@type":"ReadAction","target":["https:\/\/dlvradio.es\/comparecencia-de-pedro-sanchez-2240h\/"]}]},{"@type":"ImageObject","inLanguage":"en-US","@id":"https:\/\/dlvradio.es\/comparecencia-de-pedro-sanchez-2240h\/#primaryimage","url":"https:\/\/dlvradio.es\/wp-content\/uploads\/2025\/04\/DLVRADIO.ES-4-1.png","contentUrl":"https:\/\/dlvradio.es\/wp-content\/uploads\/2025\/04\/DLVRADIO.ES-4-1.png","width":1500,"height":1500,"caption":"Comparecencia de Pedro S\u00e1nchez 22:40h."},{"@type":"BreadcrumbList","@id":"https:\/\/dlvradio.es\/comparecencia-de-pedro-sanchez-2240h\/#breadcrumb","itemListElement":[{"@type":"ListItem","position":1,"name":"Inicio","item":"https:\/\/dlvradio.es\/"},{"@type":"ListItem","position":2,"name":"Comparecencia de Pedro S\u00e1nchez 22:40h."}]},{"@type":"WebSite","@id":"https:\/\/dlvradio.es\/#website","url":"https:\/\/dlvradio.es\/","name":"DLVRADIO","description":"We are an alternative media to traditional media","publisher":{"@id":"https:\/\/dlvradio.es\/#organization"},"potentialAction":[{"@type":"SearchAction","target":{"@type":"EntryPoint","urlTemplate":"https:\/\/dlvradio.es\/?s={search_term_string}"},"query-input":{"@type":"PropertyValueSpecification","valueRequired":true,"valueName":"search_term_string"}}],"inLanguage":"en-US"},{"@type":"Organization","@id":"https:\/\/dlvradio.es\/#organization","name":"DLVRADIO","url":"https:\/\/dlvradio.es\/","logo":{"@type":"ImageObject","inLanguage":"en-US","@id":"https:\/\/dlvradio.es\/#\/schema\/logo\/image\/","url":"","contentUrl":"","caption":"DLVRADIO"},"image":{"@id":"https:\/\/dlvradio.es\/#\/schema\/logo\/image\/"},"sameAs":["https:\/\/www.facebook.com\/RadioDLVradio\/","https:\/\/x.com\/RadioDlvradio","https:\/\/www.instagram.com\/radiodlvradio\/"]},{"@type":"Person","@id":"https:\/\/dlvradio.es\/#\/schema\/person\/6ee60897fbb7fb4ad6634c73f4be87fa","name":"doominio","sameAs":["https:\/\/dlvradio.es"]}]}},"_links":{"self":[{"href":"https:\/\/dlvradio.es\/en\/wp-json\/wp\/v2\/posts\/77153","targetHints":{"allow":["GET"]}}],"collection":[{"href":"https:\/\/dlvradio.es\/en\/wp-json\/wp\/v2\/posts"}],"about":[{"href":"https:\/\/dlvradio.es\/en\/wp-json\/wp\/v2\/types\/post"}],"author":[{"embeddable":true,"href":"https:\/\/dlvradio.es\/en\/wp-json\/wp\/v2\/users\/1"}],"replies":[{"embeddable":true,"href":"https:\/\/dlvradio.es\/en\/wp-json\/wp\/v2\/comments?post=77153"}],"version-history":[{"count":1,"href":"https:\/\/dlvradio.es\/en\/wp-json\/wp\/v2\/posts\/77153\/revisions"}],"predecessor-version":[{"id":77156,"href":"https:\/\/dlvradio.es\/en\/wp-json\/wp\/v2\/posts\/77153\/revisions\/77156"}],"wp:featuredmedia":[{"embeddable":true,"href":"https:\/\/dlvradio.es\/en\/wp-json\/wp\/v2\/media\/77155"}],"wp:attachment":[{"href":"https:\/\/dlvradio.es\/en\/wp-json\/wp\/v2\/media?parent=77153"}],"wp:term":[{"taxonomy":"category","embeddable":true,"href":"https:\/\/dlvradio.es\/en\/wp-json\/wp\/v2\/categories?post=77153"},{"taxonomy":"post_tag","embeddable":true,"href":"https:\/\/dlvradio.es\/en\/wp-json\/wp\/v2\/tags?post=77153"}],"curies":[{"name":"wp","href":"https:\/\/api.w.org\/{rel}","templated":true}]}}