{"id":77201,"date":"2025-05-05T20:36:38","date_gmt":"2025-05-05T18:36:38","guid":{"rendered":"https:\/\/dlvradio.es\/?p=77201"},"modified":"2025-05-05T20:37:03","modified_gmt":"2025-05-05T18:37:03","slug":"denunciada-una-empresa-de-desguace-de-vehiculos-de-taradell-por-verter-reiteradamente-residuos-en-el-rio-gurri-a-su-paso-por-vic","status":"publish","type":"post","link":"https:\/\/dlvradio.es\/en\/denunciada-una-empresa-de-desguace-de-vehiculos-de-taradell-por-verter-reiteradamente-residuos-en-el-rio-gurri-a-su-paso-por-vic\/","title":{"rendered":"Denunciada una empresa de desguace de veh\u00edculos de Taradell por verter reiteradamente residuos en el r\u00edo Gurri a su paso por Vic"},"content":{"rendered":"<p>Operaci\u00f3n conjunta en Osona<\/p>\n<h3>Denunciada una empresa de desguace de veh\u00edculos de Taradell por verter reiteradamente residuos en el r\u00edo Gurri a su paso por Vic<\/h3>\n<ul>\n<li><em>La investigaci\u00f3n culmin\u00f3 con un operativo conjunto con Agentes Rurales e Inspecci\u00f3n de Trabajo<\/em><\/li>\n<\/ul>\n<ul>\n<li><em>La empresa de Taradell hab\u00eda realizado hasta cinco vertidos al r\u00edo con un total de 250 neum\u00e1ticos<\/em><\/li>\n<\/ul>\n<ul>\n<li><em>Los Agentes Rurales tambi\u00e9n han denunciado a un individuo como responsable directo de haber realizado varios vertidos con su furgoneta<\/em><\/li>\n<\/ul>\n<p>Policia Nacional en un operativo conjunto con los Agentes Rurales y la Inspecci\u00f3n de Trabajo, han denunciado a una empresa de desguace de veh\u00edculos de Taradell (Osona) por la incorrecta gesti\u00f3n de residuos de automoci\u00f3n, especialmente, de neum\u00e1ticos fuera de uso.<\/p>\n<p>El operativo se ha realizado en el marco de la investigaci\u00f3n policial de los Agentes Rurales para encontrar a las personas responsables de unos vertidos recurrentes de residuos en el r\u00edo Gurri, a su paso por el t\u00e9rmino municipio de Vic (Osona).<\/p>\n<p>La empresa, a trav\u00e9s de un trabajador, hab\u00eda realizado hasta cinco vertidos en los que hab\u00eda arrojado al r\u00edo hasta 250 neum\u00e1ticos.<\/p>\n<p>Los Agentes Rurales, por su parte, tambi\u00e9n han denunciado a un individuo contratado por esta empresa como responsable directo de realizar estos vertidos con su furgoneta, as\u00ed como por no disponer de la autorizaci\u00f3n como transportista de residuos de la Agencia de Residuos de Catalu\u00f1a, entre otras irregularidades.<\/p>\n<p>Esta persona hab\u00eda realizado un sexto vertido en el mismo sitio del r\u00edo con residuos procedentes de otra compa\u00f1\u00eda, un taller de plancha y pintura de Calldetenes (Osona), que tambi\u00e9n ha sido denunciado.<\/p>\n<p>Los efectivos de Agents Rurals tambi\u00e9n han realizado la inspecci\u00f3n en las instalaciones del centro de recuperaci\u00f3n de veh\u00edculos fuera de uso para comprobar las autorizaciones para desarrollar la actividad profesional y la gesti\u00f3n medioambiental de los residuos.<\/p>\n<p>Por parte de Polic\u00eda Nacional se ha realizado \u00a0la seguridad del operativo, realizando las comprobaciones sobre las personas trabajadoras de la empresa, deteniendo a una de ellas ya que se encontraba en situaci\u00f3n irregular. As\u00ed mismo, inspecci\u00f3n de trabajo ha denunciado irregularidades contractuales del personal de la empresa.<\/p>\n<p>Los agentes rurales en los \u00faltimos a\u00f1os han constatado el aumento de talleres mec\u00e1nicos ilegales que no acreditan ninguna gesti\u00f3n de los residuos que generan y \u00e9stos pueden acabar vertidos en el medio natural.<\/p>\n<p>Seg\u00fan la Ley 7\/2022, de 8 de abril de residuos y suelos contaminantes de Catalu\u00f1a, las sanciones por vertido de residuos sin autorizaci\u00f3n pueden tener un importe econ\u00f3mico significativo, en funci\u00f3n de la gravedad de la infracci\u00f3n. Son infracciones muy graves el vertido de residuos sin autorizaci\u00f3n cuando se pone en peligro la salud de las personas o se produce un grave da\u00f1o o riesgo para el medio ambiente. Estos hechos pueden suponer multas entre 100.001\u20ac y 3.500.000\u20ac.<\/p>\n<p>Hay muchos factores que influyen en la cuant\u00eda de la sanci\u00f3n, como pueden ser la gravedad del riesgo o da\u00f1o ambiental causado, el beneficio econ\u00f3mico obtenido por el infractor, la reincidencia y la colaboraci\u00f3n en la investigaci\u00f3n. Adem\u00e1s, la ley permite la inhabilitaci\u00f3n temporal para obtener subvenciones o concesiones p\u00fablicas y pueden aplicarse sanciones accesorias, como la clausura temporal de las instalaciones.<\/p>","protected":false},"excerpt":{"rendered":"<p>Operaci\u00f3n conjunta en Osona Denunciada una empresa de desguace de veh\u00edculos de Taradell por verter reiteradamente residuos en el r\u00edo Gurri a su paso por Vic La investigaci\u00f3n culmin\u00f3 con un operativo conjunto con Agentes Rurales e Inspecci\u00f3n de Trabajo La empresa de Taradell hab\u00eda realizado hasta cinco vertidos al r\u00edo con un total de [&hellip;]<\/p>\n","protected":false},"author":1,"featured_media":77202,"comment_status":"closed","ping_status":"closed","sticky":false,"template":"","format":"standard","meta":{"_acf_changed":false,"footnotes":""},"categories":[2711,2772],"tags":[2478,2773,2613],"class_list":["post-77201","post","type-post","status-publish","format-standard","has-post-thumbnail","hentry","category-emergencia-climatica","category-sucesos","tag-ecologia","tag-politica","tag-sucesos"],"acf":[],"yoast_head":"<!-- This site is optimized with the Yoast SEO plugin v27.4 - https:\/\/yoast.com\/product\/yoast-seo-wordpress\/ -->\n<title>Denunciada una empresa de desguace de veh\u00edculos de Taradell por verter reiteradamente residuos en el r\u00edo Gurri a su paso por Vic - DLVRADIO<\/title>\n<meta name=\"description\" content=\"Operaci\u00f3n conjunta en Osona Denunciada una empresa de desguace de veh\u00edculos de Taradell por verter reiteradamente residuos en el r\u00edo Gurri a su paso por\" \/>\n<meta name=\"robots\" content=\"index, follow, max-snippet:-1, max-image-preview:large, max-video-preview:-1\" \/>\n<link rel=\"canonical\" href=\"https:\/\/dlvradio.es\/en\/denunciada-una-empresa-de-desguace-de-vehiculos-de-taradell-por-verter-reiteradamente-residuos-en-el-rio-gurri-a-su-paso-por-vic\/\" \/>\n<meta property=\"og:locale\" content=\"en_US\" \/>\n<meta property=\"og:type\" content=\"article\" \/>\n<meta property=\"og:title\" content=\"Denunciada una empresa de desguace de veh\u00edculos de Taradell por verter reiteradamente residuos en el r\u00edo Gurri a su paso por Vic - DLVRADIO\" \/>\n<meta property=\"og:description\" content=\"Operaci\u00f3n conjunta en Osona Denunciada una empresa de desguace de veh\u00edculos de Taradell por verter reiteradamente residuos en el r\u00edo Gurri a su paso por\" \/>\n<meta property=\"og:url\" content=\"https:\/\/dlvradio.es\/en\/denunciada-una-empresa-de-desguace-de-vehiculos-de-taradell-por-verter-reiteradamente-residuos-en-el-rio-gurri-a-su-paso-por-vic\/\" \/>\n<meta property=\"og:site_name\" content=\"DLVRADIO\" \/>\n<meta property=\"article:publisher\" content=\"https:\/\/www.facebook.com\/RadioDLVradio\/\" \/>\n<meta property=\"article:published_time\" content=\"2025-05-05T18:36:38+00:00\" \/>\n<meta property=\"article:modified_time\" content=\"2025-05-05T18:37:03+00:00\" \/>\n<meta property=\"og:image\" content=\"https:\/\/dlvradio.es\/wp-content\/uploads\/2025\/05\/FOTO-1.jpg\" \/>\n\t<meta property=\"og:image:width\" content=\"1280\" \/>\n\t<meta property=\"og:image:height\" content=\"758\" \/>\n\t<meta property=\"og:image:type\" content=\"image\/jpeg\" \/>\n<meta name=\"author\" content=\"doominio\" \/>\n<meta name=\"twitter:card\" content=\"summary_large_image\" \/>\n<meta name=\"twitter:creator\" content=\"@RadioDlvradio\" \/>\n<meta name=\"twitter:site\" content=\"@RadioDlvradio\" \/>\n<script type=\"application\/ld+json\" class=\"yoast-schema-graph\">{\"@context\":\"https:\\\/\\\/schema.org\",\"@graph\":[{\"@type\":\"Article\",\"@id\":\"https:\\\/\\\/dlvradio.es\\\/denunciada-una-empresa-de-desguace-de-vehiculos-de-taradell-por-verter-reiteradamente-residuos-en-el-rio-gurri-a-su-paso-por-vic\\\/#article\",\"isPartOf\":{\"@id\":\"https:\\\/\\\/dlvradio.es\\\/denunciada-una-empresa-de-desguace-de-vehiculos-de-taradell-por-verter-reiteradamente-residuos-en-el-rio-gurri-a-su-paso-por-vic\\\/\"},\"author\":{\"name\":\"doominio\",\"@id\":\"https:\\\/\\\/dlvradio.es\\\/#\\\/schema\\\/person\\\/6ee60897fbb7fb4ad6634c73f4be87fa\"},\"headline\":\"Denunciada una empresa de desguace de veh\u00edculos de Taradell por verter reiteradamente residuos en el r\u00edo Gurri a su paso por Vic\",\"datePublished\":\"2025-05-05T18:36:38+00:00\",\"dateModified\":\"2025-05-05T18:37:03+00:00\",\"mainEntityOfPage\":{\"@id\":\"https:\\\/\\\/dlvradio.es\\\/denunciada-una-empresa-de-desguace-de-vehiculos-de-taradell-por-verter-reiteradamente-residuos-en-el-rio-gurri-a-su-paso-por-vic\\\/\"},\"wordCount\":598,\"publisher\":{\"@id\":\"https:\\\/\\\/dlvradio.es\\\/#organization\"},\"image\":{\"@id\":\"https:\\\/\\\/dlvradio.es\\\/denunciada-una-empresa-de-desguace-de-vehiculos-de-taradell-por-verter-reiteradamente-residuos-en-el-rio-gurri-a-su-paso-por-vic\\\/#primaryimage\"},\"thumbnailUrl\":\"https:\\\/\\\/dlvradio.es\\\/wp-content\\\/uploads\\\/2025\\\/05\\\/FOTO-1.jpg\",\"keywords\":[\"ecolog\u00eda\",\"pol\u00edtica\",\"sucesos\"],\"articleSection\":[\"Emergencia clim\u00e1tica\",\"Sucesos\"],\"inLanguage\":\"en-US\"},{\"@type\":\"WebPage\",\"@id\":\"https:\\\/\\\/dlvradio.es\\\/denunciada-una-empresa-de-desguace-de-vehiculos-de-taradell-por-verter-reiteradamente-residuos-en-el-rio-gurri-a-su-paso-por-vic\\\/\",\"url\":\"https:\\\/\\\/dlvradio.es\\\/denunciada-una-empresa-de-desguace-de-vehiculos-de-taradell-por-verter-reiteradamente-residuos-en-el-rio-gurri-a-su-paso-por-vic\\\/\",\"name\":\"Denunciada una empresa de desguace de veh\u00edculos de Taradell por verter reiteradamente residuos en el r\u00edo Gurri a su paso por Vic - DLVRADIO\",\"isPartOf\":{\"@id\":\"https:\\\/\\\/dlvradio.es\\\/#website\"},\"primaryImageOfPage\":{\"@id\":\"https:\\\/\\\/dlvradio.es\\\/denunciada-una-empresa-de-desguace-de-vehiculos-de-taradell-por-verter-reiteradamente-residuos-en-el-rio-gurri-a-su-paso-por-vic\\\/#primaryimage\"},\"image\":{\"@id\":\"https:\\\/\\\/dlvradio.es\\\/denunciada-una-empresa-de-desguace-de-vehiculos-de-taradell-por-verter-reiteradamente-residuos-en-el-rio-gurri-a-su-paso-por-vic\\\/#primaryimage\"},\"thumbnailUrl\":\"https:\\\/\\\/dlvradio.es\\\/wp-content\\\/uploads\\\/2025\\\/05\\\/FOTO-1.jpg\",\"datePublished\":\"2025-05-05T18:36:38+00:00\",\"dateModified\":\"2025-05-05T18:37:03+00:00\",\"description\":\"Operaci\u00f3n conjunta en Osona Denunciada una empresa de desguace de veh\u00edculos de Taradell por verter reiteradamente residuos en el r\u00edo Gurri a su paso por\",\"breadcrumb\":{\"@id\":\"https:\\\/\\\/dlvradio.es\\\/denunciada-una-empresa-de-desguace-de-vehiculos-de-taradell-por-verter-reiteradamente-residuos-en-el-rio-gurri-a-su-paso-por-vic\\\/#breadcrumb\"},\"inLanguage\":\"en-US\",\"potentialAction\":[{\"@type\":\"ReadAction\",\"target\":[\"https:\\\/\\\/dlvradio.es\\\/denunciada-una-empresa-de-desguace-de-vehiculos-de-taradell-por-verter-reiteradamente-residuos-en-el-rio-gurri-a-su-paso-por-vic\\\/\"]}]},{\"@type\":\"ImageObject\",\"inLanguage\":\"en-US\",\"@id\":\"https:\\\/\\\/dlvradio.es\\\/denunciada-una-empresa-de-desguace-de-vehiculos-de-taradell-por-verter-reiteradamente-residuos-en-el-rio-gurri-a-su-paso-por-vic\\\/#primaryimage\",\"url\":\"https:\\\/\\\/dlvradio.es\\\/wp-content\\\/uploads\\\/2025\\\/05\\\/FOTO-1.jpg\",\"contentUrl\":\"https:\\\/\\\/dlvradio.es\\\/wp-content\\\/uploads\\\/2025\\\/05\\\/FOTO-1.jpg\",\"width\":1280,\"height\":758,\"caption\":\"Borrador autom\u00e1tico\"},{\"@type\":\"BreadcrumbList\",\"@id\":\"https:\\\/\\\/dlvradio.es\\\/denunciada-una-empresa-de-desguace-de-vehiculos-de-taradell-por-verter-reiteradamente-residuos-en-el-rio-gurri-a-su-paso-por-vic\\\/#breadcrumb\",\"itemListElement\":[{\"@type\":\"ListItem\",\"position\":1,\"name\":\"Inicio\",\"item\":\"https:\\\/\\\/dlvradio.es\\\/\"},{\"@type\":\"ListItem\",\"position\":2,\"name\":\"Denunciada una empresa de desguace de veh\u00edculos de Taradell por verter reiteradamente residuos en el r\u00edo Gurri a su paso por Vic\"}]},{\"@type\":\"WebSite\",\"@id\":\"https:\\\/\\\/dlvradio.es\\\/#website\",\"url\":\"https:\\\/\\\/dlvradio.es\\\/\",\"name\":\"DLVRADIO\",\"description\":\"Somos un medio de comunicaci\u00f3n alternativo a los medios tradicionales\",\"publisher\":{\"@id\":\"https:\\\/\\\/dlvradio.es\\\/#organization\"},\"potentialAction\":[{\"@type\":\"SearchAction\",\"target\":{\"@type\":\"EntryPoint\",\"urlTemplate\":\"https:\\\/\\\/dlvradio.es\\\/?s={search_term_string}\"},\"query-input\":{\"@type\":\"PropertyValueSpecification\",\"valueRequired\":true,\"valueName\":\"search_term_string\"}}],\"inLanguage\":\"en-US\"},{\"@type\":\"Organization\",\"@id\":\"https:\\\/\\\/dlvradio.es\\\/#organization\",\"name\":\"DLVRADIO\",\"url\":\"https:\\\/\\\/dlvradio.es\\\/\",\"logo\":{\"@type\":\"ImageObject\",\"inLanguage\":\"en-US\",\"@id\":\"https:\\\/\\\/dlvradio.es\\\/#\\\/schema\\\/logo\\\/image\\\/\",\"url\":\"\",\"contentUrl\":\"\",\"caption\":\"DLVRADIO\"},\"image\":{\"@id\":\"https:\\\/\\\/dlvradio.es\\\/#\\\/schema\\\/logo\\\/image\\\/\"},\"sameAs\":[\"https:\\\/\\\/www.facebook.com\\\/RadioDLVradio\\\/\",\"https:\\\/\\\/x.com\\\/RadioDlvradio\",\"https:\\\/\\\/www.instagram.com\\\/radiodlvradio\\\/\"]},{\"@type\":\"Person\",\"@id\":\"https:\\\/\\\/dlvradio.es\\\/#\\\/schema\\\/person\\\/6ee60897fbb7fb4ad6634c73f4be87fa\",\"name\":\"doominio\",\"sameAs\":[\"https:\\\/\\\/dlvradio.es\"]}]}<\/script>\n<!-- \/ Yoast SEO plugin. -->","yoast_head_json":{"title":"Denunciada una empresa de desguace de veh\u00edculos de Taradell por verter reiteradamente residuos en el r\u00edo Gurri a su paso por Vic - DLVRADIO","description":"Operaci\u00f3n conjunta en Osona Denunciada una empresa de desguace de veh\u00edculos de Taradell por verter reiteradamente residuos en el r\u00edo Gurri a su paso por","robots":{"index":"index","follow":"follow","max-snippet":"max-snippet:-1","max-image-preview":"max-image-preview:large","max-video-preview":"max-video-preview:-1"},"canonical":"https:\/\/dlvradio.es\/en\/denunciada-una-empresa-de-desguace-de-vehiculos-de-taradell-por-verter-reiteradamente-residuos-en-el-rio-gurri-a-su-paso-por-vic\/","og_locale":"en_US","og_type":"article","og_title":"Denunciada una empresa de desguace de veh\u00edculos de Taradell por verter reiteradamente residuos en el r\u00edo Gurri a su paso por Vic - DLVRADIO","og_description":"Operaci\u00f3n conjunta en Osona Denunciada una empresa de desguace de veh\u00edculos de Taradell por verter reiteradamente residuos en el r\u00edo Gurri a su paso por","og_url":"https:\/\/dlvradio.es\/en\/denunciada-una-empresa-de-desguace-de-vehiculos-de-taradell-por-verter-reiteradamente-residuos-en-el-rio-gurri-a-su-paso-por-vic\/","og_site_name":"DLVRADIO","article_publisher":"https:\/\/www.facebook.com\/RadioDLVradio\/","article_published_time":"2025-05-05T18:36:38+00:00","article_modified_time":"2025-05-05T18:37:03+00:00","og_image":[{"width":1280,"height":758,"url":"https:\/\/dlvradio.es\/wp-content\/uploads\/2025\/05\/FOTO-1.jpg","type":"image\/jpeg"}],"author":"doominio","twitter_card":"summary_large_image","twitter_creator":"@RadioDlvradio","twitter_site":"@RadioDlvradio","schema":{"@context":"https:\/\/schema.org","@graph":[{"@type":"Article","@id":"https:\/\/dlvradio.es\/denunciada-una-empresa-de-desguace-de-vehiculos-de-taradell-por-verter-reiteradamente-residuos-en-el-rio-gurri-a-su-paso-por-vic\/#article","isPartOf":{"@id":"https:\/\/dlvradio.es\/denunciada-una-empresa-de-desguace-de-vehiculos-de-taradell-por-verter-reiteradamente-residuos-en-el-rio-gurri-a-su-paso-por-vic\/"},"author":{"name":"doominio","@id":"https:\/\/dlvradio.es\/#\/schema\/person\/6ee60897fbb7fb4ad6634c73f4be87fa"},"headline":"Denunciada una empresa de desguace de veh\u00edculos de Taradell por verter reiteradamente residuos en el r\u00edo Gurri a su paso por Vic","datePublished":"2025-05-05T18:36:38+00:00","dateModified":"2025-05-05T18:37:03+00:00","mainEntityOfPage":{"@id":"https:\/\/dlvradio.es\/denunciada-una-empresa-de-desguace-de-vehiculos-de-taradell-por-verter-reiteradamente-residuos-en-el-rio-gurri-a-su-paso-por-vic\/"},"wordCount":598,"publisher":{"@id":"https:\/\/dlvradio.es\/#organization"},"image":{"@id":"https:\/\/dlvradio.es\/denunciada-una-empresa-de-desguace-de-vehiculos-de-taradell-por-verter-reiteradamente-residuos-en-el-rio-gurri-a-su-paso-por-vic\/#primaryimage"},"thumbnailUrl":"https:\/\/dlvradio.es\/wp-content\/uploads\/2025\/05\/FOTO-1.jpg","keywords":["ecolog\u00eda","pol\u00edtica","sucesos"],"articleSection":["Emergencia clim\u00e1tica","Sucesos"],"inLanguage":"en-US"},{"@type":"WebPage","@id":"https:\/\/dlvradio.es\/denunciada-una-empresa-de-desguace-de-vehiculos-de-taradell-por-verter-reiteradamente-residuos-en-el-rio-gurri-a-su-paso-por-vic\/","url":"https:\/\/dlvradio.es\/denunciada-una-empresa-de-desguace-de-vehiculos-de-taradell-por-verter-reiteradamente-residuos-en-el-rio-gurri-a-su-paso-por-vic\/","name":"Denunciada una empresa de desguace de veh\u00edculos de Taradell por verter reiteradamente residuos en el r\u00edo Gurri a su paso por Vic - DLVRADIO","isPartOf":{"@id":"https:\/\/dlvradio.es\/#website"},"primaryImageOfPage":{"@id":"https:\/\/dlvradio.es\/denunciada-una-empresa-de-desguace-de-vehiculos-de-taradell-por-verter-reiteradamente-residuos-en-el-rio-gurri-a-su-paso-por-vic\/#primaryimage"},"image":{"@id":"https:\/\/dlvradio.es\/denunciada-una-empresa-de-desguace-de-vehiculos-de-taradell-por-verter-reiteradamente-residuos-en-el-rio-gurri-a-su-paso-por-vic\/#primaryimage"},"thumbnailUrl":"https:\/\/dlvradio.es\/wp-content\/uploads\/2025\/05\/FOTO-1.jpg","datePublished":"2025-05-05T18:36:38+00:00","dateModified":"2025-05-05T18:37:03+00:00","description":"Operaci\u00f3n conjunta en Osona Denunciada una empresa de desguace de veh\u00edculos de Taradell por verter reiteradamente residuos en el r\u00edo Gurri a su paso por","breadcrumb":{"@id":"https:\/\/dlvradio.es\/denunciada-una-empresa-de-desguace-de-vehiculos-de-taradell-por-verter-reiteradamente-residuos-en-el-rio-gurri-a-su-paso-por-vic\/#breadcrumb"},"inLanguage":"en-US","potentialAction":[{"@type":"ReadAction","target":["https:\/\/dlvradio.es\/denunciada-una-empresa-de-desguace-de-vehiculos-de-taradell-por-verter-reiteradamente-residuos-en-el-rio-gurri-a-su-paso-por-vic\/"]}]},{"@type":"ImageObject","inLanguage":"en-US","@id":"https:\/\/dlvradio.es\/denunciada-una-empresa-de-desguace-de-vehiculos-de-taradell-por-verter-reiteradamente-residuos-en-el-rio-gurri-a-su-paso-por-vic\/#primaryimage","url":"https:\/\/dlvradio.es\/wp-content\/uploads\/2025\/05\/FOTO-1.jpg","contentUrl":"https:\/\/dlvradio.es\/wp-content\/uploads\/2025\/05\/FOTO-1.jpg","width":1280,"height":758,"caption":"Borrador autom\u00e1tico"},{"@type":"BreadcrumbList","@id":"https:\/\/dlvradio.es\/denunciada-una-empresa-de-desguace-de-vehiculos-de-taradell-por-verter-reiteradamente-residuos-en-el-rio-gurri-a-su-paso-por-vic\/#breadcrumb","itemListElement":[{"@type":"ListItem","position":1,"name":"Inicio","item":"https:\/\/dlvradio.es\/"},{"@type":"ListItem","position":2,"name":"Denunciada una empresa de desguace de veh\u00edculos de Taradell por verter reiteradamente residuos en el r\u00edo Gurri a su paso por Vic"}]},{"@type":"WebSite","@id":"https:\/\/dlvradio.es\/#website","url":"https:\/\/dlvradio.es\/","name":"DLVRADIO","description":"We are an alternative media to traditional media","publisher":{"@id":"https:\/\/dlvradio.es\/#organization"},"potentialAction":[{"@type":"SearchAction","target":{"@type":"EntryPoint","urlTemplate":"https:\/\/dlvradio.es\/?s={search_term_string}"},"query-input":{"@type":"PropertyValueSpecification","valueRequired":true,"valueName":"search_term_string"}}],"inLanguage":"en-US"},{"@type":"Organization","@id":"https:\/\/dlvradio.es\/#organization","name":"DLVRADIO","url":"https:\/\/dlvradio.es\/","logo":{"@type":"ImageObject","inLanguage":"en-US","@id":"https:\/\/dlvradio.es\/#\/schema\/logo\/image\/","url":"","contentUrl":"","caption":"DLVRADIO"},"image":{"@id":"https:\/\/dlvradio.es\/#\/schema\/logo\/image\/"},"sameAs":["https:\/\/www.facebook.com\/RadioDLVradio\/","https:\/\/x.com\/RadioDlvradio","https:\/\/www.instagram.com\/radiodlvradio\/"]},{"@type":"Person","@id":"https:\/\/dlvradio.es\/#\/schema\/person\/6ee60897fbb7fb4ad6634c73f4be87fa","name":"doominio","sameAs":["https:\/\/dlvradio.es"]}]}},"_links":{"self":[{"href":"https:\/\/dlvradio.es\/en\/wp-json\/wp\/v2\/posts\/77201","targetHints":{"allow":["GET"]}}],"collection":[{"href":"https:\/\/dlvradio.es\/en\/wp-json\/wp\/v2\/posts"}],"about":[{"href":"https:\/\/dlvradio.es\/en\/wp-json\/wp\/v2\/types\/post"}],"author":[{"embeddable":true,"href":"https:\/\/dlvradio.es\/en\/wp-json\/wp\/v2\/users\/1"}],"replies":[{"embeddable":true,"href":"https:\/\/dlvradio.es\/en\/wp-json\/wp\/v2\/comments?post=77201"}],"version-history":[{"count":2,"href":"https:\/\/dlvradio.es\/en\/wp-json\/wp\/v2\/posts\/77201\/revisions"}],"predecessor-version":[{"id":77204,"href":"https:\/\/dlvradio.es\/en\/wp-json\/wp\/v2\/posts\/77201\/revisions\/77204"}],"wp:featuredmedia":[{"embeddable":true,"href":"https:\/\/dlvradio.es\/en\/wp-json\/wp\/v2\/media\/77202"}],"wp:attachment":[{"href":"https:\/\/dlvradio.es\/en\/wp-json\/wp\/v2\/media?parent=77201"}],"wp:term":[{"taxonomy":"category","embeddable":true,"href":"https:\/\/dlvradio.es\/en\/wp-json\/wp\/v2\/categories?post=77201"},{"taxonomy":"post_tag","embeddable":true,"href":"https:\/\/dlvradio.es\/en\/wp-json\/wp\/v2\/tags?post=77201"}],"curies":[{"name":"wp","href":"https:\/\/api.w.org\/{rel}","templated":true}]}}