{"id":77321,"date":"2025-05-28T08:29:35","date_gmt":"2025-05-28T06:29:35","guid":{"rendered":"https:\/\/dlvradio.es\/?p=77321"},"modified":"2025-05-27T20:42:23","modified_gmt":"2025-05-27T18:42:23","slug":"en-directo-a-las-0900h-sesion-plenaria-28-05-2025","status":"publish","type":"post","link":"https:\/\/dlvradio.es\/en\/en-directo-a-las-0900h-sesion-plenaria-28-05-2025\/","title":{"rendered":"En directo a las 09:00h. Sesi\u00f3n Plenaria &#8211; 28.05.2025"},"content":{"rendered":"<p>El Pleno se reanuda el mi\u00e9rcoles, a partir de las 9:00 horas, con la sesi\u00f3n de control al Gobierno, en la que se formulan las preguntas e interpelaciones a los miembros del Ejecutivo. Las sesiones de control en esta legislatura tendr\u00e1n como m\u00e1ximo 26 preguntas, de acuerdo con la Resoluci\u00f3n de la Presidencia de la C\u00e1mara que organiza dichas sesiones, reguladas en el art\u00edculo 188 del Reglamento.<\/p>\n<p>La distribuci\u00f3n de las preguntas incluidas en el orden del d\u00eda de cada sesi\u00f3n plenaria se ajusta al siguiente criterio: diez formuladas por diputados del Grupo Popular, siete formuladas por diputados del Grupo Socialista, dos formuladas por diputados del Grupo VOX, dos formuladas por diputados del Grupo Plurinacional SUMAR y una pregunta para cada uno de los grupos Republicano, Junts per Catalunya, Euskal Herria Bildu, Vasco (EAJ-PNV) y Mixto.<\/p>\n<p>Despu\u00e9s se debaten cinco interpelaciones urgentes. La primera, del Grupo Mixto (sr. Rego Candamil), relativa a las actuaciones necesarias y urgentes que precisa el transporte ferroviario en Galicia. La segunda, del mismo grupo (sra. Belarra Urteaga), relativa a la posici\u00f3n del Gobierno sobre la necesidad de destinar los fondos del plan de rearme a fortalecer la educaci\u00f3n p\u00fablica. La tercera, del Grupo Republicano, a la ministra de Vivienda y Agenda Urbana, sobre las medidas que se tiene previsto adoptar para hacer frente a la emergencia social derivada de la imposibilidad de acceder a una vivienda y del incremento descontrolado de la adquisici\u00f3n de inmuebles con fines especulativos. La siguiente, del Grupo VOX, a la vicepresidenta tercera del Gobierno y ministra para la Transici\u00f3n Ecol\u00f3gica y el Reto Demogr\u00e1fico, sobre c\u00f3mo va a recuperar el Gobierno una pol\u00edtica energ\u00e9tica que garantice el bienestar de los espa\u00f1oles. Y la \u00faltima, del Grupo Popular, a la vicepresidenta tercera del Gobierno y ministra para la Transici\u00f3n Ecol\u00f3gica y el Reto Demogr\u00e1fico para que informe de las hasta la fecha no aclaradas causas del mayor apag\u00f3n de la historia de Espa\u00f1a y de los compromisos que va a adquirir el Gobierno para que no vuelva a suceder.<\/p>\n<p><strong>Comisi\u00f3n de Investigaci\u00f3n<\/strong><\/p>\n<p>Finalizada la sesi\u00f3n de control, se debaten dos solicitudes de creaci\u00f3n de comisiones de investigaci\u00f3n. La primera, a petici\u00f3n del Grupo Popular, sobre la interrupci\u00f3n del suministro el\u00e9ctrico y de las comunicaciones el 28 de abril de 2025 que afect\u00f3 al territorio nacional, con el fin de analizar las causas del grave incidente, la eficacia de las medidas de prevenci\u00f3n que lo hubieran evitado, las graves consecuencias de la emergencia nacional y promover las medidas legales y de todo tipo que deban adoptarse para garantizar que en el futuro no vuelvan a producirse hechos similares.<\/p>\n<p>La segunda, a iniciativa de los grupos Socialista y Sumar, sobre los hechos, las causas, las responsabilidades y las ense\u00f1anzas a extraer acerca de la crisis de suministro el\u00e9ctrico que tuvo lugar el d\u00eda 28 de abril de 2025.<\/p>\n<p>Enmienda a la PNL del G. P. Popular<\/p>\n<p>Enmienda a la PNL del G. P. Socialista<\/p>\n<p>Moci\u00f3n G.P. VOX 100<\/p>\n<p>Moci\u00f3n G.P. VOX 101<\/p>\n<p>Moci\u00f3n G.P. Popular<\/p>\n<p>Enmienda Moci\u00f3n G.P. Popular<\/p>\n<p><iframe title=\"Sesi\u00f3n Plenaria (con traducci\u00f3n y subtitulado) - 28\/05\/2025\" width=\"800\" height=\"600\" src=\"https:\/\/www.youtube.com\/embed\/fURd-cali0U?feature=oembed\" frameborder=\"0\" allow=\"accelerometer; autoplay; clipboard-write; encrypted-media; gyroscope; picture-in-picture; web-share\" referrerpolicy=\"strict-origin-when-cross-origin\" allowfullscreen><\/iframe><\/p>\n<p>&nbsp;<\/p>","protected":false},"excerpt":{"rendered":"<p>El Pleno se reanuda el mi\u00e9rcoles, a partir de las 9:00 horas, con la sesi\u00f3n de control al Gobierno, en la que se formulan las preguntas e interpelaciones a los miembros del Ejecutivo. Las sesiones de control en esta legislatura tendr\u00e1n como m\u00e1ximo 26 preguntas, de acuerdo con la Resoluci\u00f3n de la Presidencia de la [&hellip;]<\/p>\n","protected":false},"author":1,"featured_media":73814,"comment_status":"closed","ping_status":"closed","sticky":false,"template":"","format":"standard","meta":{"_acf_changed":false,"footnotes":""},"categories":[2540],"tags":[2584,2773],"class_list":["post-77321","post","type-post","status-publish","format-standard","has-post-thumbnail","hentry","category-informacion-parlamentaria","tag-gobierno-espana","tag-politica"],"acf":[],"yoast_head":"<!-- This site is optimized with the Yoast SEO plugin v27.4 - https:\/\/yoast.com\/product\/yoast-seo-wordpress\/ -->\n<title>En directo a las 09:00h. Sesi\u00f3n Plenaria - 28.05.2025 - DLVRADIO<\/title>\n<meta name=\"description\" content=\"El Pleno se reanuda el mi\u00e9rcoles, a partir de las 9:00 horas, con la sesi\u00f3n de control al Gobierno, en la que se formulan las preguntas e interpelaciones\" \/>\n<meta name=\"robots\" content=\"index, follow, max-snippet:-1, max-image-preview:large, max-video-preview:-1\" \/>\n<link rel=\"canonical\" href=\"https:\/\/dlvradio.es\/en\/en-directo-a-las-0900h-sesion-plenaria-28-05-2025\/\" \/>\n<meta property=\"og:locale\" content=\"en_US\" \/>\n<meta property=\"og:type\" content=\"article\" \/>\n<meta property=\"og:title\" content=\"En directo a las 09:00h. Sesi\u00f3n Plenaria - 28.05.2025 - DLVRADIO\" \/>\n<meta property=\"og:description\" content=\"El Pleno se reanuda el mi\u00e9rcoles, a partir de las 9:00 horas, con la sesi\u00f3n de control al Gobierno, en la que se formulan las preguntas e interpelaciones\" \/>\n<meta property=\"og:url\" content=\"https:\/\/dlvradio.es\/en\/en-directo-a-las-0900h-sesion-plenaria-28-05-2025\/\" \/>\n<meta property=\"og:site_name\" content=\"DLVRADIO\" \/>\n<meta property=\"article:publisher\" content=\"https:\/\/www.facebook.com\/RadioDLVradio\/\" \/>\n<meta property=\"article:published_time\" content=\"2025-05-28T06:29:35+00:00\" \/>\n<meta property=\"og:image\" content=\"https:\/\/dlvradio.es\/wp-content\/uploads\/2024\/08\/Parlamento-DLVRADIO-1024x1024.png\" \/>\n\t<meta property=\"og:image:width\" content=\"1024\" \/>\n\t<meta property=\"og:image:height\" content=\"1024\" \/>\n\t<meta property=\"og:image:type\" content=\"image\/png\" \/>\n<meta name=\"author\" content=\"doominio\" \/>\n<meta name=\"twitter:card\" content=\"summary_large_image\" \/>\n<meta name=\"twitter:creator\" content=\"@RadioDlvradio\" \/>\n<meta name=\"twitter:site\" content=\"@RadioDlvradio\" \/>\n<script type=\"application\/ld+json\" class=\"yoast-schema-graph\">{\"@context\":\"https:\\\/\\\/schema.org\",\"@graph\":[{\"@type\":\"Article\",\"@id\":\"https:\\\/\\\/dlvradio.es\\\/en-directo-a-las-0900h-sesion-plenaria-28-05-2025\\\/#article\",\"isPartOf\":{\"@id\":\"https:\\\/\\\/dlvradio.es\\\/en-directo-a-las-0900h-sesion-plenaria-28-05-2025\\\/\"},\"author\":{\"name\":\"doominio\",\"@id\":\"https:\\\/\\\/dlvradio.es\\\/#\\\/schema\\\/person\\\/6ee60897fbb7fb4ad6634c73f4be87fa\"},\"headline\":\"En directo a las 09:00h. Sesi\u00f3n Plenaria &#8211; 28.05.2025\",\"datePublished\":\"2025-05-28T06:29:35+00:00\",\"mainEntityOfPage\":{\"@id\":\"https:\\\/\\\/dlvradio.es\\\/en-directo-a-las-0900h-sesion-plenaria-28-05-2025\\\/\"},\"wordCount\":564,\"publisher\":{\"@id\":\"https:\\\/\\\/dlvradio.es\\\/#organization\"},\"image\":{\"@id\":\"https:\\\/\\\/dlvradio.es\\\/en-directo-a-las-0900h-sesion-plenaria-28-05-2025\\\/#primaryimage\"},\"thumbnailUrl\":\"https:\\\/\\\/dlvradio.es\\\/wp-content\\\/uploads\\\/2024\\\/08\\\/Parlamento-DLVRADIO.png\",\"keywords\":[\"gobierno espa\u00f1a\",\"pol\u00edtica\"],\"articleSection\":[\"Informaci\u00f3n parlamentaria\"],\"inLanguage\":\"en-US\"},{\"@type\":\"WebPage\",\"@id\":\"https:\\\/\\\/dlvradio.es\\\/en-directo-a-las-0900h-sesion-plenaria-28-05-2025\\\/\",\"url\":\"https:\\\/\\\/dlvradio.es\\\/en-directo-a-las-0900h-sesion-plenaria-28-05-2025\\\/\",\"name\":\"En directo a las 09:00h. Sesi\u00f3n Plenaria - 28.05.2025 - DLVRADIO\",\"isPartOf\":{\"@id\":\"https:\\\/\\\/dlvradio.es\\\/#website\"},\"primaryImageOfPage\":{\"@id\":\"https:\\\/\\\/dlvradio.es\\\/en-directo-a-las-0900h-sesion-plenaria-28-05-2025\\\/#primaryimage\"},\"image\":{\"@id\":\"https:\\\/\\\/dlvradio.es\\\/en-directo-a-las-0900h-sesion-plenaria-28-05-2025\\\/#primaryimage\"},\"thumbnailUrl\":\"https:\\\/\\\/dlvradio.es\\\/wp-content\\\/uploads\\\/2024\\\/08\\\/Parlamento-DLVRADIO.png\",\"datePublished\":\"2025-05-28T06:29:35+00:00\",\"description\":\"El Pleno se reanuda el mi\u00e9rcoles, a partir de las 9:00 horas, con la sesi\u00f3n de control al Gobierno, en la que se formulan las preguntas e interpelaciones\",\"breadcrumb\":{\"@id\":\"https:\\\/\\\/dlvradio.es\\\/en-directo-a-las-0900h-sesion-plenaria-28-05-2025\\\/#breadcrumb\"},\"inLanguage\":\"en-US\",\"potentialAction\":[{\"@type\":\"ReadAction\",\"target\":[\"https:\\\/\\\/dlvradio.es\\\/en-directo-a-las-0900h-sesion-plenaria-28-05-2025\\\/\"]}]},{\"@type\":\"ImageObject\",\"inLanguage\":\"en-US\",\"@id\":\"https:\\\/\\\/dlvradio.es\\\/en-directo-a-las-0900h-sesion-plenaria-28-05-2025\\\/#primaryimage\",\"url\":\"https:\\\/\\\/dlvradio.es\\\/wp-content\\\/uploads\\\/2024\\\/08\\\/Parlamento-DLVRADIO.png\",\"contentUrl\":\"https:\\\/\\\/dlvradio.es\\\/wp-content\\\/uploads\\\/2024\\\/08\\\/Parlamento-DLVRADIO.png\",\"width\":1500,\"height\":1500,\"caption\":\"Comisi\u00f3n de Transportes y Movilidad Sostenible - 29.08.2024\"},{\"@type\":\"BreadcrumbList\",\"@id\":\"https:\\\/\\\/dlvradio.es\\\/en-directo-a-las-0900h-sesion-plenaria-28-05-2025\\\/#breadcrumb\",\"itemListElement\":[{\"@type\":\"ListItem\",\"position\":1,\"name\":\"Inicio\",\"item\":\"https:\\\/\\\/dlvradio.es\\\/\"},{\"@type\":\"ListItem\",\"position\":2,\"name\":\"En directo a las 09:00h. Sesi\u00f3n Plenaria &#8211; 28.05.2025\"}]},{\"@type\":\"WebSite\",\"@id\":\"https:\\\/\\\/dlvradio.es\\\/#website\",\"url\":\"https:\\\/\\\/dlvradio.es\\\/\",\"name\":\"DLVRADIO\",\"description\":\"Somos un medio de comunicaci\u00f3n alternativo a los medios tradicionales\",\"publisher\":{\"@id\":\"https:\\\/\\\/dlvradio.es\\\/#organization\"},\"potentialAction\":[{\"@type\":\"SearchAction\",\"target\":{\"@type\":\"EntryPoint\",\"urlTemplate\":\"https:\\\/\\\/dlvradio.es\\\/?s={search_term_string}\"},\"query-input\":{\"@type\":\"PropertyValueSpecification\",\"valueRequired\":true,\"valueName\":\"search_term_string\"}}],\"inLanguage\":\"en-US\"},{\"@type\":\"Organization\",\"@id\":\"https:\\\/\\\/dlvradio.es\\\/#organization\",\"name\":\"DLVRADIO\",\"url\":\"https:\\\/\\\/dlvradio.es\\\/\",\"logo\":{\"@type\":\"ImageObject\",\"inLanguage\":\"en-US\",\"@id\":\"https:\\\/\\\/dlvradio.es\\\/#\\\/schema\\\/logo\\\/image\\\/\",\"url\":\"\",\"contentUrl\":\"\",\"caption\":\"DLVRADIO\"},\"image\":{\"@id\":\"https:\\\/\\\/dlvradio.es\\\/#\\\/schema\\\/logo\\\/image\\\/\"},\"sameAs\":[\"https:\\\/\\\/www.facebook.com\\\/RadioDLVradio\\\/\",\"https:\\\/\\\/x.com\\\/RadioDlvradio\",\"https:\\\/\\\/www.instagram.com\\\/radiodlvradio\\\/\"]},{\"@type\":\"Person\",\"@id\":\"https:\\\/\\\/dlvradio.es\\\/#\\\/schema\\\/person\\\/6ee60897fbb7fb4ad6634c73f4be87fa\",\"name\":\"doominio\",\"sameAs\":[\"https:\\\/\\\/dlvradio.es\"]}]}<\/script>\n<!-- \/ Yoast SEO plugin. -->","yoast_head_json":{"title":"En directo a las 09:00h. Sesi\u00f3n Plenaria - 28.05.2025 - DLVRADIO","description":"El Pleno se reanuda el mi\u00e9rcoles, a partir de las 9:00 horas, con la sesi\u00f3n de control al Gobierno, en la que se formulan las preguntas e interpelaciones","robots":{"index":"index","follow":"follow","max-snippet":"max-snippet:-1","max-image-preview":"max-image-preview:large","max-video-preview":"max-video-preview:-1"},"canonical":"https:\/\/dlvradio.es\/en\/en-directo-a-las-0900h-sesion-plenaria-28-05-2025\/","og_locale":"en_US","og_type":"article","og_title":"En directo a las 09:00h. Sesi\u00f3n Plenaria - 28.05.2025 - DLVRADIO","og_description":"El Pleno se reanuda el mi\u00e9rcoles, a partir de las 9:00 horas, con la sesi\u00f3n de control al Gobierno, en la que se formulan las preguntas e interpelaciones","og_url":"https:\/\/dlvradio.es\/en\/en-directo-a-las-0900h-sesion-plenaria-28-05-2025\/","og_site_name":"DLVRADIO","article_publisher":"https:\/\/www.facebook.com\/RadioDLVradio\/","article_published_time":"2025-05-28T06:29:35+00:00","og_image":[{"width":1024,"height":1024,"url":"https:\/\/dlvradio.es\/wp-content\/uploads\/2024\/08\/Parlamento-DLVRADIO-1024x1024.png","type":"image\/png"}],"author":"doominio","twitter_card":"summary_large_image","twitter_creator":"@RadioDlvradio","twitter_site":"@RadioDlvradio","schema":{"@context":"https:\/\/schema.org","@graph":[{"@type":"Article","@id":"https:\/\/dlvradio.es\/en-directo-a-las-0900h-sesion-plenaria-28-05-2025\/#article","isPartOf":{"@id":"https:\/\/dlvradio.es\/en-directo-a-las-0900h-sesion-plenaria-28-05-2025\/"},"author":{"name":"doominio","@id":"https:\/\/dlvradio.es\/#\/schema\/person\/6ee60897fbb7fb4ad6634c73f4be87fa"},"headline":"En directo a las 09:00h. Sesi\u00f3n Plenaria &#8211; 28.05.2025","datePublished":"2025-05-28T06:29:35+00:00","mainEntityOfPage":{"@id":"https:\/\/dlvradio.es\/en-directo-a-las-0900h-sesion-plenaria-28-05-2025\/"},"wordCount":564,"publisher":{"@id":"https:\/\/dlvradio.es\/#organization"},"image":{"@id":"https:\/\/dlvradio.es\/en-directo-a-las-0900h-sesion-plenaria-28-05-2025\/#primaryimage"},"thumbnailUrl":"https:\/\/dlvradio.es\/wp-content\/uploads\/2024\/08\/Parlamento-DLVRADIO.png","keywords":["gobierno espa\u00f1a","pol\u00edtica"],"articleSection":["Informaci\u00f3n parlamentaria"],"inLanguage":"en-US"},{"@type":"WebPage","@id":"https:\/\/dlvradio.es\/en-directo-a-las-0900h-sesion-plenaria-28-05-2025\/","url":"https:\/\/dlvradio.es\/en-directo-a-las-0900h-sesion-plenaria-28-05-2025\/","name":"En directo a las 09:00h. Sesi\u00f3n Plenaria - 28.05.2025 - DLVRADIO","isPartOf":{"@id":"https:\/\/dlvradio.es\/#website"},"primaryImageOfPage":{"@id":"https:\/\/dlvradio.es\/en-directo-a-las-0900h-sesion-plenaria-28-05-2025\/#primaryimage"},"image":{"@id":"https:\/\/dlvradio.es\/en-directo-a-las-0900h-sesion-plenaria-28-05-2025\/#primaryimage"},"thumbnailUrl":"https:\/\/dlvradio.es\/wp-content\/uploads\/2024\/08\/Parlamento-DLVRADIO.png","datePublished":"2025-05-28T06:29:35+00:00","description":"El Pleno se reanuda el mi\u00e9rcoles, a partir de las 9:00 horas, con la sesi\u00f3n de control al Gobierno, en la que se formulan las preguntas e interpelaciones","breadcrumb":{"@id":"https:\/\/dlvradio.es\/en-directo-a-las-0900h-sesion-plenaria-28-05-2025\/#breadcrumb"},"inLanguage":"en-US","potentialAction":[{"@type":"ReadAction","target":["https:\/\/dlvradio.es\/en-directo-a-las-0900h-sesion-plenaria-28-05-2025\/"]}]},{"@type":"ImageObject","inLanguage":"en-US","@id":"https:\/\/dlvradio.es\/en-directo-a-las-0900h-sesion-plenaria-28-05-2025\/#primaryimage","url":"https:\/\/dlvradio.es\/wp-content\/uploads\/2024\/08\/Parlamento-DLVRADIO.png","contentUrl":"https:\/\/dlvradio.es\/wp-content\/uploads\/2024\/08\/Parlamento-DLVRADIO.png","width":1500,"height":1500,"caption":"Comisi\u00f3n de Transportes y Movilidad Sostenible - 29.08.2024"},{"@type":"BreadcrumbList","@id":"https:\/\/dlvradio.es\/en-directo-a-las-0900h-sesion-plenaria-28-05-2025\/#breadcrumb","itemListElement":[{"@type":"ListItem","position":1,"name":"Inicio","item":"https:\/\/dlvradio.es\/"},{"@type":"ListItem","position":2,"name":"En directo a las 09:00h. Sesi\u00f3n Plenaria &#8211; 28.05.2025"}]},{"@type":"WebSite","@id":"https:\/\/dlvradio.es\/#website","url":"https:\/\/dlvradio.es\/","name":"DLVRADIO","description":"We are an alternative media to traditional media","publisher":{"@id":"https:\/\/dlvradio.es\/#organization"},"potentialAction":[{"@type":"SearchAction","target":{"@type":"EntryPoint","urlTemplate":"https:\/\/dlvradio.es\/?s={search_term_string}"},"query-input":{"@type":"PropertyValueSpecification","valueRequired":true,"valueName":"search_term_string"}}],"inLanguage":"en-US"},{"@type":"Organization","@id":"https:\/\/dlvradio.es\/#organization","name":"DLVRADIO","url":"https:\/\/dlvradio.es\/","logo":{"@type":"ImageObject","inLanguage":"en-US","@id":"https:\/\/dlvradio.es\/#\/schema\/logo\/image\/","url":"","contentUrl":"","caption":"DLVRADIO"},"image":{"@id":"https:\/\/dlvradio.es\/#\/schema\/logo\/image\/"},"sameAs":["https:\/\/www.facebook.com\/RadioDLVradio\/","https:\/\/x.com\/RadioDlvradio","https:\/\/www.instagram.com\/radiodlvradio\/"]},{"@type":"Person","@id":"https:\/\/dlvradio.es\/#\/schema\/person\/6ee60897fbb7fb4ad6634c73f4be87fa","name":"doominio","sameAs":["https:\/\/dlvradio.es"]}]}},"_links":{"self":[{"href":"https:\/\/dlvradio.es\/en\/wp-json\/wp\/v2\/posts\/77321","targetHints":{"allow":["GET"]}}],"collection":[{"href":"https:\/\/dlvradio.es\/en\/wp-json\/wp\/v2\/posts"}],"about":[{"href":"https:\/\/dlvradio.es\/en\/wp-json\/wp\/v2\/types\/post"}],"author":[{"embeddable":true,"href":"https:\/\/dlvradio.es\/en\/wp-json\/wp\/v2\/users\/1"}],"replies":[{"embeddable":true,"href":"https:\/\/dlvradio.es\/en\/wp-json\/wp\/v2\/comments?post=77321"}],"version-history":[{"count":2,"href":"https:\/\/dlvradio.es\/en\/wp-json\/wp\/v2\/posts\/77321\/revisions"}],"predecessor-version":[{"id":77324,"href":"https:\/\/dlvradio.es\/en\/wp-json\/wp\/v2\/posts\/77321\/revisions\/77324"}],"wp:featuredmedia":[{"embeddable":true,"href":"https:\/\/dlvradio.es\/en\/wp-json\/wp\/v2\/media\/73814"}],"wp:attachment":[{"href":"https:\/\/dlvradio.es\/en\/wp-json\/wp\/v2\/media?parent=77321"}],"wp:term":[{"taxonomy":"category","embeddable":true,"href":"https:\/\/dlvradio.es\/en\/wp-json\/wp\/v2\/categories?post=77321"},{"taxonomy":"post_tag","embeddable":true,"href":"https:\/\/dlvradio.es\/en\/wp-json\/wp\/v2\/tags?post=77321"}],"curies":[{"name":"wp","href":"https:\/\/api.w.org\/{rel}","templated":true}]}}