{"id":77691,"date":"2025-08-07T12:35:37","date_gmt":"2025-08-07T10:35:37","guid":{"rendered":"https:\/\/dlvradio.es\/?p=77691"},"modified":"2025-08-07T12:35:37","modified_gmt":"2025-08-07T10:35:37","slug":"personajes-al-fresquito-huelga-de-socorristas-en-barcelona","status":"publish","type":"post","link":"https:\/\/dlvradio.es\/en\/personajes-al-fresquito-huelga-de-socorristas-en-barcelona\/","title":{"rendered":"Personajes al fresquito \u00abHuelga de socorristas en Barcelona\u00bb"},"content":{"rendered":"<p><iframe src=\"https:\/\/www.ivoox.com\/player_ej_154906540_6_1.html?c1=0ebeb7\" width=\"100%\" height=\"200\" frameborder=\"0\" scrolling=\"no\" allowfullscreen=\"allowfullscreen\"><\/iframe><br \/>\nEsta semana en nuestro espacio de Personajes al Fresquito nos vamos a la huelga de socorristas en Barcelona. De todo ello hablamos con <strong>Gustavo Ariel Imperiale<\/strong>, miembro del comit\u00e9 de huelga y secretario de organizaci\u00f3n de la secci\u00f3n sindical de socorristas \u00a0de CGT. Nos ha contado con todo detalle c\u00f3mo est\u00e1 este conflicto laboral y si tiene alguna soluci\u00f3n a corto plazo. En principio no parece que tenga una pronta soluci\u00f3n, ya que lo que est\u00e1 haciendo la autoridad competente, es camuflarlo para que no se sepa que existe y eso no suele ser buena se\u00f1al.<\/p>\n<p><iframe title=\"Personajes al fresquito, Huelga de socorristas en Barcelona\" width=\"800\" height=\"450\" src=\"https:\/\/www.youtube.com\/embed\/9DPiTBbncus?feature=oembed\" frameborder=\"0\" allow=\"accelerometer; autoplay; clipboard-write; encrypted-media; gyroscope; picture-in-picture; web-share\" referrerpolicy=\"strict-origin-when-cross-origin\" allowfullscreen><\/iframe><\/p>","protected":false},"excerpt":{"rendered":"<p>Esta semana en nuestro espacio de Personajes al Fresquito nos vamos a la huelga de socorristas en Barcelona. De todo ello hablamos con Gustavo Ariel Imperiale, miembro del comit\u00e9 de huelga y secretario de organizaci\u00f3n de la secci\u00f3n sindical de socorristas \u00a0de CGT. Nos ha contado con todo detalle c\u00f3mo est\u00e1 este conflicto laboral y [&hellip;]<\/p>\n","protected":false},"author":1,"featured_media":77692,"comment_status":"closed","ping_status":"closed","sticky":false,"template":"","format":"standard","meta":{"_acf_changed":false,"footnotes":""},"categories":[2485],"tags":[2530,2495,2543],"class_list":["post-77691","post","type-post","status-publish","format-standard","has-post-thumbnail","hentry","category-personajes","tag-actualidad","tag-entrevistas","tag-trabajo"],"acf":[],"yoast_head":"<!-- This site is optimized with the Yoast SEO plugin v27.4 - https:\/\/yoast.com\/product\/yoast-seo-wordpress\/ -->\n<title>Personajes al fresquito &quot;Huelga de socorristas en Barcelona&quot; - DLVRADIO<\/title>\n<meta name=\"description\" content=\"Esta semana en nuestro espacio de Personajes al Fresquito nos vamos a la huelga de socorristas en Barcelona. De todo ello hablamos con Gustavo Ariel\" \/>\n<meta name=\"robots\" content=\"index, follow, max-snippet:-1, max-image-preview:large, max-video-preview:-1\" \/>\n<link rel=\"canonical\" href=\"https:\/\/dlvradio.es\/en\/personajes-al-fresquito-huelga-de-socorristas-en-barcelona\/\" \/>\n<meta property=\"og:locale\" content=\"en_US\" \/>\n<meta property=\"og:type\" content=\"article\" \/>\n<meta property=\"og:title\" content=\"Personajes al fresquito &quot;Huelga de socorristas en Barcelona&quot; - DLVRADIO\" \/>\n<meta property=\"og:description\" content=\"Esta semana en nuestro espacio de Personajes al Fresquito nos vamos a la huelga de socorristas en Barcelona. De todo ello hablamos con Gustavo Ariel\" \/>\n<meta property=\"og:url\" content=\"https:\/\/dlvradio.es\/en\/personajes-al-fresquito-huelga-de-socorristas-en-barcelona\/\" \/>\n<meta property=\"og:site_name\" content=\"DLVRADIO\" \/>\n<meta property=\"article:publisher\" content=\"https:\/\/www.facebook.com\/RadioDLVradio\/\" \/>\n<meta property=\"article:published_time\" content=\"2025-08-07T10:35:37+00:00\" \/>\n<meta property=\"og:image\" content=\"https:\/\/dlvradio.es\/wp-content\/uploads\/2025\/08\/2-1024x1024.png\" \/>\n\t<meta property=\"og:image:width\" content=\"1024\" \/>\n\t<meta property=\"og:image:height\" content=\"1024\" \/>\n\t<meta property=\"og:image:type\" content=\"image\/png\" \/>\n<meta name=\"author\" content=\"doominio\" \/>\n<meta name=\"twitter:card\" content=\"summary_large_image\" \/>\n<meta name=\"twitter:creator\" content=\"@RadioDlvradio\" \/>\n<meta name=\"twitter:site\" content=\"@RadioDlvradio\" \/>\n<script type=\"application\/ld+json\" class=\"yoast-schema-graph\">{\"@context\":\"https:\\\/\\\/schema.org\",\"@graph\":[{\"@type\":\"Article\",\"@id\":\"https:\\\/\\\/dlvradio.es\\\/personajes-al-fresquito-huelga-de-socorristas-en-barcelona\\\/#article\",\"isPartOf\":{\"@id\":\"https:\\\/\\\/dlvradio.es\\\/personajes-al-fresquito-huelga-de-socorristas-en-barcelona\\\/\"},\"author\":{\"name\":\"doominio\",\"@id\":\"https:\\\/\\\/dlvradio.es\\\/#\\\/schema\\\/person\\\/6ee60897fbb7fb4ad6634c73f4be87fa\"},\"headline\":\"Personajes al fresquito \u00abHuelga de socorristas en Barcelona\u00bb\",\"datePublished\":\"2025-08-07T10:35:37+00:00\",\"mainEntityOfPage\":{\"@id\":\"https:\\\/\\\/dlvradio.es\\\/personajes-al-fresquito-huelga-de-socorristas-en-barcelona\\\/\"},\"wordCount\":114,\"publisher\":{\"@id\":\"https:\\\/\\\/dlvradio.es\\\/#organization\"},\"image\":{\"@id\":\"https:\\\/\\\/dlvradio.es\\\/personajes-al-fresquito-huelga-de-socorristas-en-barcelona\\\/#primaryimage\"},\"thumbnailUrl\":\"https:\\\/\\\/dlvradio.es\\\/wp-content\\\/uploads\\\/2025\\\/08\\\/2.png\",\"keywords\":[\"actualidad\",\"Entrevistas\",\"trabajo\"],\"articleSection\":[\"Personajes\"],\"inLanguage\":\"en-US\"},{\"@type\":\"WebPage\",\"@id\":\"https:\\\/\\\/dlvradio.es\\\/personajes-al-fresquito-huelga-de-socorristas-en-barcelona\\\/\",\"url\":\"https:\\\/\\\/dlvradio.es\\\/personajes-al-fresquito-huelga-de-socorristas-en-barcelona\\\/\",\"name\":\"Personajes al fresquito \\\"Huelga de socorristas en Barcelona\\\" - DLVRADIO\",\"isPartOf\":{\"@id\":\"https:\\\/\\\/dlvradio.es\\\/#website\"},\"primaryImageOfPage\":{\"@id\":\"https:\\\/\\\/dlvradio.es\\\/personajes-al-fresquito-huelga-de-socorristas-en-barcelona\\\/#primaryimage\"},\"image\":{\"@id\":\"https:\\\/\\\/dlvradio.es\\\/personajes-al-fresquito-huelga-de-socorristas-en-barcelona\\\/#primaryimage\"},\"thumbnailUrl\":\"https:\\\/\\\/dlvradio.es\\\/wp-content\\\/uploads\\\/2025\\\/08\\\/2.png\",\"datePublished\":\"2025-08-07T10:35:37+00:00\",\"description\":\"Esta semana en nuestro espacio de Personajes al Fresquito nos vamos a la huelga de socorristas en Barcelona. De todo ello hablamos con Gustavo Ariel\",\"breadcrumb\":{\"@id\":\"https:\\\/\\\/dlvradio.es\\\/personajes-al-fresquito-huelga-de-socorristas-en-barcelona\\\/#breadcrumb\"},\"inLanguage\":\"en-US\",\"potentialAction\":[{\"@type\":\"ReadAction\",\"target\":[\"https:\\\/\\\/dlvradio.es\\\/personajes-al-fresquito-huelga-de-socorristas-en-barcelona\\\/\"]}]},{\"@type\":\"ImageObject\",\"inLanguage\":\"en-US\",\"@id\":\"https:\\\/\\\/dlvradio.es\\\/personajes-al-fresquito-huelga-de-socorristas-en-barcelona\\\/#primaryimage\",\"url\":\"https:\\\/\\\/dlvradio.es\\\/wp-content\\\/uploads\\\/2025\\\/08\\\/2.png\",\"contentUrl\":\"https:\\\/\\\/dlvradio.es\\\/wp-content\\\/uploads\\\/2025\\\/08\\\/2.png\",\"width\":1400,\"height\":1400,\"caption\":\"Personajes al fresquito \\\"Huelga de socorristas en Barcelona\\\"\"},{\"@type\":\"BreadcrumbList\",\"@id\":\"https:\\\/\\\/dlvradio.es\\\/personajes-al-fresquito-huelga-de-socorristas-en-barcelona\\\/#breadcrumb\",\"itemListElement\":[{\"@type\":\"ListItem\",\"position\":1,\"name\":\"Inicio\",\"item\":\"https:\\\/\\\/dlvradio.es\\\/\"},{\"@type\":\"ListItem\",\"position\":2,\"name\":\"Personajes al fresquito \u00abHuelga de socorristas en Barcelona\u00bb\"}]},{\"@type\":\"WebSite\",\"@id\":\"https:\\\/\\\/dlvradio.es\\\/#website\",\"url\":\"https:\\\/\\\/dlvradio.es\\\/\",\"name\":\"DLVRADIO\",\"description\":\"Somos un medio de comunicaci\u00f3n alternativo a los medios tradicionales\",\"publisher\":{\"@id\":\"https:\\\/\\\/dlvradio.es\\\/#organization\"},\"potentialAction\":[{\"@type\":\"SearchAction\",\"target\":{\"@type\":\"EntryPoint\",\"urlTemplate\":\"https:\\\/\\\/dlvradio.es\\\/?s={search_term_string}\"},\"query-input\":{\"@type\":\"PropertyValueSpecification\",\"valueRequired\":true,\"valueName\":\"search_term_string\"}}],\"inLanguage\":\"en-US\"},{\"@type\":\"Organization\",\"@id\":\"https:\\\/\\\/dlvradio.es\\\/#organization\",\"name\":\"DLVRADIO\",\"url\":\"https:\\\/\\\/dlvradio.es\\\/\",\"logo\":{\"@type\":\"ImageObject\",\"inLanguage\":\"en-US\",\"@id\":\"https:\\\/\\\/dlvradio.es\\\/#\\\/schema\\\/logo\\\/image\\\/\",\"url\":\"\",\"contentUrl\":\"\",\"caption\":\"DLVRADIO\"},\"image\":{\"@id\":\"https:\\\/\\\/dlvradio.es\\\/#\\\/schema\\\/logo\\\/image\\\/\"},\"sameAs\":[\"https:\\\/\\\/www.facebook.com\\\/RadioDLVradio\\\/\",\"https:\\\/\\\/x.com\\\/RadioDlvradio\",\"https:\\\/\\\/www.instagram.com\\\/radiodlvradio\\\/\"]},{\"@type\":\"Person\",\"@id\":\"https:\\\/\\\/dlvradio.es\\\/#\\\/schema\\\/person\\\/6ee60897fbb7fb4ad6634c73f4be87fa\",\"name\":\"doominio\",\"sameAs\":[\"https:\\\/\\\/dlvradio.es\"]}]}<\/script>\n<!-- \/ Yoast SEO plugin. -->","yoast_head_json":{"title":"Personajes al fresquito \"Huelga de socorristas en Barcelona\" - DLVRADIO","description":"Esta semana en nuestro espacio de Personajes al Fresquito nos vamos a la huelga de socorristas en Barcelona. De todo ello hablamos con Gustavo Ariel","robots":{"index":"index","follow":"follow","max-snippet":"max-snippet:-1","max-image-preview":"max-image-preview:large","max-video-preview":"max-video-preview:-1"},"canonical":"https:\/\/dlvradio.es\/en\/personajes-al-fresquito-huelga-de-socorristas-en-barcelona\/","og_locale":"en_US","og_type":"article","og_title":"Personajes al fresquito \"Huelga de socorristas en Barcelona\" - DLVRADIO","og_description":"Esta semana en nuestro espacio de Personajes al Fresquito nos vamos a la huelga de socorristas en Barcelona. De todo ello hablamos con Gustavo Ariel","og_url":"https:\/\/dlvradio.es\/en\/personajes-al-fresquito-huelga-de-socorristas-en-barcelona\/","og_site_name":"DLVRADIO","article_publisher":"https:\/\/www.facebook.com\/RadioDLVradio\/","article_published_time":"2025-08-07T10:35:37+00:00","og_image":[{"width":1024,"height":1024,"url":"https:\/\/dlvradio.es\/wp-content\/uploads\/2025\/08\/2-1024x1024.png","type":"image\/png"}],"author":"doominio","twitter_card":"summary_large_image","twitter_creator":"@RadioDlvradio","twitter_site":"@RadioDlvradio","schema":{"@context":"https:\/\/schema.org","@graph":[{"@type":"Article","@id":"https:\/\/dlvradio.es\/personajes-al-fresquito-huelga-de-socorristas-en-barcelona\/#article","isPartOf":{"@id":"https:\/\/dlvradio.es\/personajes-al-fresquito-huelga-de-socorristas-en-barcelona\/"},"author":{"name":"doominio","@id":"https:\/\/dlvradio.es\/#\/schema\/person\/6ee60897fbb7fb4ad6634c73f4be87fa"},"headline":"Personajes al fresquito \u00abHuelga de socorristas en Barcelona\u00bb","datePublished":"2025-08-07T10:35:37+00:00","mainEntityOfPage":{"@id":"https:\/\/dlvradio.es\/personajes-al-fresquito-huelga-de-socorristas-en-barcelona\/"},"wordCount":114,"publisher":{"@id":"https:\/\/dlvradio.es\/#organization"},"image":{"@id":"https:\/\/dlvradio.es\/personajes-al-fresquito-huelga-de-socorristas-en-barcelona\/#primaryimage"},"thumbnailUrl":"https:\/\/dlvradio.es\/wp-content\/uploads\/2025\/08\/2.png","keywords":["actualidad","Entrevistas","trabajo"],"articleSection":["Personajes"],"inLanguage":"en-US"},{"@type":"WebPage","@id":"https:\/\/dlvradio.es\/personajes-al-fresquito-huelga-de-socorristas-en-barcelona\/","url":"https:\/\/dlvradio.es\/personajes-al-fresquito-huelga-de-socorristas-en-barcelona\/","name":"Personajes al fresquito \"Huelga de socorristas en Barcelona\" - DLVRADIO","isPartOf":{"@id":"https:\/\/dlvradio.es\/#website"},"primaryImageOfPage":{"@id":"https:\/\/dlvradio.es\/personajes-al-fresquito-huelga-de-socorristas-en-barcelona\/#primaryimage"},"image":{"@id":"https:\/\/dlvradio.es\/personajes-al-fresquito-huelga-de-socorristas-en-barcelona\/#primaryimage"},"thumbnailUrl":"https:\/\/dlvradio.es\/wp-content\/uploads\/2025\/08\/2.png","datePublished":"2025-08-07T10:35:37+00:00","description":"Esta semana en nuestro espacio de Personajes al Fresquito nos vamos a la huelga de socorristas en Barcelona. De todo ello hablamos con Gustavo Ariel","breadcrumb":{"@id":"https:\/\/dlvradio.es\/personajes-al-fresquito-huelga-de-socorristas-en-barcelona\/#breadcrumb"},"inLanguage":"en-US","potentialAction":[{"@type":"ReadAction","target":["https:\/\/dlvradio.es\/personajes-al-fresquito-huelga-de-socorristas-en-barcelona\/"]}]},{"@type":"ImageObject","inLanguage":"en-US","@id":"https:\/\/dlvradio.es\/personajes-al-fresquito-huelga-de-socorristas-en-barcelona\/#primaryimage","url":"https:\/\/dlvradio.es\/wp-content\/uploads\/2025\/08\/2.png","contentUrl":"https:\/\/dlvradio.es\/wp-content\/uploads\/2025\/08\/2.png","width":1400,"height":1400,"caption":"Personajes al fresquito \"Huelga de socorristas en Barcelona\""},{"@type":"BreadcrumbList","@id":"https:\/\/dlvradio.es\/personajes-al-fresquito-huelga-de-socorristas-en-barcelona\/#breadcrumb","itemListElement":[{"@type":"ListItem","position":1,"name":"Inicio","item":"https:\/\/dlvradio.es\/"},{"@type":"ListItem","position":2,"name":"Personajes al fresquito \u00abHuelga de socorristas en Barcelona\u00bb"}]},{"@type":"WebSite","@id":"https:\/\/dlvradio.es\/#website","url":"https:\/\/dlvradio.es\/","name":"DLVRADIO","description":"We are an alternative media to traditional media","publisher":{"@id":"https:\/\/dlvradio.es\/#organization"},"potentialAction":[{"@type":"SearchAction","target":{"@type":"EntryPoint","urlTemplate":"https:\/\/dlvradio.es\/?s={search_term_string}"},"query-input":{"@type":"PropertyValueSpecification","valueRequired":true,"valueName":"search_term_string"}}],"inLanguage":"en-US"},{"@type":"Organization","@id":"https:\/\/dlvradio.es\/#organization","name":"DLVRADIO","url":"https:\/\/dlvradio.es\/","logo":{"@type":"ImageObject","inLanguage":"en-US","@id":"https:\/\/dlvradio.es\/#\/schema\/logo\/image\/","url":"","contentUrl":"","caption":"DLVRADIO"},"image":{"@id":"https:\/\/dlvradio.es\/#\/schema\/logo\/image\/"},"sameAs":["https:\/\/www.facebook.com\/RadioDLVradio\/","https:\/\/x.com\/RadioDlvradio","https:\/\/www.instagram.com\/radiodlvradio\/"]},{"@type":"Person","@id":"https:\/\/dlvradio.es\/#\/schema\/person\/6ee60897fbb7fb4ad6634c73f4be87fa","name":"doominio","sameAs":["https:\/\/dlvradio.es"]}]}},"_links":{"self":[{"href":"https:\/\/dlvradio.es\/en\/wp-json\/wp\/v2\/posts\/77691","targetHints":{"allow":["GET"]}}],"collection":[{"href":"https:\/\/dlvradio.es\/en\/wp-json\/wp\/v2\/posts"}],"about":[{"href":"https:\/\/dlvradio.es\/en\/wp-json\/wp\/v2\/types\/post"}],"author":[{"embeddable":true,"href":"https:\/\/dlvradio.es\/en\/wp-json\/wp\/v2\/users\/1"}],"replies":[{"embeddable":true,"href":"https:\/\/dlvradio.es\/en\/wp-json\/wp\/v2\/comments?post=77691"}],"version-history":[{"count":2,"href":"https:\/\/dlvradio.es\/en\/wp-json\/wp\/v2\/posts\/77691\/revisions"}],"predecessor-version":[{"id":77694,"href":"https:\/\/dlvradio.es\/en\/wp-json\/wp\/v2\/posts\/77691\/revisions\/77694"}],"wp:featuredmedia":[{"embeddable":true,"href":"https:\/\/dlvradio.es\/en\/wp-json\/wp\/v2\/media\/77692"}],"wp:attachment":[{"href":"https:\/\/dlvradio.es\/en\/wp-json\/wp\/v2\/media?parent=77691"}],"wp:term":[{"taxonomy":"category","embeddable":true,"href":"https:\/\/dlvradio.es\/en\/wp-json\/wp\/v2\/categories?post=77691"},{"taxonomy":"post_tag","embeddable":true,"href":"https:\/\/dlvradio.es\/en\/wp-json\/wp\/v2\/tags?post=77691"}],"curies":[{"name":"wp","href":"https:\/\/api.w.org\/{rel}","templated":true}]}}