{"id":77703,"date":"2025-08-11T12:50:07","date_gmt":"2025-08-11T10:50:07","guid":{"rendered":"https:\/\/dlvradio.es\/?p=77703"},"modified":"2025-08-11T12:50:07","modified_gmt":"2025-08-11T10:50:07","slug":"sandias-con-flequillo-y-melonas-con-pintalabios-rojo","status":"publish","type":"post","link":"https:\/\/dlvradio.es\/en\/sandias-con-flequillo-y-melonas-con-pintalabios-rojo\/","title":{"rendered":"Sand\u00edas con flequillo y melonas con pintalabios rojo"},"content":{"rendered":"<p style=\"text-align: center;\"><i class=\"fas fa-quote-left\"><\/i><strong>La pregunta es sencilla amigas, \u00bfalguna vez han visto una campa\u00f1a orquestada a nivel mundial en que grupos de hombres salgan en actitudes tan absolutamente pedorras para decir algo protestar por algo?<\/strong><i class=\"fas fa-quote-right\"><\/i><\/p>\n<p>De manera reiterada cada cierto tiempo <strong>el sistema<\/strong>, que es casi perfecto y por eso funciona a pesar de ser pr\u00e1cticamente incompatible con la vida, decide <strong>rebajar la seriedad y el empaque de causas<\/strong> absolutamente serias y muy importantes <strong>utilizando a grupos de mujeres <\/strong>poni\u00e9ndose en rid\u00edculo, con actos y actitudes a menudo pueriles y muy pastelosas. Tal y como el sistema dise\u00f1a como propias en mujer ideal.<\/p>\n<p>Este m\u00e9todo de <strong>banalizar las causas y ridiculizar a las mujeres<\/strong> se ha potenciado much\u00edsimo con las redes sociales. Y no estoy hablando de que hayan obligado a grupos de mujeres a quedar de pu\u00f1etera pena ante el mundo, no. Estoy hablando de se\u00f1oras voluntarias prest\u00e1ndose a cosas que, si se pensaran m\u00e1s de treinta segundos, no har\u00edan.<\/p>\n<p>Recordemos momentos gloriosos de esta t\u00e9cnica de esparcir verg\u00fcenza ajena a trav\u00e9s de se\u00f1oras famosas que luego crean\u201d tendencia\u201d, que es como se dice ahora formar parte del reba\u00f1o borreguil.<\/p>\n<p>Vayamos a <strong>2021<\/strong> cuando se lanz\u00f3 la campa\u00f1a de <strong>lucha contra el machismo<\/strong> haciendo que las mujeres se <strong>pintaran los labios de rojo<\/strong>. Evidentemente, <strong>un plan sin fisuras<\/strong>. La cosa vino como protesta contra <strong>l\u00edder ultraderechista portugu\u00e9s<\/strong>, que sacaba a pasear su machismo recalcitrante cada vez que ten\u00eda oportunidad. Como dec\u00eda, ante causas completamente justificadas, reacciones absolutamente est\u00fapidas que nos hacen quedar a todas como est\u00fapidas. Y para muestra un bot\u00f3n, porque <strong>la primera que subi\u00f3 un video a sus redes pint\u00e1ndose el morro rojo<\/strong> pasi\u00f3n fue nuestra indescriptible ex ministra de igualdad <strong>Irene Montero<\/strong>.\u00a0 No hace falta decir m\u00e1s.<\/p>\n<p>Al a\u00f1o siguiente en <strong>2022<\/strong>, tras el <strong>asesinato de la joven Mahsa Amini en Ir\u00e1n<\/strong> por no llevar \u201cbien puesto el velo\u201d (enti\u00e9ndase que el velo en el \u00fanico sitio que est\u00e1 bien puesto es ardiendo en una pira), mujeres famosas del mundo entero decidieron que <strong>lo m\u00e1s efectivo<\/strong> para protestar contra ese feminicidio era <strong>cortarse un mech\u00f3n de pelo<\/strong>. \u00bfQu\u00e9 podr\u00eda salir mal?<\/p>\n<p>Pero ni siquiera se exig\u00eda raparse la cabeza en plan Britney Spears, o <strong>decir algo en contra de la teocracia isl\u00e1mica o del pu\u00f1etero velo<\/strong>. Nada. Videos en <strong>silencio<\/strong> sin decir ni pio, no vaya a ser, cort\u00e1ndose un mechoncito de pelo que <strong>tampoco se notara mucho<\/strong>, no fuera el caso de tener que ir luego a retocarse las puntas. El colmo del asunto fue el video de <strong>Pen\u00e9lope Cruz<\/strong> que directamente aprovech\u00f3 para <strong>arreglarse el flequillo<\/strong>. Porque las divas no tienen tiempo que perder. Pat\u00e9tico.<\/p>\n<p>La pregunta es sencilla amigas, \u00bfalguna vez han visto una <strong>campa\u00f1a<\/strong> orquestada a nivel mundial en que <strong>grupos de hombres<\/strong> salgan en actitudes tan absolutamente <strong>pedorras<\/strong>, <strong>pero siempre afines a nuestros roles de g\u00e9nero<\/strong> como mujeres siempre preocupadas por nuestra imagen, para decir algo protestar por algo? Claro que no. No se dejan. No caen en esas tonter\u00edas. Ya me gustar\u00eda a m\u00ed que las mujeres dej\u00e1ramos tambi\u00e9n de caer en esa <strong>utilizaci\u00f3n<\/strong> rid\u00edcula que, de paso, perpet\u00faa nuestro papel m\u00e1s \u201cfemenino\u201d en la vida.<\/p>\n<p>Por eso esta semana cuando he visto las redes llenarse de <strong>sand\u00edas a favor de Palestina<\/strong> me han vuelto a entrar los siete males. No por la denuncia de la <strong>violaci\u00f3n flagrante de los derechos humanos<\/strong> que est\u00e1 tiendo lugar en Palestina, obvio, sino porque \u00bfen serio lo m\u00e1s potente que se le ocurre a la gente es llenar el Instagram de dibujitos de sand\u00edas?<\/p>\n<p>Y lo que m\u00e1s me molesta es que, de nuevo, mayoritariamente las mujeres en esa \u201c<em>cosita<\/em>\u201d. De hecho, <strong>algunas creen que es algo que se han inventado ahora las \u201ccompa\u00f1eras feministas\u201d.<\/strong><\/p>\n<p>Menos mal que lo de la sand\u00eda <strong>no es un invento atribuible a ninguna mujer del <em>\u201cfeminismo moderno\u201d<\/em>,<\/strong> porque si fuera as\u00ed yo <strong>me bajo de todo ya y me voy con tristeza a otra parte<\/strong>. Ya que, si despu\u00e9s de lo que llevamos peleado, si pensado en las mujeres gazat\u00edes o en las asesinadas por los terroristas de Hamas (no olviden, estar en contra de Hamas es estar del lado de las palestinas), <strong>si despu\u00e9s de todo lo que vemos<\/strong>, lo mejor que se le ocurre a una mujer feminista es dibujar una sand\u00eda, apaga y v\u00e1monos. Por eso no entiendo por qu\u00e9 ni se suman.<\/p>\n<p>Cuando se inventaron el tema de la sand\u00eda, por all\u00e1 <strong>por 1967 despu\u00e9s de la Guerra de los Seis D\u00edas<\/strong> cuando estaba prohibida la bandera palestina, pues igual el tema de la sand\u00eda result\u00f3 algo revolucionario, pero ahora, sinceramente <strong>creo que podemos dar un poquito m\u00e1s<\/strong>.<\/p>\n<p>Sand\u00edas, flequillos, pintalabios rojos. <strong>Ya basta de encuadrarnos a las mujeres en esas tonter\u00edas<\/strong>. Si somos serias y <strong>defendemos cosas serias, hagamos cosas serias<\/strong> que ya va siendo hora. Y, sobre todo, dejen de hacer lo que se espera de nosotras que hagamos. Protestar, pero bonito y no mucho protestar.<\/p>\n<p>A ver si se ponen de moda de una vez los lanzallamas\u2026<\/p>","protected":false},"excerpt":{"rendered":"<p>La pregunta es sencilla amigas, \u00bfalguna vez han visto una campa\u00f1a orquestada a nivel mundial en que grupos de hombres salgan en actitudes tan absolutamente pedorras para decir algo protestar por algo? De manera reiterada cada cierto tiempo el sistema, que es casi perfecto y por eso funciona a pesar de ser pr\u00e1cticamente incompatible con [&hellip;]<\/p>\n","protected":false},"author":1,"featured_media":73053,"comment_status":"closed","ping_status":"closed","sticky":false,"template":"","format":"standard","meta":{"_acf_changed":false,"footnotes":""},"categories":[2461],"tags":[2469,2463],"class_list":["post-77703","post","type-post","status-publish","format-standard","has-post-thumbnail","hentry","category-opinion","tag-opinion","tag-sociedad"],"acf":[],"yoast_head":"<!-- This site is optimized with the Yoast SEO plugin v27.4 - https:\/\/yoast.com\/product\/yoast-seo-wordpress\/ -->\n<title>Sand\u00edas con flequillo y melonas con pintalabios rojo - DLVRADIO<\/title>\n<meta name=\"description\" content=\"La pregunta es sencilla amigas, \u00bfalguna vez han visto una campa\u00f1a orquestada a nivel mundial en que grupos de hombres salgan en actitudes tan\" \/>\n<meta name=\"robots\" content=\"index, follow, max-snippet:-1, max-image-preview:large, max-video-preview:-1\" \/>\n<link rel=\"canonical\" href=\"https:\/\/dlvradio.es\/en\/sandias-con-flequillo-y-melonas-con-pintalabios-rojo\/\" \/>\n<meta property=\"og:locale\" content=\"en_US\" \/>\n<meta property=\"og:type\" content=\"article\" \/>\n<meta property=\"og:title\" content=\"Sand\u00edas con flequillo y melonas con pintalabios rojo - DLVRADIO\" \/>\n<meta property=\"og:description\" content=\"La pregunta es sencilla amigas, \u00bfalguna vez han visto una campa\u00f1a orquestada a nivel mundial en que grupos de hombres salgan en actitudes tan\" \/>\n<meta property=\"og:url\" content=\"https:\/\/dlvradio.es\/en\/sandias-con-flequillo-y-melonas-con-pintalabios-rojo\/\" \/>\n<meta property=\"og:site_name\" content=\"DLVRADIO\" \/>\n<meta property=\"article:publisher\" content=\"https:\/\/www.facebook.com\/RadioDLVradio\/\" \/>\n<meta property=\"article:published_time\" content=\"2025-08-11T10:50:07+00:00\" \/>\n<meta property=\"og:image\" content=\"https:\/\/dlvradio.es\/wp-content\/uploads\/2024\/06\/Opinion-DLVRADIO.png\" \/>\n\t<meta property=\"og:image:width\" content=\"1500\" \/>\n\t<meta property=\"og:image:height\" content=\"1500\" \/>\n\t<meta property=\"og:image:type\" content=\"image\/png\" \/>\n<meta name=\"author\" content=\"doominio\" \/>\n<meta name=\"twitter:card\" content=\"summary_large_image\" \/>\n<meta name=\"twitter:creator\" content=\"@RadioDlvradio\" \/>\n<meta name=\"twitter:site\" content=\"@RadioDlvradio\" \/>\n<script type=\"application\/ld+json\" class=\"yoast-schema-graph\">{\"@context\":\"https:\\\/\\\/schema.org\",\"@graph\":[{\"@type\":\"Article\",\"@id\":\"https:\\\/\\\/dlvradio.es\\\/sandias-con-flequillo-y-melonas-con-pintalabios-rojo\\\/#article\",\"isPartOf\":{\"@id\":\"https:\\\/\\\/dlvradio.es\\\/sandias-con-flequillo-y-melonas-con-pintalabios-rojo\\\/\"},\"author\":{\"name\":\"doominio\",\"@id\":\"https:\\\/\\\/dlvradio.es\\\/#\\\/schema\\\/person\\\/6ee60897fbb7fb4ad6634c73f4be87fa\"},\"headline\":\"Sand\u00edas con flequillo y melonas con pintalabios rojo\",\"datePublished\":\"2025-08-11T10:50:07+00:00\",\"mainEntityOfPage\":{\"@id\":\"https:\\\/\\\/dlvradio.es\\\/sandias-con-flequillo-y-melonas-con-pintalabios-rojo\\\/\"},\"wordCount\":919,\"publisher\":{\"@id\":\"https:\\\/\\\/dlvradio.es\\\/#organization\"},\"image\":{\"@id\":\"https:\\\/\\\/dlvradio.es\\\/sandias-con-flequillo-y-melonas-con-pintalabios-rojo\\\/#primaryimage\"},\"thumbnailUrl\":\"https:\\\/\\\/dlvradio.es\\\/wp-content\\\/uploads\\\/2024\\\/06\\\/Opinion-DLVRADIO.png\",\"keywords\":[\"opini\u00f3n\",\"sociedad\"],\"articleSection\":[\"Opini\u00f3n\"],\"inLanguage\":\"en-US\"},{\"@type\":\"WebPage\",\"@id\":\"https:\\\/\\\/dlvradio.es\\\/sandias-con-flequillo-y-melonas-con-pintalabios-rojo\\\/\",\"url\":\"https:\\\/\\\/dlvradio.es\\\/sandias-con-flequillo-y-melonas-con-pintalabios-rojo\\\/\",\"name\":\"Sand\u00edas con flequillo y melonas con pintalabios rojo - DLVRADIO\",\"isPartOf\":{\"@id\":\"https:\\\/\\\/dlvradio.es\\\/#website\"},\"primaryImageOfPage\":{\"@id\":\"https:\\\/\\\/dlvradio.es\\\/sandias-con-flequillo-y-melonas-con-pintalabios-rojo\\\/#primaryimage\"},\"image\":{\"@id\":\"https:\\\/\\\/dlvradio.es\\\/sandias-con-flequillo-y-melonas-con-pintalabios-rojo\\\/#primaryimage\"},\"thumbnailUrl\":\"https:\\\/\\\/dlvradio.es\\\/wp-content\\\/uploads\\\/2024\\\/06\\\/Opinion-DLVRADIO.png\",\"datePublished\":\"2025-08-11T10:50:07+00:00\",\"description\":\"La pregunta es sencilla amigas, \u00bfalguna vez han visto una campa\u00f1a orquestada a nivel mundial en que grupos de hombres salgan en actitudes tan\",\"breadcrumb\":{\"@id\":\"https:\\\/\\\/dlvradio.es\\\/sandias-con-flequillo-y-melonas-con-pintalabios-rojo\\\/#breadcrumb\"},\"inLanguage\":\"en-US\",\"potentialAction\":[{\"@type\":\"ReadAction\",\"target\":[\"https:\\\/\\\/dlvradio.es\\\/sandias-con-flequillo-y-melonas-con-pintalabios-rojo\\\/\"]}]},{\"@type\":\"ImageObject\",\"inLanguage\":\"en-US\",\"@id\":\"https:\\\/\\\/dlvradio.es\\\/sandias-con-flequillo-y-melonas-con-pintalabios-rojo\\\/#primaryimage\",\"url\":\"https:\\\/\\\/dlvradio.es\\\/wp-content\\\/uploads\\\/2024\\\/06\\\/Opinion-DLVRADIO.png\",\"contentUrl\":\"https:\\\/\\\/dlvradio.es\\\/wp-content\\\/uploads\\\/2024\\\/06\\\/Opinion-DLVRADIO.png\",\"width\":1500,\"height\":1500,\"caption\":\"\u00bfEsta fiesta qui\u00e9n la paga?\"},{\"@type\":\"BreadcrumbList\",\"@id\":\"https:\\\/\\\/dlvradio.es\\\/sandias-con-flequillo-y-melonas-con-pintalabios-rojo\\\/#breadcrumb\",\"itemListElement\":[{\"@type\":\"ListItem\",\"position\":1,\"name\":\"Inicio\",\"item\":\"https:\\\/\\\/dlvradio.es\\\/\"},{\"@type\":\"ListItem\",\"position\":2,\"name\":\"Sand\u00edas con flequillo y melonas con pintalabios rojo\"}]},{\"@type\":\"WebSite\",\"@id\":\"https:\\\/\\\/dlvradio.es\\\/#website\",\"url\":\"https:\\\/\\\/dlvradio.es\\\/\",\"name\":\"DLVRADIO\",\"description\":\"Somos un medio de comunicaci\u00f3n alternativo a los medios tradicionales\",\"publisher\":{\"@id\":\"https:\\\/\\\/dlvradio.es\\\/#organization\"},\"potentialAction\":[{\"@type\":\"SearchAction\",\"target\":{\"@type\":\"EntryPoint\",\"urlTemplate\":\"https:\\\/\\\/dlvradio.es\\\/?s={search_term_string}\"},\"query-input\":{\"@type\":\"PropertyValueSpecification\",\"valueRequired\":true,\"valueName\":\"search_term_string\"}}],\"inLanguage\":\"en-US\"},{\"@type\":\"Organization\",\"@id\":\"https:\\\/\\\/dlvradio.es\\\/#organization\",\"name\":\"DLVRADIO\",\"url\":\"https:\\\/\\\/dlvradio.es\\\/\",\"logo\":{\"@type\":\"ImageObject\",\"inLanguage\":\"en-US\",\"@id\":\"https:\\\/\\\/dlvradio.es\\\/#\\\/schema\\\/logo\\\/image\\\/\",\"url\":\"\",\"contentUrl\":\"\",\"caption\":\"DLVRADIO\"},\"image\":{\"@id\":\"https:\\\/\\\/dlvradio.es\\\/#\\\/schema\\\/logo\\\/image\\\/\"},\"sameAs\":[\"https:\\\/\\\/www.facebook.com\\\/RadioDLVradio\\\/\",\"https:\\\/\\\/x.com\\\/RadioDlvradio\",\"https:\\\/\\\/www.instagram.com\\\/radiodlvradio\\\/\"]},{\"@type\":\"Person\",\"@id\":\"https:\\\/\\\/dlvradio.es\\\/#\\\/schema\\\/person\\\/6ee60897fbb7fb4ad6634c73f4be87fa\",\"name\":\"doominio\",\"sameAs\":[\"https:\\\/\\\/dlvradio.es\"]}]}<\/script>\n<!-- \/ Yoast SEO plugin. -->","yoast_head_json":{"title":"Sand\u00edas con flequillo y melonas con pintalabios rojo - DLVRADIO","description":"La pregunta es sencilla amigas, \u00bfalguna vez han visto una campa\u00f1a orquestada a nivel mundial en que grupos de hombres salgan en actitudes tan","robots":{"index":"index","follow":"follow","max-snippet":"max-snippet:-1","max-image-preview":"max-image-preview:large","max-video-preview":"max-video-preview:-1"},"canonical":"https:\/\/dlvradio.es\/en\/sandias-con-flequillo-y-melonas-con-pintalabios-rojo\/","og_locale":"en_US","og_type":"article","og_title":"Sand\u00edas con flequillo y melonas con pintalabios rojo - DLVRADIO","og_description":"La pregunta es sencilla amigas, \u00bfalguna vez han visto una campa\u00f1a orquestada a nivel mundial en que grupos de hombres salgan en actitudes tan","og_url":"https:\/\/dlvradio.es\/en\/sandias-con-flequillo-y-melonas-con-pintalabios-rojo\/","og_site_name":"DLVRADIO","article_publisher":"https:\/\/www.facebook.com\/RadioDLVradio\/","article_published_time":"2025-08-11T10:50:07+00:00","og_image":[{"width":1500,"height":1500,"url":"https:\/\/dlvradio.es\/wp-content\/uploads\/2024\/06\/Opinion-DLVRADIO.png","type":"image\/png"}],"author":"doominio","twitter_card":"summary_large_image","twitter_creator":"@RadioDlvradio","twitter_site":"@RadioDlvradio","schema":{"@context":"https:\/\/schema.org","@graph":[{"@type":"Article","@id":"https:\/\/dlvradio.es\/sandias-con-flequillo-y-melonas-con-pintalabios-rojo\/#article","isPartOf":{"@id":"https:\/\/dlvradio.es\/sandias-con-flequillo-y-melonas-con-pintalabios-rojo\/"},"author":{"name":"doominio","@id":"https:\/\/dlvradio.es\/#\/schema\/person\/6ee60897fbb7fb4ad6634c73f4be87fa"},"headline":"Sand\u00edas con flequillo y melonas con pintalabios rojo","datePublished":"2025-08-11T10:50:07+00:00","mainEntityOfPage":{"@id":"https:\/\/dlvradio.es\/sandias-con-flequillo-y-melonas-con-pintalabios-rojo\/"},"wordCount":919,"publisher":{"@id":"https:\/\/dlvradio.es\/#organization"},"image":{"@id":"https:\/\/dlvradio.es\/sandias-con-flequillo-y-melonas-con-pintalabios-rojo\/#primaryimage"},"thumbnailUrl":"https:\/\/dlvradio.es\/wp-content\/uploads\/2024\/06\/Opinion-DLVRADIO.png","keywords":["opini\u00f3n","sociedad"],"articleSection":["Opini\u00f3n"],"inLanguage":"en-US"},{"@type":"WebPage","@id":"https:\/\/dlvradio.es\/sandias-con-flequillo-y-melonas-con-pintalabios-rojo\/","url":"https:\/\/dlvradio.es\/sandias-con-flequillo-y-melonas-con-pintalabios-rojo\/","name":"Sand\u00edas con flequillo y melonas con pintalabios rojo - DLVRADIO","isPartOf":{"@id":"https:\/\/dlvradio.es\/#website"},"primaryImageOfPage":{"@id":"https:\/\/dlvradio.es\/sandias-con-flequillo-y-melonas-con-pintalabios-rojo\/#primaryimage"},"image":{"@id":"https:\/\/dlvradio.es\/sandias-con-flequillo-y-melonas-con-pintalabios-rojo\/#primaryimage"},"thumbnailUrl":"https:\/\/dlvradio.es\/wp-content\/uploads\/2024\/06\/Opinion-DLVRADIO.png","datePublished":"2025-08-11T10:50:07+00:00","description":"La pregunta es sencilla amigas, \u00bfalguna vez han visto una campa\u00f1a orquestada a nivel mundial en que grupos de hombres salgan en actitudes tan","breadcrumb":{"@id":"https:\/\/dlvradio.es\/sandias-con-flequillo-y-melonas-con-pintalabios-rojo\/#breadcrumb"},"inLanguage":"en-US","potentialAction":[{"@type":"ReadAction","target":["https:\/\/dlvradio.es\/sandias-con-flequillo-y-melonas-con-pintalabios-rojo\/"]}]},{"@type":"ImageObject","inLanguage":"en-US","@id":"https:\/\/dlvradio.es\/sandias-con-flequillo-y-melonas-con-pintalabios-rojo\/#primaryimage","url":"https:\/\/dlvradio.es\/wp-content\/uploads\/2024\/06\/Opinion-DLVRADIO.png","contentUrl":"https:\/\/dlvradio.es\/wp-content\/uploads\/2024\/06\/Opinion-DLVRADIO.png","width":1500,"height":1500,"caption":"\u00bfEsta fiesta qui\u00e9n la paga?"},{"@type":"BreadcrumbList","@id":"https:\/\/dlvradio.es\/sandias-con-flequillo-y-melonas-con-pintalabios-rojo\/#breadcrumb","itemListElement":[{"@type":"ListItem","position":1,"name":"Inicio","item":"https:\/\/dlvradio.es\/"},{"@type":"ListItem","position":2,"name":"Sand\u00edas con flequillo y melonas con pintalabios rojo"}]},{"@type":"WebSite","@id":"https:\/\/dlvradio.es\/#website","url":"https:\/\/dlvradio.es\/","name":"DLVRADIO","description":"We are an alternative media to traditional media","publisher":{"@id":"https:\/\/dlvradio.es\/#organization"},"potentialAction":[{"@type":"SearchAction","target":{"@type":"EntryPoint","urlTemplate":"https:\/\/dlvradio.es\/?s={search_term_string}"},"query-input":{"@type":"PropertyValueSpecification","valueRequired":true,"valueName":"search_term_string"}}],"inLanguage":"en-US"},{"@type":"Organization","@id":"https:\/\/dlvradio.es\/#organization","name":"DLVRADIO","url":"https:\/\/dlvradio.es\/","logo":{"@type":"ImageObject","inLanguage":"en-US","@id":"https:\/\/dlvradio.es\/#\/schema\/logo\/image\/","url":"","contentUrl":"","caption":"DLVRADIO"},"image":{"@id":"https:\/\/dlvradio.es\/#\/schema\/logo\/image\/"},"sameAs":["https:\/\/www.facebook.com\/RadioDLVradio\/","https:\/\/x.com\/RadioDlvradio","https:\/\/www.instagram.com\/radiodlvradio\/"]},{"@type":"Person","@id":"https:\/\/dlvradio.es\/#\/schema\/person\/6ee60897fbb7fb4ad6634c73f4be87fa","name":"doominio","sameAs":["https:\/\/dlvradio.es"]}]}},"_links":{"self":[{"href":"https:\/\/dlvradio.es\/en\/wp-json\/wp\/v2\/posts\/77703","targetHints":{"allow":["GET"]}}],"collection":[{"href":"https:\/\/dlvradio.es\/en\/wp-json\/wp\/v2\/posts"}],"about":[{"href":"https:\/\/dlvradio.es\/en\/wp-json\/wp\/v2\/types\/post"}],"author":[{"embeddable":true,"href":"https:\/\/dlvradio.es\/en\/wp-json\/wp\/v2\/users\/1"}],"replies":[{"embeddable":true,"href":"https:\/\/dlvradio.es\/en\/wp-json\/wp\/v2\/comments?post=77703"}],"version-history":[{"count":1,"href":"https:\/\/dlvradio.es\/en\/wp-json\/wp\/v2\/posts\/77703\/revisions"}],"predecessor-version":[{"id":77704,"href":"https:\/\/dlvradio.es\/en\/wp-json\/wp\/v2\/posts\/77703\/revisions\/77704"}],"wp:featuredmedia":[{"embeddable":true,"href":"https:\/\/dlvradio.es\/en\/wp-json\/wp\/v2\/media\/73053"}],"wp:attachment":[{"href":"https:\/\/dlvradio.es\/en\/wp-json\/wp\/v2\/media?parent=77703"}],"wp:term":[{"taxonomy":"category","embeddable":true,"href":"https:\/\/dlvradio.es\/en\/wp-json\/wp\/v2\/categories?post=77703"},{"taxonomy":"post_tag","embeddable":true,"href":"https:\/\/dlvradio.es\/en\/wp-json\/wp\/v2\/tags?post=77703"}],"curies":[{"name":"wp","href":"https:\/\/api.w.org\/{rel}","templated":true}]}}