{"id":77796,"date":"2025-09-02T12:26:34","date_gmt":"2025-09-02T10:26:34","guid":{"rendered":"https:\/\/dlvradio.es\/?p=77796"},"modified":"2025-09-02T12:26:34","modified_gmt":"2025-09-02T10:26:34","slug":"una-trayectoria-compartida-de-lucha-feminista","status":"publish","type":"post","link":"https:\/\/dlvradio.es\/en\/una-trayectoria-compartida-de-lucha-feminista\/","title":{"rendered":"Una trayectoria compartida de lucha feminista"},"content":{"rendered":"<p style=\"text-align: center;\"><strong><i class=\"fas fa-quote-left\"><\/i>Nac\u00ed en la lucha obrera, donde aprend\u00ed que resistir era cuesti\u00f3n de supervivencia. Pero fue el feminismo el que me abri\u00f3 otro horizonte: no s\u00f3lo resistir, sino crecer juntas, construir y transformar. En ese camino encontr\u00e9 mujeres imprescindibles. Soy feliz en el feminismo, porque lo que hacemos no nace del poder, ni de la ambici\u00f3n, ni del ego, sino del amor a las mujeres y a la vida digna<i class=\"fas fa-quote-right\"><\/i>.<\/strong><\/p>\n<p>No me atraen en exceso ni las redes sociales, ni el ruido, ni la sobreexposici\u00f3n. Creo que esa distancia me ayuda a mantener el foco y la independencia.<\/p>\n<p>En mi genealog\u00eda hay dos presencias que marcan huella: Carlota B., en la pr\u00e1ctica, siempre sosteni\u00e9ndome; y Anna Prats, en la teor\u00eda, compartiendo pensamiento y amistad. De ellas, y de tantas otras, aprend\u00ed que el feminismo no se hereda: se construye con el cuerpo, con la palabra y con la acci\u00f3n.<\/p>\n<p>Desde que cofund\u00e9 C\u00e1diz Abolicionista he caminado junto a compa\u00f1eras valientes en m\u00e1s de una docena de campa\u00f1as contra proxenetas y puteros. Hemos se\u00f1alado con nombres y apellidos a quienes, desde la universidad p\u00fablica, la pol\u00edtica o la administraci\u00f3n, han pretendido recortar los derechos de las mujeres. No hemos tenido miedo de ocupar espacios, confrontar privilegios ni incomodar a los poderes establecidos, aun cuando esos puestos estuvieran ocupados por amigas de toda la vida. Porque aprendimos que lo que da sentido a la lucha no son los ataques recibidos, sino la certeza de sabernos acompa\u00f1adas por tantas mujeres que no se rinden.<\/p>\n<p>En estos a\u00f1os hemos sido la \u00fanica voz feminista presente en el Consejo Municipal de la Mujer de C\u00e1diz, defendiendo los derechos de las mujeres por el hecho de ser mujeres. Siempre con independencia de partidos, porque lo tenemos claro: no se trata de nosotras, se trata de todas.<\/p>\n<p>No han faltado confrontaciones, incluso con quienes se dec\u00edan cercanos. En plenos municipales bajo la legislatura de Jos\u00e9 Mar\u00eda Gonz\u00e1lez, o en la Universidad de C\u00e1diz, que a\u00fan hoy mantiene cerradas sus puertas a nuestro activismo y se ha sumado a la difamaci\u00f3n personal y profesional. Esas heridas duelen, pero tambi\u00e9n ense\u00f1an: la coherencia tiene un precio, y la incomodidad es parte del pensamiento cr\u00edtico.<\/p>\n<p>A pesar de todo, seguimos generando espacios propios. En 2024 nacieron nuestras Escuelas Feministas de Pensamiento Cr\u00edtico, precisamente en la Universidad de C\u00e1diz, a pesar de las amenazas. Este a\u00f1o a\u00fan no puedo contar en qu\u00e9 condiciones, pero lo har\u00e9. Lo cierto es que no nos moveremos: nos quedaremos. Ese es nuestro acto de resistencia. Primero en el campus de Jerez y ahora en la Facultad de Enfermer\u00eda de C\u00e1diz, son proyectos levantados con esfuerzo colectivo, con financiaci\u00f3n leg\u00edtima y con la convicci\u00f3n de que el feminismo tiene derecho a ocupar la universidad, ese lugar que tantas veces nos fue negado.<\/p>\n<p>Tambi\u00e9n impulsamos la Plataforma Andaluza de Mujeres Abolicionistas (PAMA) y los Congresos Abolicionistas en Andaluc\u00eda, nacidos en plena pandemia, cuando los recursos eran escasos pero la voluntad inmensa. Aquella primera edici\u00f3n fue un acto de resistencia \u2014que a\u00fan me acompa\u00f1a mordida del brazo\u2014; la segunda, un ejercicio de organizaci\u00f3n; y las que siguieron \u2014en C\u00e1diz, Almer\u00eda y ahora C\u00f3rdoba\u2014 son la prueba de que el feminismo radical sigue vivo, en disputa y en movimiento. No es f\u00e1cil, no est\u00e1 exento de tensiones, pero ah\u00ed reside su fuerza: en su capacidad de sacudirnos y obligarnos a pensar.<\/p>\n<p>Por el camino hemos soportado boicots, difamaciones y ataques personales. Pero ninguna denuncia ni sanci\u00f3n pesa sobre mi o ninguna de mis compa\u00f1eras, porque nuestro compromiso no es oportunista ni remunerado, sino pol\u00edtico y vital. Y pese a las dificultades, seguimos en pie.<\/p>\n<p>Hoy puedo decirlo con certeza: yo, Mayca Romero S\u00e1nchez de la Campa, sigo aqu\u00ed. Pero no estoy sola. Camino con todas las que estuvieron y con las que a\u00fan est\u00e1n, defendiendo los derechos de las mujeres frente al proxenetismo, la prostituci\u00f3n y las violencias machistas. Construyendo genealog\u00eda feminista, sosteniendo dignidad.<\/p>\n<p>He aprendido a corregir errores, a mejorar lo necesario y a pedir ayuda cuando hace falta. Porque no se trata de insistir en lo que hiere, sino de evitar que vuelva a suceder.<\/p>\n<p>Aunque intenten debilitarnos o boicotear nuestros espacios, seguimos en pie. Porque no se trata de una sola mujer: Se trata de muchas.<\/p>\n<p>Y no olvidamos lo urgente: nuestra compa\u00f1era Ibtissame \u201cBetty\u201d Lachgar, encarcelada injustamente en Marruecos. Su libertad es tambi\u00e9n la nuestra, y mientras ella resiste, nosotras no dejaremos de luchar.<\/p>\n<p><em><strong>Mayca Romero S\u00e1nchez de la Campa<\/strong>. Cofundadora de C\u00e1diz Abolicionista y Fundadora de la Plataforma Andaluza de Mujeres Abolicionistas.<\/em><\/p>","protected":false},"excerpt":{"rendered":"<p>Nac\u00ed en la lucha obrera, donde aprend\u00ed que resistir era cuesti\u00f3n de supervivencia. Pero fue el feminismo el que me abri\u00f3 otro horizonte: no s\u00f3lo resistir, sino crecer juntas, construir y transformar. En ese camino encontr\u00e9 mujeres imprescindibles. Soy feliz en el feminismo, porque lo que hacemos no nace del poder, ni de la ambici\u00f3n, [&hellip;]<\/p>\n","protected":false},"author":1,"featured_media":73758,"comment_status":"closed","ping_status":"closed","sticky":false,"template":"","format":"standard","meta":{"_acf_changed":false,"footnotes":""},"categories":[2461],"tags":[2471,2502,2469],"class_list":["post-77796","post","type-post","status-publish","format-standard","has-post-thumbnail","hentry","category-opinion","tag-feminismo","tag-mujer","tag-opinion"],"acf":[],"yoast_head":"<!-- This site is optimized with the Yoast SEO plugin v27.4 - https:\/\/yoast.com\/product\/yoast-seo-wordpress\/ -->\n<title>Una trayectoria compartida de lucha feminista - DLVRADIO<\/title>\n<meta name=\"description\" content=\"Nac\u00ed en la lucha obrera, donde aprend\u00ed que resistir era cuesti\u00f3n de supervivencia. Pero fue el feminismo el que me abri\u00f3 otro horizonte: no s\u00f3lo resistir,\" \/>\n<meta name=\"robots\" content=\"index, follow, max-snippet:-1, max-image-preview:large, max-video-preview:-1\" \/>\n<link rel=\"canonical\" href=\"https:\/\/dlvradio.es\/en\/una-trayectoria-compartida-de-lucha-feminista\/\" \/>\n<meta property=\"og:locale\" content=\"en_US\" \/>\n<meta property=\"og:type\" content=\"article\" \/>\n<meta property=\"og:title\" content=\"Una trayectoria compartida de lucha feminista - DLVRADIO\" \/>\n<meta property=\"og:description\" content=\"Nac\u00ed en la lucha obrera, donde aprend\u00ed que resistir era cuesti\u00f3n de supervivencia. Pero fue el feminismo el que me abri\u00f3 otro horizonte: no s\u00f3lo resistir,\" \/>\n<meta property=\"og:url\" content=\"https:\/\/dlvradio.es\/en\/una-trayectoria-compartida-de-lucha-feminista\/\" \/>\n<meta property=\"og:site_name\" content=\"DLVRADIO\" \/>\n<meta property=\"article:publisher\" content=\"https:\/\/www.facebook.com\/RadioDLVradio\/\" \/>\n<meta property=\"article:published_time\" content=\"2025-09-02T10:26:34+00:00\" \/>\n<meta property=\"og:image\" content=\"https:\/\/dlvradio.es\/wp-content\/uploads\/2024\/08\/Opinion-Maika-DLVRADIO.png\" \/>\n\t<meta property=\"og:image:width\" content=\"1500\" \/>\n\t<meta property=\"og:image:height\" content=\"1500\" \/>\n\t<meta property=\"og:image:type\" content=\"image\/png\" \/>\n<meta name=\"author\" content=\"doominio\" \/>\n<meta name=\"twitter:card\" content=\"summary_large_image\" \/>\n<meta name=\"twitter:creator\" content=\"@RadioDlvradio\" \/>\n<meta name=\"twitter:site\" content=\"@RadioDlvradio\" \/>\n<script type=\"application\/ld+json\" class=\"yoast-schema-graph\">{\"@context\":\"https:\\\/\\\/schema.org\",\"@graph\":[{\"@type\":\"Article\",\"@id\":\"https:\\\/\\\/dlvradio.es\\\/una-trayectoria-compartida-de-lucha-feminista\\\/#article\",\"isPartOf\":{\"@id\":\"https:\\\/\\\/dlvradio.es\\\/una-trayectoria-compartida-de-lucha-feminista\\\/\"},\"author\":{\"name\":\"doominio\",\"@id\":\"https:\\\/\\\/dlvradio.es\\\/#\\\/schema\\\/person\\\/6ee60897fbb7fb4ad6634c73f4be87fa\"},\"headline\":\"Una trayectoria compartida de lucha feminista\",\"datePublished\":\"2025-09-02T10:26:34+00:00\",\"mainEntityOfPage\":{\"@id\":\"https:\\\/\\\/dlvradio.es\\\/una-trayectoria-compartida-de-lucha-feminista\\\/\"},\"wordCount\":832,\"publisher\":{\"@id\":\"https:\\\/\\\/dlvradio.es\\\/#organization\"},\"image\":{\"@id\":\"https:\\\/\\\/dlvradio.es\\\/una-trayectoria-compartida-de-lucha-feminista\\\/#primaryimage\"},\"thumbnailUrl\":\"https:\\\/\\\/dlvradio.es\\\/wp-content\\\/uploads\\\/2024\\\/08\\\/Opinion-Maika-DLVRADIO.png\",\"keywords\":[\"feminismo\",\"Mujer\",\"opini\u00f3n\"],\"articleSection\":[\"Opini\u00f3n\"],\"inLanguage\":\"en-US\"},{\"@type\":\"WebPage\",\"@id\":\"https:\\\/\\\/dlvradio.es\\\/una-trayectoria-compartida-de-lucha-feminista\\\/\",\"url\":\"https:\\\/\\\/dlvradio.es\\\/una-trayectoria-compartida-de-lucha-feminista\\\/\",\"name\":\"Una trayectoria compartida de lucha feminista - DLVRADIO\",\"isPartOf\":{\"@id\":\"https:\\\/\\\/dlvradio.es\\\/#website\"},\"primaryImageOfPage\":{\"@id\":\"https:\\\/\\\/dlvradio.es\\\/una-trayectoria-compartida-de-lucha-feminista\\\/#primaryimage\"},\"image\":{\"@id\":\"https:\\\/\\\/dlvradio.es\\\/una-trayectoria-compartida-de-lucha-feminista\\\/#primaryimage\"},\"thumbnailUrl\":\"https:\\\/\\\/dlvradio.es\\\/wp-content\\\/uploads\\\/2024\\\/08\\\/Opinion-Maika-DLVRADIO.png\",\"datePublished\":\"2025-09-02T10:26:34+00:00\",\"description\":\"Nac\u00ed en la lucha obrera, donde aprend\u00ed que resistir era cuesti\u00f3n de supervivencia. Pero fue el feminismo el que me abri\u00f3 otro horizonte: no s\u00f3lo resistir,\",\"breadcrumb\":{\"@id\":\"https:\\\/\\\/dlvradio.es\\\/una-trayectoria-compartida-de-lucha-feminista\\\/#breadcrumb\"},\"inLanguage\":\"en-US\",\"potentialAction\":[{\"@type\":\"ReadAction\",\"target\":[\"https:\\\/\\\/dlvradio.es\\\/una-trayectoria-compartida-de-lucha-feminista\\\/\"]}]},{\"@type\":\"ImageObject\",\"inLanguage\":\"en-US\",\"@id\":\"https:\\\/\\\/dlvradio.es\\\/una-trayectoria-compartida-de-lucha-feminista\\\/#primaryimage\",\"url\":\"https:\\\/\\\/dlvradio.es\\\/wp-content\\\/uploads\\\/2024\\\/08\\\/Opinion-Maika-DLVRADIO.png\",\"contentUrl\":\"https:\\\/\\\/dlvradio.es\\\/wp-content\\\/uploads\\\/2024\\\/08\\\/Opinion-Maika-DLVRADIO.png\",\"width\":1500,\"height\":1500,\"caption\":\"La Inclusi\u00f3n de Influencias Religiosas en el Movimiento Feminista Espa\u00f1ol\"},{\"@type\":\"BreadcrumbList\",\"@id\":\"https:\\\/\\\/dlvradio.es\\\/una-trayectoria-compartida-de-lucha-feminista\\\/#breadcrumb\",\"itemListElement\":[{\"@type\":\"ListItem\",\"position\":1,\"name\":\"Inicio\",\"item\":\"https:\\\/\\\/dlvradio.es\\\/\"},{\"@type\":\"ListItem\",\"position\":2,\"name\":\"Una trayectoria compartida de lucha feminista\"}]},{\"@type\":\"WebSite\",\"@id\":\"https:\\\/\\\/dlvradio.es\\\/#website\",\"url\":\"https:\\\/\\\/dlvradio.es\\\/\",\"name\":\"DLVRADIO\",\"description\":\"Somos un medio de comunicaci\u00f3n alternativo a los medios tradicionales\",\"publisher\":{\"@id\":\"https:\\\/\\\/dlvradio.es\\\/#organization\"},\"potentialAction\":[{\"@type\":\"SearchAction\",\"target\":{\"@type\":\"EntryPoint\",\"urlTemplate\":\"https:\\\/\\\/dlvradio.es\\\/?s={search_term_string}\"},\"query-input\":{\"@type\":\"PropertyValueSpecification\",\"valueRequired\":true,\"valueName\":\"search_term_string\"}}],\"inLanguage\":\"en-US\"},{\"@type\":\"Organization\",\"@id\":\"https:\\\/\\\/dlvradio.es\\\/#organization\",\"name\":\"DLVRADIO\",\"url\":\"https:\\\/\\\/dlvradio.es\\\/\",\"logo\":{\"@type\":\"ImageObject\",\"inLanguage\":\"en-US\",\"@id\":\"https:\\\/\\\/dlvradio.es\\\/#\\\/schema\\\/logo\\\/image\\\/\",\"url\":\"\",\"contentUrl\":\"\",\"caption\":\"DLVRADIO\"},\"image\":{\"@id\":\"https:\\\/\\\/dlvradio.es\\\/#\\\/schema\\\/logo\\\/image\\\/\"},\"sameAs\":[\"https:\\\/\\\/www.facebook.com\\\/RadioDLVradio\\\/\",\"https:\\\/\\\/x.com\\\/RadioDlvradio\",\"https:\\\/\\\/www.instagram.com\\\/radiodlvradio\\\/\"]},{\"@type\":\"Person\",\"@id\":\"https:\\\/\\\/dlvradio.es\\\/#\\\/schema\\\/person\\\/6ee60897fbb7fb4ad6634c73f4be87fa\",\"name\":\"doominio\",\"sameAs\":[\"https:\\\/\\\/dlvradio.es\"]}]}<\/script>\n<!-- \/ Yoast SEO plugin. -->","yoast_head_json":{"title":"Una trayectoria compartida de lucha feminista - DLVRADIO","description":"Nac\u00ed en la lucha obrera, donde aprend\u00ed que resistir era cuesti\u00f3n de supervivencia. Pero fue el feminismo el que me abri\u00f3 otro horizonte: no s\u00f3lo resistir,","robots":{"index":"index","follow":"follow","max-snippet":"max-snippet:-1","max-image-preview":"max-image-preview:large","max-video-preview":"max-video-preview:-1"},"canonical":"https:\/\/dlvradio.es\/en\/una-trayectoria-compartida-de-lucha-feminista\/","og_locale":"en_US","og_type":"article","og_title":"Una trayectoria compartida de lucha feminista - DLVRADIO","og_description":"Nac\u00ed en la lucha obrera, donde aprend\u00ed que resistir era cuesti\u00f3n de supervivencia. Pero fue el feminismo el que me abri\u00f3 otro horizonte: no s\u00f3lo resistir,","og_url":"https:\/\/dlvradio.es\/en\/una-trayectoria-compartida-de-lucha-feminista\/","og_site_name":"DLVRADIO","article_publisher":"https:\/\/www.facebook.com\/RadioDLVradio\/","article_published_time":"2025-09-02T10:26:34+00:00","og_image":[{"width":1500,"height":1500,"url":"https:\/\/dlvradio.es\/wp-content\/uploads\/2024\/08\/Opinion-Maika-DLVRADIO.png","type":"image\/png"}],"author":"doominio","twitter_card":"summary_large_image","twitter_creator":"@RadioDlvradio","twitter_site":"@RadioDlvradio","schema":{"@context":"https:\/\/schema.org","@graph":[{"@type":"Article","@id":"https:\/\/dlvradio.es\/una-trayectoria-compartida-de-lucha-feminista\/#article","isPartOf":{"@id":"https:\/\/dlvradio.es\/una-trayectoria-compartida-de-lucha-feminista\/"},"author":{"name":"doominio","@id":"https:\/\/dlvradio.es\/#\/schema\/person\/6ee60897fbb7fb4ad6634c73f4be87fa"},"headline":"Una trayectoria compartida de lucha feminista","datePublished":"2025-09-02T10:26:34+00:00","mainEntityOfPage":{"@id":"https:\/\/dlvradio.es\/una-trayectoria-compartida-de-lucha-feminista\/"},"wordCount":832,"publisher":{"@id":"https:\/\/dlvradio.es\/#organization"},"image":{"@id":"https:\/\/dlvradio.es\/una-trayectoria-compartida-de-lucha-feminista\/#primaryimage"},"thumbnailUrl":"https:\/\/dlvradio.es\/wp-content\/uploads\/2024\/08\/Opinion-Maika-DLVRADIO.png","keywords":["feminismo","Mujer","opini\u00f3n"],"articleSection":["Opini\u00f3n"],"inLanguage":"en-US"},{"@type":"WebPage","@id":"https:\/\/dlvradio.es\/una-trayectoria-compartida-de-lucha-feminista\/","url":"https:\/\/dlvradio.es\/una-trayectoria-compartida-de-lucha-feminista\/","name":"Una trayectoria compartida de lucha feminista - DLVRADIO","isPartOf":{"@id":"https:\/\/dlvradio.es\/#website"},"primaryImageOfPage":{"@id":"https:\/\/dlvradio.es\/una-trayectoria-compartida-de-lucha-feminista\/#primaryimage"},"image":{"@id":"https:\/\/dlvradio.es\/una-trayectoria-compartida-de-lucha-feminista\/#primaryimage"},"thumbnailUrl":"https:\/\/dlvradio.es\/wp-content\/uploads\/2024\/08\/Opinion-Maika-DLVRADIO.png","datePublished":"2025-09-02T10:26:34+00:00","description":"Nac\u00ed en la lucha obrera, donde aprend\u00ed que resistir era cuesti\u00f3n de supervivencia. Pero fue el feminismo el que me abri\u00f3 otro horizonte: no s\u00f3lo resistir,","breadcrumb":{"@id":"https:\/\/dlvradio.es\/una-trayectoria-compartida-de-lucha-feminista\/#breadcrumb"},"inLanguage":"en-US","potentialAction":[{"@type":"ReadAction","target":["https:\/\/dlvradio.es\/una-trayectoria-compartida-de-lucha-feminista\/"]}]},{"@type":"ImageObject","inLanguage":"en-US","@id":"https:\/\/dlvradio.es\/una-trayectoria-compartida-de-lucha-feminista\/#primaryimage","url":"https:\/\/dlvradio.es\/wp-content\/uploads\/2024\/08\/Opinion-Maika-DLVRADIO.png","contentUrl":"https:\/\/dlvradio.es\/wp-content\/uploads\/2024\/08\/Opinion-Maika-DLVRADIO.png","width":1500,"height":1500,"caption":"La Inclusi\u00f3n de Influencias Religiosas en el Movimiento Feminista Espa\u00f1ol"},{"@type":"BreadcrumbList","@id":"https:\/\/dlvradio.es\/una-trayectoria-compartida-de-lucha-feminista\/#breadcrumb","itemListElement":[{"@type":"ListItem","position":1,"name":"Inicio","item":"https:\/\/dlvradio.es\/"},{"@type":"ListItem","position":2,"name":"Una trayectoria compartida de lucha feminista"}]},{"@type":"WebSite","@id":"https:\/\/dlvradio.es\/#website","url":"https:\/\/dlvradio.es\/","name":"DLVRADIO","description":"We are an alternative media to traditional media","publisher":{"@id":"https:\/\/dlvradio.es\/#organization"},"potentialAction":[{"@type":"SearchAction","target":{"@type":"EntryPoint","urlTemplate":"https:\/\/dlvradio.es\/?s={search_term_string}"},"query-input":{"@type":"PropertyValueSpecification","valueRequired":true,"valueName":"search_term_string"}}],"inLanguage":"en-US"},{"@type":"Organization","@id":"https:\/\/dlvradio.es\/#organization","name":"DLVRADIO","url":"https:\/\/dlvradio.es\/","logo":{"@type":"ImageObject","inLanguage":"en-US","@id":"https:\/\/dlvradio.es\/#\/schema\/logo\/image\/","url":"","contentUrl":"","caption":"DLVRADIO"},"image":{"@id":"https:\/\/dlvradio.es\/#\/schema\/logo\/image\/"},"sameAs":["https:\/\/www.facebook.com\/RadioDLVradio\/","https:\/\/x.com\/RadioDlvradio","https:\/\/www.instagram.com\/radiodlvradio\/"]},{"@type":"Person","@id":"https:\/\/dlvradio.es\/#\/schema\/person\/6ee60897fbb7fb4ad6634c73f4be87fa","name":"doominio","sameAs":["https:\/\/dlvradio.es"]}]}},"_links":{"self":[{"href":"https:\/\/dlvradio.es\/en\/wp-json\/wp\/v2\/posts\/77796","targetHints":{"allow":["GET"]}}],"collection":[{"href":"https:\/\/dlvradio.es\/en\/wp-json\/wp\/v2\/posts"}],"about":[{"href":"https:\/\/dlvradio.es\/en\/wp-json\/wp\/v2\/types\/post"}],"author":[{"embeddable":true,"href":"https:\/\/dlvradio.es\/en\/wp-json\/wp\/v2\/users\/1"}],"replies":[{"embeddable":true,"href":"https:\/\/dlvradio.es\/en\/wp-json\/wp\/v2\/comments?post=77796"}],"version-history":[{"count":1,"href":"https:\/\/dlvradio.es\/en\/wp-json\/wp\/v2\/posts\/77796\/revisions"}],"predecessor-version":[{"id":77797,"href":"https:\/\/dlvradio.es\/en\/wp-json\/wp\/v2\/posts\/77796\/revisions\/77797"}],"wp:featuredmedia":[{"embeddable":true,"href":"https:\/\/dlvradio.es\/en\/wp-json\/wp\/v2\/media\/73758"}],"wp:attachment":[{"href":"https:\/\/dlvradio.es\/en\/wp-json\/wp\/v2\/media?parent=77796"}],"wp:term":[{"taxonomy":"category","embeddable":true,"href":"https:\/\/dlvradio.es\/en\/wp-json\/wp\/v2\/categories?post=77796"},{"taxonomy":"post_tag","embeddable":true,"href":"https:\/\/dlvradio.es\/en\/wp-json\/wp\/v2\/tags?post=77796"}],"curies":[{"name":"wp","href":"https:\/\/api.w.org\/{rel}","templated":true}]}}