{"id":77851,"date":"2025-09-15T19:01:57","date_gmt":"2025-09-15T17:01:57","guid":{"rendered":"https:\/\/dlvradio.es\/?p=77851"},"modified":"2025-09-15T19:01:57","modified_gmt":"2025-09-15T17:01:57","slug":"mas-de-60-municipios-espanoles-mediran-temperaturas-para-evidenciar-el-fenomeno-isla-de-calor-en-una-actividad-de-ciencia-ciudadana","status":"publish","type":"post","link":"https:\/\/dlvradio.es\/en\/mas-de-60-municipios-espanoles-mediran-temperaturas-para-evidenciar-el-fenomeno-isla-de-calor-en-una-actividad-de-ciencia-ciudadana\/","title":{"rendered":"M\u00e1s de 60 municipios espa\u00f1oles medir\u00e1n temperaturas para evidenciar el fen\u00f3meno isla de calor en una actividad de ciencia ciudadana"},"content":{"rendered":"<h3><strong>M\u00e1s de 60 municipios espa\u00f1oles medir\u00e1n temperaturas para evidenciar el fen\u00f3meno isla de calor en una actividad de ciencia ciudadana<\/strong><\/h3>\n<p>La Termometrada de 2025, promovida por organizaciones como Salvemos Nuestros Parques, Juventud por el Clima o Ecologistas en Acci\u00f3n, participan alrededor de 700 personas, que medir\u00e1n el confort t\u00e9rmico en 24 capitales de provincia y 44 municipios.<\/p>\n<p>La acci\u00f3n para medir las temperaturas de m\u00e1s de 60 localidades espa\u00f1olas tiene como antecedente la Termometrada organizada en Madrid el 8 de julio de 2023, una iniciativa en la que participaron personas de 15 barrios y municipios de Madrid. Realizaron mediciones simult\u00e1neas en puntos dispares para poder hacer estudios comparativos de la temperatura en espacios con diferentes caracter\u00edsticas urban\u00edsticas.<\/p>\n<p>Las nuevas mediciones se efectuar\u00e1n el s\u00e1bado d\u00eda 20 de septiembre. Habr\u00e1 un total de 200 puntos de medici\u00f3n conforme al siguiente formato: cada una de las personas participantes se compromete a llevar a cabo tres mediciones en el d\u00eda indicado y en el lugar que tenga asignado. Las mediciones se efectuar\u00e1n a las ocho de la ma\u00f1ana, las cinco de la tarde y las once de la noche para recoger tres momentos del d\u00eda: el momento en el que la ciudad se ha enfriado a lo largo de la noche, el momento de mayor insolaci\u00f3n, en el que el pavimento ha absorbido m\u00e1s cantidad de calor, y unas horas despu\u00e9s de la puesta de sol, cuando la ciudad haya disipado parte del calor acumulado a lo largo del d\u00eda.<\/p>\n<p>Las personas participantes trabajar\u00e1n de forma coordinada en grupos de tres, cada una de ellas en un entorno urban\u00edstico diferente: un espacio, al que se denomina Para\u00edso, contar\u00e1 con pavimento permeable, de hierba o tierra, y la sombra de un \u00e1rbol con buen porte; el segundo espacio, denominado Intermedio, contar\u00e1 con pavimento duro, de asfalto, granito o losa artificial, y deber\u00e1 estar tambi\u00e9n bien sombreado; el tercer espacio, denominado Infierno, ser\u00e1 de pavimento impermeable de asfalto, granito o losa artificial y no recibir\u00e1 sombra alguna a lo largo del d\u00eda. Los espacios Para\u00edso, Intermedio e Infierno estar\u00e1n situados en una zona del pueblo o ciudad con cierta homogeneidad (un barrio, un distrito), para permitir comparar los resultados en funci\u00f3n de la configuraci\u00f3n urban\u00edstica de cada uno de ellos.<\/p>\n<p>Intervenir en tres puntos relativamente pr\u00f3ximos pero con caracter\u00edsticas tan diferentes posibilitar\u00e1 establecer comparaciones entre las prestaciones urban\u00edsticas de cada punto y las temperaturas registradas. Los resultados esperados permitir\u00e1n evidenciar en qu\u00e9 medida la habitabilidad de la ciudad depende de las condiciones constructivas y de la dotaci\u00f3n de verde urbano disponible.<\/p>\n<p>La Termometrada es una actividad que se propone evidenciar la necesidad de poner en marcha pol\u00edticas de adaptaci\u00f3n de los pueblos y ciudades a las altas temperaturas demostrando que los espacios que cuentan con buena dotaci\u00f3n de praderas, arbolado, estrato arbustivo y hierbas silvestres, los espacios renaturalizados, son determinantes a la hora de generar entornos confortables que permitan incrementar la habitabilidad de nuestros barrios.<\/p>\n<p>Los datos obtenidos en cada espacio se registrar\u00e1n en www.termometrada.org, sitio creado expresamente para alojar los resultados de cada medici\u00f3n. La web ofrecer\u00e1 un mapa con la localizaci\u00f3n de cada uno de los puntos de intervenci\u00f3n indicando las coordenadas geogr\u00e1ficas, fotograf\u00eda del lugar y las tres mediciones obtenidas.<\/p>\n<p>Con esta actividad las personas participantes quieren evidenciar y denunciar la falta de ambici\u00f3n de la mayor\u00eda de ciudades espa\u00f1olas en las pol\u00edticas de adaptaci\u00f3n al cambio clim\u00e1tico. \u201cMientras que ciudades que soportan temperaturas mucho menos extremas, como R\u00f3terdam, \u00c1msterdam, Friburgo o Par\u00eds, est\u00e1n implementando pol\u00edticas de plantaci\u00f3n masiva de \u00e1rboles o despavimentando espacios urbanos para combatir las olas de calor o las lluvias torrenciales, en el Estado espa\u00f1ol seguimos dando prioridad al coche y el asfalto, cortando \u00e1rboles urbanos de porte o con dise\u00f1os urbanos que no responden a la realidad de la gravedad e intensidad de los problemas derivados de la crisis clim\u00e1tica\u201d.<\/p>\n<p>En las reuniones preparatorias de la Termometrada se ha evidenciado que la falta de arbolado no es un problema solo de los n\u00facleos urbanos grandes sino que afecta igualmente a peque\u00f1os municipios, que temen que con el pretexto del desarrollo se cometan en los pueblos errores como el exceso de pavimentaci\u00f3n que sufren las ciudades.<\/p>\n<p>Independientemente de los resultados de las mediciones, la organizaci\u00f3n estima que la iniciativa ya es todo un \u00e9xito, pues demuestra la necesidad de aplicar f\u00f3rmulas de ciencia ciudadana al estudio de las condiciones de habitabilidad de los pueblos y ciudades y demuestra la gran sensibilidad existente entre la ciudadan\u00eda en general en relaci\u00f3n con la adaptaci\u00f3n de los espacios urbanos a las altas temperaturas, pues el volumen de localidades y personas inscritas ha superado en un plazo de tiempo muy corto las expectativas de participaci\u00f3n.<\/p>","protected":false},"excerpt":{"rendered":"<p>M\u00e1s de 60 municipios espa\u00f1oles medir\u00e1n temperaturas para evidenciar el fen\u00f3meno isla de calor en una actividad de ciencia ciudadana La Termometrada de 2025, promovida por organizaciones como Salvemos Nuestros Parques, Juventud por el Clima o Ecologistas en Acci\u00f3n, participan alrededor de 700 personas, que medir\u00e1n el confort t\u00e9rmico en 24 capitales de provincia y [&hellip;]<\/p>\n","protected":false},"author":1,"featured_media":77852,"comment_status":"closed","ping_status":"closed","sticky":false,"template":"","format":"standard","meta":{"_acf_changed":false,"footnotes":""},"categories":[2711],"tags":[2478,2466],"class_list":["post-77851","post","type-post","status-publish","format-standard","has-post-thumbnail","hentry","category-emergencia-climatica","tag-ecologia","tag-espana"],"acf":[],"yoast_head":"<!-- This site is optimized with the Yoast SEO plugin v27.4 - https:\/\/yoast.com\/product\/yoast-seo-wordpress\/ -->\n<title>M\u00e1s de 60 municipios espa\u00f1oles medir\u00e1n temperaturas para evidenciar el fen\u00f3meno isla de calor en una actividad de ciencia ciudadana - DLVRADIO<\/title>\n<meta name=\"description\" content=\"M\u00e1s de 60 municipios espa\u00f1oles medir\u00e1n temperaturas para evidenciar el fen\u00f3meno isla de calor en una actividad de ciencia ciudadana La Termometrada de\" \/>\n<meta name=\"robots\" content=\"index, follow, max-snippet:-1, max-image-preview:large, max-video-preview:-1\" \/>\n<link rel=\"canonical\" href=\"https:\/\/dlvradio.es\/en\/mas-de-60-municipios-espanoles-mediran-temperaturas-para-evidenciar-el-fenomeno-isla-de-calor-en-una-actividad-de-ciencia-ciudadana\/\" \/>\n<meta property=\"og:locale\" content=\"en_US\" \/>\n<meta property=\"og:type\" content=\"article\" \/>\n<meta property=\"og:title\" content=\"M\u00e1s de 60 municipios espa\u00f1oles medir\u00e1n temperaturas para evidenciar el fen\u00f3meno isla de calor en una actividad de ciencia ciudadana - DLVRADIO\" \/>\n<meta property=\"og:description\" content=\"M\u00e1s de 60 municipios espa\u00f1oles medir\u00e1n temperaturas para evidenciar el fen\u00f3meno isla de calor en una actividad de ciencia ciudadana La Termometrada de\" \/>\n<meta property=\"og:url\" content=\"https:\/\/dlvradio.es\/en\/mas-de-60-municipios-espanoles-mediran-temperaturas-para-evidenciar-el-fenomeno-isla-de-calor-en-una-actividad-de-ciencia-ciudadana\/\" \/>\n<meta property=\"og:site_name\" content=\"DLVRADIO\" \/>\n<meta property=\"article:publisher\" content=\"https:\/\/www.facebook.com\/RadioDLVradio\/\" \/>\n<meta property=\"article:published_time\" content=\"2025-09-15T17:01:57+00:00\" \/>\n<meta property=\"og:image\" content=\"https:\/\/dlvradio.es\/wp-content\/uploads\/2025\/09\/DLVRADIO.ES_-4-1024x1024.png\" \/>\n\t<meta property=\"og:image:width\" content=\"1024\" \/>\n\t<meta property=\"og:image:height\" content=\"1024\" \/>\n\t<meta property=\"og:image:type\" content=\"image\/png\" \/>\n<meta name=\"author\" content=\"doominio\" \/>\n<meta name=\"twitter:card\" content=\"summary_large_image\" \/>\n<meta name=\"twitter:creator\" content=\"@RadioDlvradio\" \/>\n<meta name=\"twitter:site\" content=\"@RadioDlvradio\" \/>\n<script type=\"application\/ld+json\" class=\"yoast-schema-graph\">{\"@context\":\"https:\\\/\\\/schema.org\",\"@graph\":[{\"@type\":\"Article\",\"@id\":\"https:\\\/\\\/dlvradio.es\\\/mas-de-60-municipios-espanoles-mediran-temperaturas-para-evidenciar-el-fenomeno-isla-de-calor-en-una-actividad-de-ciencia-ciudadana\\\/#article\",\"isPartOf\":{\"@id\":\"https:\\\/\\\/dlvradio.es\\\/mas-de-60-municipios-espanoles-mediran-temperaturas-para-evidenciar-el-fenomeno-isla-de-calor-en-una-actividad-de-ciencia-ciudadana\\\/\"},\"author\":{\"name\":\"doominio\",\"@id\":\"https:\\\/\\\/dlvradio.es\\\/#\\\/schema\\\/person\\\/6ee60897fbb7fb4ad6634c73f4be87fa\"},\"headline\":\"M\u00e1s de 60 municipios espa\u00f1oles medir\u00e1n temperaturas para evidenciar el fen\u00f3meno isla de calor en una actividad de ciencia ciudadana\",\"datePublished\":\"2025-09-15T17:01:57+00:00\",\"mainEntityOfPage\":{\"@id\":\"https:\\\/\\\/dlvradio.es\\\/mas-de-60-municipios-espanoles-mediran-temperaturas-para-evidenciar-el-fenomeno-isla-de-calor-en-una-actividad-de-ciencia-ciudadana\\\/\"},\"wordCount\":869,\"publisher\":{\"@id\":\"https:\\\/\\\/dlvradio.es\\\/#organization\"},\"image\":{\"@id\":\"https:\\\/\\\/dlvradio.es\\\/mas-de-60-municipios-espanoles-mediran-temperaturas-para-evidenciar-el-fenomeno-isla-de-calor-en-una-actividad-de-ciencia-ciudadana\\\/#primaryimage\"},\"thumbnailUrl\":\"https:\\\/\\\/dlvradio.es\\\/wp-content\\\/uploads\\\/2025\\\/09\\\/DLVRADIO.ES_-4.png\",\"keywords\":[\"ecolog\u00eda\",\"Espa\u00f1a\"],\"articleSection\":[\"Emergencia clim\u00e1tica\"],\"inLanguage\":\"en-US\"},{\"@type\":\"WebPage\",\"@id\":\"https:\\\/\\\/dlvradio.es\\\/mas-de-60-municipios-espanoles-mediran-temperaturas-para-evidenciar-el-fenomeno-isla-de-calor-en-una-actividad-de-ciencia-ciudadana\\\/\",\"url\":\"https:\\\/\\\/dlvradio.es\\\/mas-de-60-municipios-espanoles-mediran-temperaturas-para-evidenciar-el-fenomeno-isla-de-calor-en-una-actividad-de-ciencia-ciudadana\\\/\",\"name\":\"M\u00e1s de 60 municipios espa\u00f1oles medir\u00e1n temperaturas para evidenciar el fen\u00f3meno isla de calor en una actividad de ciencia ciudadana - DLVRADIO\",\"isPartOf\":{\"@id\":\"https:\\\/\\\/dlvradio.es\\\/#website\"},\"primaryImageOfPage\":{\"@id\":\"https:\\\/\\\/dlvradio.es\\\/mas-de-60-municipios-espanoles-mediran-temperaturas-para-evidenciar-el-fenomeno-isla-de-calor-en-una-actividad-de-ciencia-ciudadana\\\/#primaryimage\"},\"image\":{\"@id\":\"https:\\\/\\\/dlvradio.es\\\/mas-de-60-municipios-espanoles-mediran-temperaturas-para-evidenciar-el-fenomeno-isla-de-calor-en-una-actividad-de-ciencia-ciudadana\\\/#primaryimage\"},\"thumbnailUrl\":\"https:\\\/\\\/dlvradio.es\\\/wp-content\\\/uploads\\\/2025\\\/09\\\/DLVRADIO.ES_-4.png\",\"datePublished\":\"2025-09-15T17:01:57+00:00\",\"description\":\"M\u00e1s de 60 municipios espa\u00f1oles medir\u00e1n temperaturas para evidenciar el fen\u00f3meno isla de calor en una actividad de ciencia ciudadana La Termometrada de\",\"breadcrumb\":{\"@id\":\"https:\\\/\\\/dlvradio.es\\\/mas-de-60-municipios-espanoles-mediran-temperaturas-para-evidenciar-el-fenomeno-isla-de-calor-en-una-actividad-de-ciencia-ciudadana\\\/#breadcrumb\"},\"inLanguage\":\"en-US\",\"potentialAction\":[{\"@type\":\"ReadAction\",\"target\":[\"https:\\\/\\\/dlvradio.es\\\/mas-de-60-municipios-espanoles-mediran-temperaturas-para-evidenciar-el-fenomeno-isla-de-calor-en-una-actividad-de-ciencia-ciudadana\\\/\"]}]},{\"@type\":\"ImageObject\",\"inLanguage\":\"en-US\",\"@id\":\"https:\\\/\\\/dlvradio.es\\\/mas-de-60-municipios-espanoles-mediran-temperaturas-para-evidenciar-el-fenomeno-isla-de-calor-en-una-actividad-de-ciencia-ciudadana\\\/#primaryimage\",\"url\":\"https:\\\/\\\/dlvradio.es\\\/wp-content\\\/uploads\\\/2025\\\/09\\\/DLVRADIO.ES_-4.png\",\"contentUrl\":\"https:\\\/\\\/dlvradio.es\\\/wp-content\\\/uploads\\\/2025\\\/09\\\/DLVRADIO.ES_-4.png\",\"width\":1500,\"height\":1500,\"caption\":\"M\u00e1s de 60 municipios espa\u00f1oles medir\u00e1n temperaturas para evidenciar el fen\u00f3meno isla de calor en una actividad de ciencia ciudadana\"},{\"@type\":\"BreadcrumbList\",\"@id\":\"https:\\\/\\\/dlvradio.es\\\/mas-de-60-municipios-espanoles-mediran-temperaturas-para-evidenciar-el-fenomeno-isla-de-calor-en-una-actividad-de-ciencia-ciudadana\\\/#breadcrumb\",\"itemListElement\":[{\"@type\":\"ListItem\",\"position\":1,\"name\":\"Inicio\",\"item\":\"https:\\\/\\\/dlvradio.es\\\/\"},{\"@type\":\"ListItem\",\"position\":2,\"name\":\"M\u00e1s de 60 municipios espa\u00f1oles medir\u00e1n temperaturas para evidenciar el fen\u00f3meno isla de calor en una actividad de ciencia ciudadana\"}]},{\"@type\":\"WebSite\",\"@id\":\"https:\\\/\\\/dlvradio.es\\\/#website\",\"url\":\"https:\\\/\\\/dlvradio.es\\\/\",\"name\":\"DLVRADIO\",\"description\":\"Somos un medio de comunicaci\u00f3n alternativo a los medios tradicionales\",\"publisher\":{\"@id\":\"https:\\\/\\\/dlvradio.es\\\/#organization\"},\"potentialAction\":[{\"@type\":\"SearchAction\",\"target\":{\"@type\":\"EntryPoint\",\"urlTemplate\":\"https:\\\/\\\/dlvradio.es\\\/?s={search_term_string}\"},\"query-input\":{\"@type\":\"PropertyValueSpecification\",\"valueRequired\":true,\"valueName\":\"search_term_string\"}}],\"inLanguage\":\"en-US\"},{\"@type\":\"Organization\",\"@id\":\"https:\\\/\\\/dlvradio.es\\\/#organization\",\"name\":\"DLVRADIO\",\"url\":\"https:\\\/\\\/dlvradio.es\\\/\",\"logo\":{\"@type\":\"ImageObject\",\"inLanguage\":\"en-US\",\"@id\":\"https:\\\/\\\/dlvradio.es\\\/#\\\/schema\\\/logo\\\/image\\\/\",\"url\":\"\",\"contentUrl\":\"\",\"caption\":\"DLVRADIO\"},\"image\":{\"@id\":\"https:\\\/\\\/dlvradio.es\\\/#\\\/schema\\\/logo\\\/image\\\/\"},\"sameAs\":[\"https:\\\/\\\/www.facebook.com\\\/RadioDLVradio\\\/\",\"https:\\\/\\\/x.com\\\/RadioDlvradio\",\"https:\\\/\\\/www.instagram.com\\\/radiodlvradio\\\/\"]},{\"@type\":\"Person\",\"@id\":\"https:\\\/\\\/dlvradio.es\\\/#\\\/schema\\\/person\\\/6ee60897fbb7fb4ad6634c73f4be87fa\",\"name\":\"doominio\",\"sameAs\":[\"https:\\\/\\\/dlvradio.es\"]}]}<\/script>\n<!-- \/ Yoast SEO plugin. -->","yoast_head_json":{"title":"M\u00e1s de 60 municipios espa\u00f1oles medir\u00e1n temperaturas para evidenciar el fen\u00f3meno isla de calor en una actividad de ciencia ciudadana - DLVRADIO","description":"M\u00e1s de 60 municipios espa\u00f1oles medir\u00e1n temperaturas para evidenciar el fen\u00f3meno isla de calor en una actividad de ciencia ciudadana La Termometrada de","robots":{"index":"index","follow":"follow","max-snippet":"max-snippet:-1","max-image-preview":"max-image-preview:large","max-video-preview":"max-video-preview:-1"},"canonical":"https:\/\/dlvradio.es\/en\/mas-de-60-municipios-espanoles-mediran-temperaturas-para-evidenciar-el-fenomeno-isla-de-calor-en-una-actividad-de-ciencia-ciudadana\/","og_locale":"en_US","og_type":"article","og_title":"M\u00e1s de 60 municipios espa\u00f1oles medir\u00e1n temperaturas para evidenciar el fen\u00f3meno isla de calor en una actividad de ciencia ciudadana - DLVRADIO","og_description":"M\u00e1s de 60 municipios espa\u00f1oles medir\u00e1n temperaturas para evidenciar el fen\u00f3meno isla de calor en una actividad de ciencia ciudadana La Termometrada de","og_url":"https:\/\/dlvradio.es\/en\/mas-de-60-municipios-espanoles-mediran-temperaturas-para-evidenciar-el-fenomeno-isla-de-calor-en-una-actividad-de-ciencia-ciudadana\/","og_site_name":"DLVRADIO","article_publisher":"https:\/\/www.facebook.com\/RadioDLVradio\/","article_published_time":"2025-09-15T17:01:57+00:00","og_image":[{"width":1024,"height":1024,"url":"https:\/\/dlvradio.es\/wp-content\/uploads\/2025\/09\/DLVRADIO.ES_-4-1024x1024.png","type":"image\/png"}],"author":"doominio","twitter_card":"summary_large_image","twitter_creator":"@RadioDlvradio","twitter_site":"@RadioDlvradio","schema":{"@context":"https:\/\/schema.org","@graph":[{"@type":"Article","@id":"https:\/\/dlvradio.es\/mas-de-60-municipios-espanoles-mediran-temperaturas-para-evidenciar-el-fenomeno-isla-de-calor-en-una-actividad-de-ciencia-ciudadana\/#article","isPartOf":{"@id":"https:\/\/dlvradio.es\/mas-de-60-municipios-espanoles-mediran-temperaturas-para-evidenciar-el-fenomeno-isla-de-calor-en-una-actividad-de-ciencia-ciudadana\/"},"author":{"name":"doominio","@id":"https:\/\/dlvradio.es\/#\/schema\/person\/6ee60897fbb7fb4ad6634c73f4be87fa"},"headline":"M\u00e1s de 60 municipios espa\u00f1oles medir\u00e1n temperaturas para evidenciar el fen\u00f3meno isla de calor en una actividad de ciencia ciudadana","datePublished":"2025-09-15T17:01:57+00:00","mainEntityOfPage":{"@id":"https:\/\/dlvradio.es\/mas-de-60-municipios-espanoles-mediran-temperaturas-para-evidenciar-el-fenomeno-isla-de-calor-en-una-actividad-de-ciencia-ciudadana\/"},"wordCount":869,"publisher":{"@id":"https:\/\/dlvradio.es\/#organization"},"image":{"@id":"https:\/\/dlvradio.es\/mas-de-60-municipios-espanoles-mediran-temperaturas-para-evidenciar-el-fenomeno-isla-de-calor-en-una-actividad-de-ciencia-ciudadana\/#primaryimage"},"thumbnailUrl":"https:\/\/dlvradio.es\/wp-content\/uploads\/2025\/09\/DLVRADIO.ES_-4.png","keywords":["ecolog\u00eda","Espa\u00f1a"],"articleSection":["Emergencia clim\u00e1tica"],"inLanguage":"en-US"},{"@type":"WebPage","@id":"https:\/\/dlvradio.es\/mas-de-60-municipios-espanoles-mediran-temperaturas-para-evidenciar-el-fenomeno-isla-de-calor-en-una-actividad-de-ciencia-ciudadana\/","url":"https:\/\/dlvradio.es\/mas-de-60-municipios-espanoles-mediran-temperaturas-para-evidenciar-el-fenomeno-isla-de-calor-en-una-actividad-de-ciencia-ciudadana\/","name":"M\u00e1s de 60 municipios espa\u00f1oles medir\u00e1n temperaturas para evidenciar el fen\u00f3meno isla de calor en una actividad de ciencia ciudadana - DLVRADIO","isPartOf":{"@id":"https:\/\/dlvradio.es\/#website"},"primaryImageOfPage":{"@id":"https:\/\/dlvradio.es\/mas-de-60-municipios-espanoles-mediran-temperaturas-para-evidenciar-el-fenomeno-isla-de-calor-en-una-actividad-de-ciencia-ciudadana\/#primaryimage"},"image":{"@id":"https:\/\/dlvradio.es\/mas-de-60-municipios-espanoles-mediran-temperaturas-para-evidenciar-el-fenomeno-isla-de-calor-en-una-actividad-de-ciencia-ciudadana\/#primaryimage"},"thumbnailUrl":"https:\/\/dlvradio.es\/wp-content\/uploads\/2025\/09\/DLVRADIO.ES_-4.png","datePublished":"2025-09-15T17:01:57+00:00","description":"M\u00e1s de 60 municipios espa\u00f1oles medir\u00e1n temperaturas para evidenciar el fen\u00f3meno isla de calor en una actividad de ciencia ciudadana La Termometrada de","breadcrumb":{"@id":"https:\/\/dlvradio.es\/mas-de-60-municipios-espanoles-mediran-temperaturas-para-evidenciar-el-fenomeno-isla-de-calor-en-una-actividad-de-ciencia-ciudadana\/#breadcrumb"},"inLanguage":"en-US","potentialAction":[{"@type":"ReadAction","target":["https:\/\/dlvradio.es\/mas-de-60-municipios-espanoles-mediran-temperaturas-para-evidenciar-el-fenomeno-isla-de-calor-en-una-actividad-de-ciencia-ciudadana\/"]}]},{"@type":"ImageObject","inLanguage":"en-US","@id":"https:\/\/dlvradio.es\/mas-de-60-municipios-espanoles-mediran-temperaturas-para-evidenciar-el-fenomeno-isla-de-calor-en-una-actividad-de-ciencia-ciudadana\/#primaryimage","url":"https:\/\/dlvradio.es\/wp-content\/uploads\/2025\/09\/DLVRADIO.ES_-4.png","contentUrl":"https:\/\/dlvradio.es\/wp-content\/uploads\/2025\/09\/DLVRADIO.ES_-4.png","width":1500,"height":1500,"caption":"M\u00e1s de 60 municipios espa\u00f1oles medir\u00e1n temperaturas para evidenciar el fen\u00f3meno isla de calor en una actividad de ciencia ciudadana"},{"@type":"BreadcrumbList","@id":"https:\/\/dlvradio.es\/mas-de-60-municipios-espanoles-mediran-temperaturas-para-evidenciar-el-fenomeno-isla-de-calor-en-una-actividad-de-ciencia-ciudadana\/#breadcrumb","itemListElement":[{"@type":"ListItem","position":1,"name":"Inicio","item":"https:\/\/dlvradio.es\/"},{"@type":"ListItem","position":2,"name":"M\u00e1s de 60 municipios espa\u00f1oles medir\u00e1n temperaturas para evidenciar el fen\u00f3meno isla de calor en una actividad de ciencia ciudadana"}]},{"@type":"WebSite","@id":"https:\/\/dlvradio.es\/#website","url":"https:\/\/dlvradio.es\/","name":"DLVRADIO","description":"We are an alternative media to traditional media","publisher":{"@id":"https:\/\/dlvradio.es\/#organization"},"potentialAction":[{"@type":"SearchAction","target":{"@type":"EntryPoint","urlTemplate":"https:\/\/dlvradio.es\/?s={search_term_string}"},"query-input":{"@type":"PropertyValueSpecification","valueRequired":true,"valueName":"search_term_string"}}],"inLanguage":"en-US"},{"@type":"Organization","@id":"https:\/\/dlvradio.es\/#organization","name":"DLVRADIO","url":"https:\/\/dlvradio.es\/","logo":{"@type":"ImageObject","inLanguage":"en-US","@id":"https:\/\/dlvradio.es\/#\/schema\/logo\/image\/","url":"","contentUrl":"","caption":"DLVRADIO"},"image":{"@id":"https:\/\/dlvradio.es\/#\/schema\/logo\/image\/"},"sameAs":["https:\/\/www.facebook.com\/RadioDLVradio\/","https:\/\/x.com\/RadioDlvradio","https:\/\/www.instagram.com\/radiodlvradio\/"]},{"@type":"Person","@id":"https:\/\/dlvradio.es\/#\/schema\/person\/6ee60897fbb7fb4ad6634c73f4be87fa","name":"doominio","sameAs":["https:\/\/dlvradio.es"]}]}},"_links":{"self":[{"href":"https:\/\/dlvradio.es\/en\/wp-json\/wp\/v2\/posts\/77851","targetHints":{"allow":["GET"]}}],"collection":[{"href":"https:\/\/dlvradio.es\/en\/wp-json\/wp\/v2\/posts"}],"about":[{"href":"https:\/\/dlvradio.es\/en\/wp-json\/wp\/v2\/types\/post"}],"author":[{"embeddable":true,"href":"https:\/\/dlvradio.es\/en\/wp-json\/wp\/v2\/users\/1"}],"replies":[{"embeddable":true,"href":"https:\/\/dlvradio.es\/en\/wp-json\/wp\/v2\/comments?post=77851"}],"version-history":[{"count":1,"href":"https:\/\/dlvradio.es\/en\/wp-json\/wp\/v2\/posts\/77851\/revisions"}],"predecessor-version":[{"id":77853,"href":"https:\/\/dlvradio.es\/en\/wp-json\/wp\/v2\/posts\/77851\/revisions\/77853"}],"wp:featuredmedia":[{"embeddable":true,"href":"https:\/\/dlvradio.es\/en\/wp-json\/wp\/v2\/media\/77852"}],"wp:attachment":[{"href":"https:\/\/dlvradio.es\/en\/wp-json\/wp\/v2\/media?parent=77851"}],"wp:term":[{"taxonomy":"category","embeddable":true,"href":"https:\/\/dlvradio.es\/en\/wp-json\/wp\/v2\/categories?post=77851"},{"taxonomy":"post_tag","embeddable":true,"href":"https:\/\/dlvradio.es\/en\/wp-json\/wp\/v2\/tags?post=77851"}],"curies":[{"name":"wp","href":"https:\/\/api.w.org\/{rel}","templated":true}]}}