{"id":78076,"date":"2025-10-26T18:54:40","date_gmt":"2025-10-26T17:54:40","guid":{"rendered":"https:\/\/dlvradio.es\/?p=78076"},"modified":"2025-10-26T18:55:13","modified_gmt":"2025-10-26T17:55:13","slug":"desarticuladas-dos-organizaciones-criminales-vinculadas-al-clan-vracarci-dedicadas-a-cometer-asesinatos-y-al-trafico-de-cocaina","status":"publish","type":"post","link":"https:\/\/dlvradio.es\/en\/desarticuladas-dos-organizaciones-criminales-vinculadas-al-clan-vracarci-dedicadas-a-cometer-asesinatos-y-al-trafico-de-cocaina\/","title":{"rendered":"Desarticuladas dos organizaciones criminales vinculadas al clan \u201cVra\u010darci\u201d dedicadas a cometer asesinatos y al tr\u00e1fico de coca\u00edna"},"content":{"rendered":"<p><u>Operaci\u00f3n conjunta de la Polic\u00eda Nacional, los Mossos d\u2019Esquadra y las autoridades, serbias con la coordinaci\u00f3n de EUROPOL<\/u><\/p>\n<h3>Desarticuladas dos organizaciones criminales vinculadas al clan \u201cVra\u010darci\u201d dedicadas a cometer asesinatos y al tr\u00e1fico de coca\u00edna.<\/h3>\n<ul>\n<li><em><strong>Han sido detenidas 13 personas en Espa\u00f1a (2) \u2013Valencia (1) y Barcelona (1), Serbia (10) y Dubai (1) que, estructuradas en dos organizaciones, actuaban como una c\u00e9lula del clan \u201cVra\u010darci\u201d en Serbia y otras pa\u00edses europeos.<\/strong><\/em><\/li>\n<li><em><strong>Se han llevado a cabo 22 registros en Serbia en los que han participado agentes espa\u00f1oles y en los que se han intervenido m\u00e1s de 300.000 euros en efectivo, relojes de lujo, veh\u00edculos de alta gama y tel\u00e9fonos encriptados.<\/strong><\/em><\/li>\n<\/ul>\n<p>Agentes de la Polic\u00eda Nacional, en una operaci\u00f3n conjunta con los Mossos d\u2019Esquadra y las autoridades serbias, bajo la coordinaci\u00f3n de EUROPOL, han desarticulado dos organizaciones criminales vinculadas al clan \u201cVra\u010darci\u201d presuntamente dedicadas a cometer asesinatos y al tr\u00e1fico de coca\u00edna. Han sido detenidas 13 personas en Espa\u00f1a (2), Serbia (10) y Dubai (1) que conformaban a dos organizaciones criminales que actuaban, en Serbia y otros pa\u00edses europeos, como una c\u00e9lula del clan. Se han llevado a cabo 22 registros en Serbia en los que han participado agentes espa\u00f1oles y en los que se han intervenido m\u00e1s de 300.000 euros en efectivo, relojes de lujo, veh\u00edculos de alta gama y tel\u00e9fonos encriptados.<\/p>\n<p>Los miembros de una de las estructuras desmanteladas son sospechosos de haber cometido los delitos de organizaci\u00f3n criminal, asesinato agravado de Vladimir Popovi\u0107 en 2018, tres intentos de asesinato agravado contra Nenad Alajbegovi\u0107 en 2020, as\u00ed como tres delitos tras atacar con lanzamiento de artefactos explosivos contra locales de restauraci\u00f3n y un lavadero de veh\u00edculos en Serbia. Asimismo, se les atribuye la introducci\u00f3n de varias toneladas de coca\u00edna en distintos pa\u00edses de Europa.<\/p>\n<p>Por su parte, los miembros del segundo grupo son sospechosos de pertenencia a organizaci\u00f3n criminal y del asesinato de Vladimir Kosti\u0107 en 2020, adem\u00e1s de estar igualmente implicados en el tr\u00e1fico internacional de coca\u00edna a gran escala.<\/p>\n<p><strong>28 personas encausadas y varios pr\u00f3fugos<\/strong><\/p>\n<p>Por el conjunto de delitos investigados, las autoridades judiciales serbias han presentado cargos contra 28 individuos, todos ellos vinculados al clan Vra\u010darci. Parte de los sospechosos ya se encontraban en prisi\u00f3n preventiva por procedimientos en curso, mientras que un n\u00famero reducido permanece huido y est\u00e1 siendo buscado intensamente.<\/p>\n<p><strong>Colaboraci\u00f3n internacional contra el crimen organizado<\/strong><\/p>\n<p>Los detenidos han sido puestos a disposici\u00f3n judicial en los distintos pa\u00edses en los que se realizaron las detenciones, decret\u00e1ndose su ingreso en prisi\u00f3n.<\/p>\n<p>La Polic\u00eda Nacional, el Cuerpo de Mossos d\u2019Esquadra y los servicios especializados serbios mantienen su compromiso en la lucha contra todas las formas de crimen organizado y narcotr\u00e1fico, en estrecha colaboraci\u00f3n con EUROPOL y otras agencias internacionales de seguridad.<\/p>","protected":false},"excerpt":{"rendered":"<p>Operaci\u00f3n conjunta de la Polic\u00eda Nacional, los Mossos d\u2019Esquadra y las autoridades, serbias con la coordinaci\u00f3n de EUROPOL Desarticuladas dos organizaciones criminales vinculadas al clan \u201cVra\u010darci\u201d dedicadas a cometer asesinatos y al tr\u00e1fico de coca\u00edna. Han sido detenidas 13 personas en Espa\u00f1a (2) \u2013Valencia (1) y Barcelona (1), Serbia (10) y Dubai (1) que, estructuradas [&hellip;]<\/p>\n","protected":false},"author":1,"featured_media":78078,"comment_status":"closed","ping_status":"closed","sticky":false,"template":"","format":"standard","meta":{"_acf_changed":false,"footnotes":""},"categories":[2593,2772],"tags":[2774,2613],"class_list":["post-78076","post","type-post","status-publish","format-standard","has-post-thumbnail","hentry","category-internacional","category-sucesos","tag-policia","tag-sucesos"],"acf":[],"yoast_head":"<!-- This site is optimized with the Yoast SEO plugin v27.4 - https:\/\/yoast.com\/product\/yoast-seo-wordpress\/ -->\n<title>Desarticuladas dos organizaciones criminales vinculadas al clan \u201cVra\u010darci\u201d dedicadas a cometer asesinatos y al tr\u00e1fico de coca\u00edna - DLVRADIO<\/title>\n<meta name=\"description\" content=\"Operaci\u00f3n conjunta de la Polic\u00eda Nacional, los Mossos d\u2019Esquadra y las autoridades, serbias con la coordinaci\u00f3n de EUROPOL Desarticuladas dos\" \/>\n<meta name=\"robots\" content=\"index, follow, max-snippet:-1, max-image-preview:large, max-video-preview:-1\" \/>\n<link rel=\"canonical\" href=\"https:\/\/dlvradio.es\/en\/desarticuladas-dos-organizaciones-criminales-vinculadas-al-clan-vracarci-dedicadas-a-cometer-asesinatos-y-al-trafico-de-cocaina\/\" \/>\n<meta property=\"og:locale\" content=\"en_US\" \/>\n<meta property=\"og:type\" content=\"article\" \/>\n<meta property=\"og:title\" content=\"Desarticuladas dos organizaciones criminales vinculadas al clan \u201cVra\u010darci\u201d dedicadas a cometer asesinatos y al tr\u00e1fico de coca\u00edna - DLVRADIO\" \/>\n<meta property=\"og:description\" content=\"Operaci\u00f3n conjunta de la Polic\u00eda Nacional, los Mossos d\u2019Esquadra y las autoridades, serbias con la coordinaci\u00f3n de EUROPOL Desarticuladas dos\" \/>\n<meta property=\"og:url\" content=\"https:\/\/dlvradio.es\/en\/desarticuladas-dos-organizaciones-criminales-vinculadas-al-clan-vracarci-dedicadas-a-cometer-asesinatos-y-al-trafico-de-cocaina\/\" \/>\n<meta property=\"og:site_name\" content=\"DLVRADIO\" \/>\n<meta property=\"article:publisher\" content=\"https:\/\/www.facebook.com\/RadioDLVradio\/\" \/>\n<meta property=\"article:published_time\" content=\"2025-10-26T17:54:40+00:00\" \/>\n<meta property=\"article:modified_time\" content=\"2025-10-26T17:55:13+00:00\" \/>\n<meta property=\"og:image\" content=\"https:\/\/dlvradio.es\/wp-content\/uploads\/2025\/10\/DLVRADIO.ES-3-2-1024x1024.png\" \/>\n\t<meta property=\"og:image:width\" content=\"1024\" \/>\n\t<meta property=\"og:image:height\" content=\"1024\" \/>\n\t<meta property=\"og:image:type\" content=\"image\/png\" \/>\n<meta name=\"author\" content=\"doominio\" \/>\n<meta name=\"twitter:card\" content=\"summary_large_image\" \/>\n<meta name=\"twitter:creator\" content=\"@RadioDlvradio\" \/>\n<meta name=\"twitter:site\" content=\"@RadioDlvradio\" \/>\n<script type=\"application\/ld+json\" class=\"yoast-schema-graph\">{\"@context\":\"https:\\\/\\\/schema.org\",\"@graph\":[{\"@type\":\"Article\",\"@id\":\"https:\\\/\\\/dlvradio.es\\\/desarticuladas-dos-organizaciones-criminales-vinculadas-al-clan-vracarci-dedicadas-a-cometer-asesinatos-y-al-trafico-de-cocaina\\\/#article\",\"isPartOf\":{\"@id\":\"https:\\\/\\\/dlvradio.es\\\/desarticuladas-dos-organizaciones-criminales-vinculadas-al-clan-vracarci-dedicadas-a-cometer-asesinatos-y-al-trafico-de-cocaina\\\/\"},\"author\":{\"name\":\"doominio\",\"@id\":\"https:\\\/\\\/dlvradio.es\\\/#\\\/schema\\\/person\\\/6ee60897fbb7fb4ad6634c73f4be87fa\"},\"headline\":\"Desarticuladas dos organizaciones criminales vinculadas al clan \u201cVra\u010darci\u201d dedicadas a cometer asesinatos y al tr\u00e1fico de coca\u00edna\",\"datePublished\":\"2025-10-26T17:54:40+00:00\",\"dateModified\":\"2025-10-26T17:55:13+00:00\",\"mainEntityOfPage\":{\"@id\":\"https:\\\/\\\/dlvradio.es\\\/desarticuladas-dos-organizaciones-criminales-vinculadas-al-clan-vracarci-dedicadas-a-cometer-asesinatos-y-al-trafico-de-cocaina\\\/\"},\"wordCount\":508,\"publisher\":{\"@id\":\"https:\\\/\\\/dlvradio.es\\\/#organization\"},\"image\":{\"@id\":\"https:\\\/\\\/dlvradio.es\\\/desarticuladas-dos-organizaciones-criminales-vinculadas-al-clan-vracarci-dedicadas-a-cometer-asesinatos-y-al-trafico-de-cocaina\\\/#primaryimage\"},\"thumbnailUrl\":\"https:\\\/\\\/dlvradio.es\\\/wp-content\\\/uploads\\\/2025\\\/10\\\/DLVRADIO.ES-3-2.png\",\"keywords\":[\"polic\u00eda\",\"sucesos\"],\"articleSection\":[\"Internacional\",\"Sucesos\"],\"inLanguage\":\"en-US\"},{\"@type\":\"WebPage\",\"@id\":\"https:\\\/\\\/dlvradio.es\\\/desarticuladas-dos-organizaciones-criminales-vinculadas-al-clan-vracarci-dedicadas-a-cometer-asesinatos-y-al-trafico-de-cocaina\\\/\",\"url\":\"https:\\\/\\\/dlvradio.es\\\/desarticuladas-dos-organizaciones-criminales-vinculadas-al-clan-vracarci-dedicadas-a-cometer-asesinatos-y-al-trafico-de-cocaina\\\/\",\"name\":\"Desarticuladas dos organizaciones criminales vinculadas al clan \u201cVra\u010darci\u201d dedicadas a cometer asesinatos y al tr\u00e1fico de coca\u00edna - DLVRADIO\",\"isPartOf\":{\"@id\":\"https:\\\/\\\/dlvradio.es\\\/#website\"},\"primaryImageOfPage\":{\"@id\":\"https:\\\/\\\/dlvradio.es\\\/desarticuladas-dos-organizaciones-criminales-vinculadas-al-clan-vracarci-dedicadas-a-cometer-asesinatos-y-al-trafico-de-cocaina\\\/#primaryimage\"},\"image\":{\"@id\":\"https:\\\/\\\/dlvradio.es\\\/desarticuladas-dos-organizaciones-criminales-vinculadas-al-clan-vracarci-dedicadas-a-cometer-asesinatos-y-al-trafico-de-cocaina\\\/#primaryimage\"},\"thumbnailUrl\":\"https:\\\/\\\/dlvradio.es\\\/wp-content\\\/uploads\\\/2025\\\/10\\\/DLVRADIO.ES-3-2.png\",\"datePublished\":\"2025-10-26T17:54:40+00:00\",\"dateModified\":\"2025-10-26T17:55:13+00:00\",\"description\":\"Operaci\u00f3n conjunta de la Polic\u00eda Nacional, los Mossos d\u2019Esquadra y las autoridades, serbias con la coordinaci\u00f3n de EUROPOL Desarticuladas dos\",\"breadcrumb\":{\"@id\":\"https:\\\/\\\/dlvradio.es\\\/desarticuladas-dos-organizaciones-criminales-vinculadas-al-clan-vracarci-dedicadas-a-cometer-asesinatos-y-al-trafico-de-cocaina\\\/#breadcrumb\"},\"inLanguage\":\"en-US\",\"potentialAction\":[{\"@type\":\"ReadAction\",\"target\":[\"https:\\\/\\\/dlvradio.es\\\/desarticuladas-dos-organizaciones-criminales-vinculadas-al-clan-vracarci-dedicadas-a-cometer-asesinatos-y-al-trafico-de-cocaina\\\/\"]}]},{\"@type\":\"ImageObject\",\"inLanguage\":\"en-US\",\"@id\":\"https:\\\/\\\/dlvradio.es\\\/desarticuladas-dos-organizaciones-criminales-vinculadas-al-clan-vracarci-dedicadas-a-cometer-asesinatos-y-al-trafico-de-cocaina\\\/#primaryimage\",\"url\":\"https:\\\/\\\/dlvradio.es\\\/wp-content\\\/uploads\\\/2025\\\/10\\\/DLVRADIO.ES-3-2.png\",\"contentUrl\":\"https:\\\/\\\/dlvradio.es\\\/wp-content\\\/uploads\\\/2025\\\/10\\\/DLVRADIO.ES-3-2.png\",\"width\":1500,\"height\":1500,\"caption\":\"Desarticuladas dos organizaciones criminales vinculadas al clan \u201cVra\u010darci\u201d dedicadas a cometer asesinatos y al tr\u00e1fico de coca\u00edna\"},{\"@type\":\"BreadcrumbList\",\"@id\":\"https:\\\/\\\/dlvradio.es\\\/desarticuladas-dos-organizaciones-criminales-vinculadas-al-clan-vracarci-dedicadas-a-cometer-asesinatos-y-al-trafico-de-cocaina\\\/#breadcrumb\",\"itemListElement\":[{\"@type\":\"ListItem\",\"position\":1,\"name\":\"Inicio\",\"item\":\"https:\\\/\\\/dlvradio.es\\\/\"},{\"@type\":\"ListItem\",\"position\":2,\"name\":\"Desarticuladas dos organizaciones criminales vinculadas al clan \u201cVra\u010darci\u201d dedicadas a cometer asesinatos y al tr\u00e1fico de coca\u00edna\"}]},{\"@type\":\"WebSite\",\"@id\":\"https:\\\/\\\/dlvradio.es\\\/#website\",\"url\":\"https:\\\/\\\/dlvradio.es\\\/\",\"name\":\"DLVRADIO\",\"description\":\"Somos un medio de comunicaci\u00f3n alternativo a los medios tradicionales\",\"publisher\":{\"@id\":\"https:\\\/\\\/dlvradio.es\\\/#organization\"},\"potentialAction\":[{\"@type\":\"SearchAction\",\"target\":{\"@type\":\"EntryPoint\",\"urlTemplate\":\"https:\\\/\\\/dlvradio.es\\\/?s={search_term_string}\"},\"query-input\":{\"@type\":\"PropertyValueSpecification\",\"valueRequired\":true,\"valueName\":\"search_term_string\"}}],\"inLanguage\":\"en-US\"},{\"@type\":\"Organization\",\"@id\":\"https:\\\/\\\/dlvradio.es\\\/#organization\",\"name\":\"DLVRADIO\",\"url\":\"https:\\\/\\\/dlvradio.es\\\/\",\"logo\":{\"@type\":\"ImageObject\",\"inLanguage\":\"en-US\",\"@id\":\"https:\\\/\\\/dlvradio.es\\\/#\\\/schema\\\/logo\\\/image\\\/\",\"url\":\"\",\"contentUrl\":\"\",\"caption\":\"DLVRADIO\"},\"image\":{\"@id\":\"https:\\\/\\\/dlvradio.es\\\/#\\\/schema\\\/logo\\\/image\\\/\"},\"sameAs\":[\"https:\\\/\\\/www.facebook.com\\\/RadioDLVradio\\\/\",\"https:\\\/\\\/x.com\\\/RadioDlvradio\",\"https:\\\/\\\/www.instagram.com\\\/radiodlvradio\\\/\"]},{\"@type\":\"Person\",\"@id\":\"https:\\\/\\\/dlvradio.es\\\/#\\\/schema\\\/person\\\/6ee60897fbb7fb4ad6634c73f4be87fa\",\"name\":\"doominio\",\"sameAs\":[\"https:\\\/\\\/dlvradio.es\"]}]}<\/script>\n<!-- \/ Yoast SEO plugin. -->","yoast_head_json":{"title":"Desarticuladas dos organizaciones criminales vinculadas al clan \u201cVra\u010darci\u201d dedicadas a cometer asesinatos y al tr\u00e1fico de coca\u00edna - DLVRADIO","description":"Operaci\u00f3n conjunta de la Polic\u00eda Nacional, los Mossos d\u2019Esquadra y las autoridades, serbias con la coordinaci\u00f3n de EUROPOL Desarticuladas dos","robots":{"index":"index","follow":"follow","max-snippet":"max-snippet:-1","max-image-preview":"max-image-preview:large","max-video-preview":"max-video-preview:-1"},"canonical":"https:\/\/dlvradio.es\/en\/desarticuladas-dos-organizaciones-criminales-vinculadas-al-clan-vracarci-dedicadas-a-cometer-asesinatos-y-al-trafico-de-cocaina\/","og_locale":"en_US","og_type":"article","og_title":"Desarticuladas dos organizaciones criminales vinculadas al clan \u201cVra\u010darci\u201d dedicadas a cometer asesinatos y al tr\u00e1fico de coca\u00edna - DLVRADIO","og_description":"Operaci\u00f3n conjunta de la Polic\u00eda Nacional, los Mossos d\u2019Esquadra y las autoridades, serbias con la coordinaci\u00f3n de EUROPOL Desarticuladas dos","og_url":"https:\/\/dlvradio.es\/en\/desarticuladas-dos-organizaciones-criminales-vinculadas-al-clan-vracarci-dedicadas-a-cometer-asesinatos-y-al-trafico-de-cocaina\/","og_site_name":"DLVRADIO","article_publisher":"https:\/\/www.facebook.com\/RadioDLVradio\/","article_published_time":"2025-10-26T17:54:40+00:00","article_modified_time":"2025-10-26T17:55:13+00:00","og_image":[{"width":1024,"height":1024,"url":"https:\/\/dlvradio.es\/wp-content\/uploads\/2025\/10\/DLVRADIO.ES-3-2-1024x1024.png","type":"image\/png"}],"author":"doominio","twitter_card":"summary_large_image","twitter_creator":"@RadioDlvradio","twitter_site":"@RadioDlvradio","schema":{"@context":"https:\/\/schema.org","@graph":[{"@type":"Article","@id":"https:\/\/dlvradio.es\/desarticuladas-dos-organizaciones-criminales-vinculadas-al-clan-vracarci-dedicadas-a-cometer-asesinatos-y-al-trafico-de-cocaina\/#article","isPartOf":{"@id":"https:\/\/dlvradio.es\/desarticuladas-dos-organizaciones-criminales-vinculadas-al-clan-vracarci-dedicadas-a-cometer-asesinatos-y-al-trafico-de-cocaina\/"},"author":{"name":"doominio","@id":"https:\/\/dlvradio.es\/#\/schema\/person\/6ee60897fbb7fb4ad6634c73f4be87fa"},"headline":"Desarticuladas dos organizaciones criminales vinculadas al clan \u201cVra\u010darci\u201d dedicadas a cometer asesinatos y al tr\u00e1fico de coca\u00edna","datePublished":"2025-10-26T17:54:40+00:00","dateModified":"2025-10-26T17:55:13+00:00","mainEntityOfPage":{"@id":"https:\/\/dlvradio.es\/desarticuladas-dos-organizaciones-criminales-vinculadas-al-clan-vracarci-dedicadas-a-cometer-asesinatos-y-al-trafico-de-cocaina\/"},"wordCount":508,"publisher":{"@id":"https:\/\/dlvradio.es\/#organization"},"image":{"@id":"https:\/\/dlvradio.es\/desarticuladas-dos-organizaciones-criminales-vinculadas-al-clan-vracarci-dedicadas-a-cometer-asesinatos-y-al-trafico-de-cocaina\/#primaryimage"},"thumbnailUrl":"https:\/\/dlvradio.es\/wp-content\/uploads\/2025\/10\/DLVRADIO.ES-3-2.png","keywords":["polic\u00eda","sucesos"],"articleSection":["Internacional","Sucesos"],"inLanguage":"en-US"},{"@type":"WebPage","@id":"https:\/\/dlvradio.es\/desarticuladas-dos-organizaciones-criminales-vinculadas-al-clan-vracarci-dedicadas-a-cometer-asesinatos-y-al-trafico-de-cocaina\/","url":"https:\/\/dlvradio.es\/desarticuladas-dos-organizaciones-criminales-vinculadas-al-clan-vracarci-dedicadas-a-cometer-asesinatos-y-al-trafico-de-cocaina\/","name":"Desarticuladas dos organizaciones criminales vinculadas al clan \u201cVra\u010darci\u201d dedicadas a cometer asesinatos y al tr\u00e1fico de coca\u00edna - DLVRADIO","isPartOf":{"@id":"https:\/\/dlvradio.es\/#website"},"primaryImageOfPage":{"@id":"https:\/\/dlvradio.es\/desarticuladas-dos-organizaciones-criminales-vinculadas-al-clan-vracarci-dedicadas-a-cometer-asesinatos-y-al-trafico-de-cocaina\/#primaryimage"},"image":{"@id":"https:\/\/dlvradio.es\/desarticuladas-dos-organizaciones-criminales-vinculadas-al-clan-vracarci-dedicadas-a-cometer-asesinatos-y-al-trafico-de-cocaina\/#primaryimage"},"thumbnailUrl":"https:\/\/dlvradio.es\/wp-content\/uploads\/2025\/10\/DLVRADIO.ES-3-2.png","datePublished":"2025-10-26T17:54:40+00:00","dateModified":"2025-10-26T17:55:13+00:00","description":"Operaci\u00f3n conjunta de la Polic\u00eda Nacional, los Mossos d\u2019Esquadra y las autoridades, serbias con la coordinaci\u00f3n de EUROPOL Desarticuladas dos","breadcrumb":{"@id":"https:\/\/dlvradio.es\/desarticuladas-dos-organizaciones-criminales-vinculadas-al-clan-vracarci-dedicadas-a-cometer-asesinatos-y-al-trafico-de-cocaina\/#breadcrumb"},"inLanguage":"en-US","potentialAction":[{"@type":"ReadAction","target":["https:\/\/dlvradio.es\/desarticuladas-dos-organizaciones-criminales-vinculadas-al-clan-vracarci-dedicadas-a-cometer-asesinatos-y-al-trafico-de-cocaina\/"]}]},{"@type":"ImageObject","inLanguage":"en-US","@id":"https:\/\/dlvradio.es\/desarticuladas-dos-organizaciones-criminales-vinculadas-al-clan-vracarci-dedicadas-a-cometer-asesinatos-y-al-trafico-de-cocaina\/#primaryimage","url":"https:\/\/dlvradio.es\/wp-content\/uploads\/2025\/10\/DLVRADIO.ES-3-2.png","contentUrl":"https:\/\/dlvradio.es\/wp-content\/uploads\/2025\/10\/DLVRADIO.ES-3-2.png","width":1500,"height":1500,"caption":"Desarticuladas dos organizaciones criminales vinculadas al clan \u201cVra\u010darci\u201d dedicadas a cometer asesinatos y al tr\u00e1fico de coca\u00edna"},{"@type":"BreadcrumbList","@id":"https:\/\/dlvradio.es\/desarticuladas-dos-organizaciones-criminales-vinculadas-al-clan-vracarci-dedicadas-a-cometer-asesinatos-y-al-trafico-de-cocaina\/#breadcrumb","itemListElement":[{"@type":"ListItem","position":1,"name":"Inicio","item":"https:\/\/dlvradio.es\/"},{"@type":"ListItem","position":2,"name":"Desarticuladas dos organizaciones criminales vinculadas al clan \u201cVra\u010darci\u201d dedicadas a cometer asesinatos y al tr\u00e1fico de coca\u00edna"}]},{"@type":"WebSite","@id":"https:\/\/dlvradio.es\/#website","url":"https:\/\/dlvradio.es\/","name":"DLVRADIO","description":"We are an alternative media to traditional media","publisher":{"@id":"https:\/\/dlvradio.es\/#organization"},"potentialAction":[{"@type":"SearchAction","target":{"@type":"EntryPoint","urlTemplate":"https:\/\/dlvradio.es\/?s={search_term_string}"},"query-input":{"@type":"PropertyValueSpecification","valueRequired":true,"valueName":"search_term_string"}}],"inLanguage":"en-US"},{"@type":"Organization","@id":"https:\/\/dlvradio.es\/#organization","name":"DLVRADIO","url":"https:\/\/dlvradio.es\/","logo":{"@type":"ImageObject","inLanguage":"en-US","@id":"https:\/\/dlvradio.es\/#\/schema\/logo\/image\/","url":"","contentUrl":"","caption":"DLVRADIO"},"image":{"@id":"https:\/\/dlvradio.es\/#\/schema\/logo\/image\/"},"sameAs":["https:\/\/www.facebook.com\/RadioDLVradio\/","https:\/\/x.com\/RadioDlvradio","https:\/\/www.instagram.com\/radiodlvradio\/"]},{"@type":"Person","@id":"https:\/\/dlvradio.es\/#\/schema\/person\/6ee60897fbb7fb4ad6634c73f4be87fa","name":"doominio","sameAs":["https:\/\/dlvradio.es"]}]}},"_links":{"self":[{"href":"https:\/\/dlvradio.es\/en\/wp-json\/wp\/v2\/posts\/78076","targetHints":{"allow":["GET"]}}],"collection":[{"href":"https:\/\/dlvradio.es\/en\/wp-json\/wp\/v2\/posts"}],"about":[{"href":"https:\/\/dlvradio.es\/en\/wp-json\/wp\/v2\/types\/post"}],"author":[{"embeddable":true,"href":"https:\/\/dlvradio.es\/en\/wp-json\/wp\/v2\/users\/1"}],"replies":[{"embeddable":true,"href":"https:\/\/dlvradio.es\/en\/wp-json\/wp\/v2\/comments?post=78076"}],"version-history":[{"count":1,"href":"https:\/\/dlvradio.es\/en\/wp-json\/wp\/v2\/posts\/78076\/revisions"}],"predecessor-version":[{"id":78077,"href":"https:\/\/dlvradio.es\/en\/wp-json\/wp\/v2\/posts\/78076\/revisions\/78077"}],"wp:featuredmedia":[{"embeddable":true,"href":"https:\/\/dlvradio.es\/en\/wp-json\/wp\/v2\/media\/78078"}],"wp:attachment":[{"href":"https:\/\/dlvradio.es\/en\/wp-json\/wp\/v2\/media?parent=78076"}],"wp:term":[{"taxonomy":"category","embeddable":true,"href":"https:\/\/dlvradio.es\/en\/wp-json\/wp\/v2\/categories?post=78076"},{"taxonomy":"post_tag","embeddable":true,"href":"https:\/\/dlvradio.es\/en\/wp-json\/wp\/v2\/tags?post=78076"}],"curies":[{"name":"wp","href":"https:\/\/api.w.org\/{rel}","templated":true}]}}