{"id":78171,"date":"2025-11-12T11:27:30","date_gmt":"2025-11-12T10:27:30","guid":{"rendered":"https:\/\/dlvradio.es\/?p=78171"},"modified":"2025-11-12T11:27:30","modified_gmt":"2025-11-12T10:27:30","slug":"ecologistas-en-accion-celebra-el-avance-hacia-un-listado-positivo-que-limitara-la-tenencia-de-animales-silvestres-en-los-hogares","status":"publish","type":"post","link":"https:\/\/dlvradio.es\/en\/ecologistas-en-accion-celebra-el-avance-hacia-un-listado-positivo-que-limitara-la-tenencia-de-animales-silvestres-en-los-hogares\/","title":{"rendered":"Ecologistas en Acci\u00f3n celebra el avance hacia un Listado Positivo que limitar\u00e1 la tenencia de animales silvestres en los hogares"},"content":{"rendered":"<h3><strong>Ecologistas en Acci\u00f3n celebra el avance hacia un Listado Positivo que limitar\u00e1 la tenencia de animales silvestres en los hogares<\/strong><\/h3>\n<ul>\n<li><strong><em>El Listado Positivo proteger\u00e1 el bienestar animal, la biodiversidad y la salud p\u00fablica.<\/em><\/strong><\/li>\n<li><strong><em>La organizaci\u00f3n ecologista pide un enfoque preventivo y criterios cient\u00edficos estrictos.<\/em><\/strong><\/li>\n<\/ul>\n<p>Ecologistas en Acci\u00f3n ha presentado sus aportaciones a la consulta p\u00fablica abierta por el Ministerio de Derechos Sociales, Consumo y Agenda 2030 sobre el futuro Real Decreto que establecer\u00e1 el Listado Positivo de animales de compa\u00f1\u00eda. Se reclama una regulaci\u00f3n clara y preventiva que limite la tenencia de animales silvestres en los hogares, garantice su bienestar, proteja la biodiversidad y reduzca los riesgos sanitarios asociados al comercio de especies ex\u00f3ticas.<\/p>\n<p><strong>Un avance imprescindible para proteger a los animales y a los ecosistemas<\/strong><\/p>\n<p>Ecologistas en Acci\u00f3n recuerda que la tenencia de animales silvestres como animales de compa\u00f1\u00eda es incompatible con sus necesidades naturales. Muchas especies no pueden adaptarse a un entorno dom\u00e9stico, lo que provoca sufrimiento, abandono y problemas de convivencia. Adem\u00e1s, el comercio de fauna ex\u00f3tica alimenta capturas ilegales, tr\u00e1fico internacional y la liberaci\u00f3n de especies que pueden convertirse en un problema para los ecosistemas y las especies aut\u00f3ctonas.<\/p>\n<p>\u201cEl Listado Positivo es una herramienta imprescindible para frenar la explotaci\u00f3n de animales silvestres, proteger nuestra biodiversidad y avanzar hacia una convivencia m\u00e1s responsable\u201d, ha se\u00f1alado Andr\u00e9s Illana, portavoz de Ecologistas en Acci\u00f3n.<\/p>\n<p><strong>Un modelo preventivo y basado en la ciencia<\/strong><\/p>\n<p>Ecologistas en Acci\u00f3n valora positivamente que el Estado espa\u00f1ol avance hacia un sistema preventivo, m\u00e1s eficaz que los actuales listados reactivos o negativos. Este enfoque es coherente con las recomendaciones de la Uni\u00f3n Europea y con el Convenio del Consejo de Europa para la Protecci\u00f3n de los Animales de Compa\u00f1\u00eda, que desaconseja expresamente el uso de fauna salvaje como mascota.<\/p>\n<p>El Listado Positivo permitir\u00e1 a las autoridades identificar de forma r\u00e1pida qu\u00e9 especies pueden mantenerse en un hogar y cu\u00e1les no, evitando fraudes y facilitando el trabajo de los cuerpos de inspecci\u00f3n.<\/p>\n<p><strong>Criterios estrictos y aplicaci\u00f3n del principio de precauci\u00f3n<\/strong><\/p>\n<p>Ecologistas en Acci\u00f3n propone que la futura norma incorpore criterios cient\u00edficos estrictos para evaluar cada especie: bienestar animal, riesgo zoon\u00f3tico, impacto ambiental, identificaci\u00f3n inequ\u00edvoca y posibilidad real de satisfacer sus necesidades fisiol\u00f3gicas, sociales y de comportamiento.<\/p>\n<p>En este marco, destacan la importancia de aplicar el principio de precauci\u00f3n y de establecer con claridad que la carga de la prueba debe recaer en quien solicite que una especie se incluya en el Listado Positivo.<\/p>\n<p>\u201cDebe ser la parte interesada quien aporte evidencia cient\u00edfica s\u00f3lida que demuestre que la especie es apta para vivir en un hogar sin sufrir y sin generar riesgos. Si existen dudas o falta de informaci\u00f3n, la especie no debe ser incluida\u201d, ha explicado Illana.<\/p>\n<p><strong>Escuchar a quienes rescatan y cuidan<\/strong><\/p>\n<p>Ecologistas en Acci\u00f3n reclama que en este proceso se d\u00e9 un peso especial a la experiencia de los centros de rescate y de las organizaciones que atienden a animales abandonados, heridos o traficados. Estas entidades conocen mejor que nadie las consecuencias reales del comercio de animales ex\u00f3ticos.<\/p>\n<p>\u201cCada a\u00f1o llegan a los centros y santuarios animales que nunca debieron ser considerados mascotas. Su sufrimiento y el impacto ambiental que provoca esta pr\u00e1ctica no pueden seguir ignor\u00e1ndose\u201d, ha apuntado Illana.<\/p>\n<p><strong>Una oportunidad para avanzar en bienestar animal<\/strong><\/p>\n<p>Ecologistas en Acci\u00f3n considera que este Real Decreto es una oportunidad para situar a Espa\u00f1a a la altura de los pa\u00edses m\u00e1s avanzados en bienestar animal y conservaci\u00f3n de la biodiversidad, y exige al ministerio que mantenga un enfoque firme frente a los intereses comerciales que han alimentado el mercado de fauna ex\u00f3tica.<\/p>","protected":false},"excerpt":{"rendered":"<p>Ecologistas en Acci\u00f3n celebra el avance hacia un Listado Positivo que limitar\u00e1 la tenencia de animales silvestres en los hogares El Listado Positivo proteger\u00e1 el bienestar animal, la biodiversidad y la salud p\u00fablica. La organizaci\u00f3n ecologista pide un enfoque preventivo y criterios cient\u00edficos estrictos. Ecologistas en Acci\u00f3n ha presentado sus aportaciones a la consulta p\u00fablica [&hellip;]<\/p>\n","protected":false},"author":1,"featured_media":78172,"comment_status":"closed","ping_status":"closed","sticky":false,"template":"","format":"standard","meta":{"_acf_changed":false,"footnotes":""},"categories":[2711],"tags":[2478,2466,2566],"class_list":["post-78171","post","type-post","status-publish","format-standard","has-post-thumbnail","hentry","category-emergencia-climatica","tag-ecologia","tag-espana","tag-leyes"],"acf":[],"yoast_head":"<!-- This site is optimized with the Yoast SEO plugin v27.4 - https:\/\/yoast.com\/product\/yoast-seo-wordpress\/ -->\n<title>Ecologistas en Acci\u00f3n celebra el avance hacia un Listado Positivo que limitar\u00e1 la tenencia de animales silvestres en los hogares - DLVRADIO<\/title>\n<meta name=\"description\" content=\"Ecologistas en Acci\u00f3n celebra el avance hacia un Listado Positivo que limitar\u00e1 la tenencia de animales silvestres en los hogares El Listado Positivo\" \/>\n<meta name=\"robots\" content=\"index, follow, max-snippet:-1, max-image-preview:large, max-video-preview:-1\" \/>\n<link rel=\"canonical\" href=\"https:\/\/dlvradio.es\/en\/ecologistas-en-accion-celebra-el-avance-hacia-un-listado-positivo-que-limitara-la-tenencia-de-animales-silvestres-en-los-hogares\/\" \/>\n<meta property=\"og:locale\" content=\"en_US\" \/>\n<meta property=\"og:type\" content=\"article\" \/>\n<meta property=\"og:title\" content=\"Ecologistas en Acci\u00f3n celebra el avance hacia un Listado Positivo que limitar\u00e1 la tenencia de animales silvestres en los hogares - DLVRADIO\" \/>\n<meta property=\"og:description\" content=\"Ecologistas en Acci\u00f3n celebra el avance hacia un Listado Positivo que limitar\u00e1 la tenencia de animales silvestres en los hogares El Listado Positivo\" \/>\n<meta property=\"og:url\" content=\"https:\/\/dlvradio.es\/en\/ecologistas-en-accion-celebra-el-avance-hacia-un-listado-positivo-que-limitara-la-tenencia-de-animales-silvestres-en-los-hogares\/\" \/>\n<meta property=\"og:site_name\" content=\"DLVRADIO\" \/>\n<meta property=\"article:publisher\" content=\"https:\/\/www.facebook.com\/RadioDLVradio\/\" \/>\n<meta property=\"article:published_time\" content=\"2025-11-12T10:27:30+00:00\" \/>\n<meta property=\"og:image\" content=\"https:\/\/dlvradio.es\/wp-content\/uploads\/2025\/11\/DLVRADIO.ES-8-1024x1024.png\" \/>\n\t<meta property=\"og:image:width\" content=\"1024\" \/>\n\t<meta property=\"og:image:height\" content=\"1024\" \/>\n\t<meta property=\"og:image:type\" content=\"image\/png\" \/>\n<meta name=\"author\" content=\"doominio\" \/>\n<meta name=\"twitter:card\" content=\"summary_large_image\" \/>\n<meta name=\"twitter:creator\" content=\"@RadioDlvradio\" \/>\n<meta name=\"twitter:site\" content=\"@RadioDlvradio\" \/>\n<script type=\"application\/ld+json\" class=\"yoast-schema-graph\">{\"@context\":\"https:\\\/\\\/schema.org\",\"@graph\":[{\"@type\":\"Article\",\"@id\":\"https:\\\/\\\/dlvradio.es\\\/ecologistas-en-accion-celebra-el-avance-hacia-un-listado-positivo-que-limitara-la-tenencia-de-animales-silvestres-en-los-hogares\\\/#article\",\"isPartOf\":{\"@id\":\"https:\\\/\\\/dlvradio.es\\\/ecologistas-en-accion-celebra-el-avance-hacia-un-listado-positivo-que-limitara-la-tenencia-de-animales-silvestres-en-los-hogares\\\/\"},\"author\":{\"name\":\"doominio\",\"@id\":\"https:\\\/\\\/dlvradio.es\\\/#\\\/schema\\\/person\\\/6ee60897fbb7fb4ad6634c73f4be87fa\"},\"headline\":\"Ecologistas en Acci\u00f3n celebra el avance hacia un Listado Positivo que limitar\u00e1 la tenencia de animales silvestres en los hogares\",\"datePublished\":\"2025-11-12T10:27:30+00:00\",\"mainEntityOfPage\":{\"@id\":\"https:\\\/\\\/dlvradio.es\\\/ecologistas-en-accion-celebra-el-avance-hacia-un-listado-positivo-que-limitara-la-tenencia-de-animales-silvestres-en-los-hogares\\\/\"},\"wordCount\":670,\"publisher\":{\"@id\":\"https:\\\/\\\/dlvradio.es\\\/#organization\"},\"image\":{\"@id\":\"https:\\\/\\\/dlvradio.es\\\/ecologistas-en-accion-celebra-el-avance-hacia-un-listado-positivo-que-limitara-la-tenencia-de-animales-silvestres-en-los-hogares\\\/#primaryimage\"},\"thumbnailUrl\":\"https:\\\/\\\/dlvradio.es\\\/wp-content\\\/uploads\\\/2025\\\/11\\\/DLVRADIO.ES-8.png\",\"keywords\":[\"ecolog\u00eda\",\"Espa\u00f1a\",\"leyes\"],\"articleSection\":[\"Emergencia clim\u00e1tica\"],\"inLanguage\":\"en-US\"},{\"@type\":\"WebPage\",\"@id\":\"https:\\\/\\\/dlvradio.es\\\/ecologistas-en-accion-celebra-el-avance-hacia-un-listado-positivo-que-limitara-la-tenencia-de-animales-silvestres-en-los-hogares\\\/\",\"url\":\"https:\\\/\\\/dlvradio.es\\\/ecologistas-en-accion-celebra-el-avance-hacia-un-listado-positivo-que-limitara-la-tenencia-de-animales-silvestres-en-los-hogares\\\/\",\"name\":\"Ecologistas en Acci\u00f3n celebra el avance hacia un Listado Positivo que limitar\u00e1 la tenencia de animales silvestres en los hogares - DLVRADIO\",\"isPartOf\":{\"@id\":\"https:\\\/\\\/dlvradio.es\\\/#website\"},\"primaryImageOfPage\":{\"@id\":\"https:\\\/\\\/dlvradio.es\\\/ecologistas-en-accion-celebra-el-avance-hacia-un-listado-positivo-que-limitara-la-tenencia-de-animales-silvestres-en-los-hogares\\\/#primaryimage\"},\"image\":{\"@id\":\"https:\\\/\\\/dlvradio.es\\\/ecologistas-en-accion-celebra-el-avance-hacia-un-listado-positivo-que-limitara-la-tenencia-de-animales-silvestres-en-los-hogares\\\/#primaryimage\"},\"thumbnailUrl\":\"https:\\\/\\\/dlvradio.es\\\/wp-content\\\/uploads\\\/2025\\\/11\\\/DLVRADIO.ES-8.png\",\"datePublished\":\"2025-11-12T10:27:30+00:00\",\"description\":\"Ecologistas en Acci\u00f3n celebra el avance hacia un Listado Positivo que limitar\u00e1 la tenencia de animales silvestres en los hogares El Listado Positivo\",\"breadcrumb\":{\"@id\":\"https:\\\/\\\/dlvradio.es\\\/ecologistas-en-accion-celebra-el-avance-hacia-un-listado-positivo-que-limitara-la-tenencia-de-animales-silvestres-en-los-hogares\\\/#breadcrumb\"},\"inLanguage\":\"en-US\",\"potentialAction\":[{\"@type\":\"ReadAction\",\"target\":[\"https:\\\/\\\/dlvradio.es\\\/ecologistas-en-accion-celebra-el-avance-hacia-un-listado-positivo-que-limitara-la-tenencia-de-animales-silvestres-en-los-hogares\\\/\"]}]},{\"@type\":\"ImageObject\",\"inLanguage\":\"en-US\",\"@id\":\"https:\\\/\\\/dlvradio.es\\\/ecologistas-en-accion-celebra-el-avance-hacia-un-listado-positivo-que-limitara-la-tenencia-de-animales-silvestres-en-los-hogares\\\/#primaryimage\",\"url\":\"https:\\\/\\\/dlvradio.es\\\/wp-content\\\/uploads\\\/2025\\\/11\\\/DLVRADIO.ES-8.png\",\"contentUrl\":\"https:\\\/\\\/dlvradio.es\\\/wp-content\\\/uploads\\\/2025\\\/11\\\/DLVRADIO.ES-8.png\",\"width\":1500,\"height\":1500,\"caption\":\"Ecologistas en Acci\u00f3n celebra el avance hacia un Listado Positivo que limitar\u00e1 la tenencia de animales silvestres en los hogares\"},{\"@type\":\"BreadcrumbList\",\"@id\":\"https:\\\/\\\/dlvradio.es\\\/ecologistas-en-accion-celebra-el-avance-hacia-un-listado-positivo-que-limitara-la-tenencia-de-animales-silvestres-en-los-hogares\\\/#breadcrumb\",\"itemListElement\":[{\"@type\":\"ListItem\",\"position\":1,\"name\":\"Inicio\",\"item\":\"https:\\\/\\\/dlvradio.es\\\/\"},{\"@type\":\"ListItem\",\"position\":2,\"name\":\"Ecologistas en Acci\u00f3n celebra el avance hacia un Listado Positivo que limitar\u00e1 la tenencia de animales silvestres en los hogares\"}]},{\"@type\":\"WebSite\",\"@id\":\"https:\\\/\\\/dlvradio.es\\\/#website\",\"url\":\"https:\\\/\\\/dlvradio.es\\\/\",\"name\":\"DLVRADIO\",\"description\":\"Somos un medio de comunicaci\u00f3n alternativo a los medios tradicionales\",\"publisher\":{\"@id\":\"https:\\\/\\\/dlvradio.es\\\/#organization\"},\"potentialAction\":[{\"@type\":\"SearchAction\",\"target\":{\"@type\":\"EntryPoint\",\"urlTemplate\":\"https:\\\/\\\/dlvradio.es\\\/?s={search_term_string}\"},\"query-input\":{\"@type\":\"PropertyValueSpecification\",\"valueRequired\":true,\"valueName\":\"search_term_string\"}}],\"inLanguage\":\"en-US\"},{\"@type\":\"Organization\",\"@id\":\"https:\\\/\\\/dlvradio.es\\\/#organization\",\"name\":\"DLVRADIO\",\"url\":\"https:\\\/\\\/dlvradio.es\\\/\",\"logo\":{\"@type\":\"ImageObject\",\"inLanguage\":\"en-US\",\"@id\":\"https:\\\/\\\/dlvradio.es\\\/#\\\/schema\\\/logo\\\/image\\\/\",\"url\":\"\",\"contentUrl\":\"\",\"caption\":\"DLVRADIO\"},\"image\":{\"@id\":\"https:\\\/\\\/dlvradio.es\\\/#\\\/schema\\\/logo\\\/image\\\/\"},\"sameAs\":[\"https:\\\/\\\/www.facebook.com\\\/RadioDLVradio\\\/\",\"https:\\\/\\\/x.com\\\/RadioDlvradio\",\"https:\\\/\\\/www.instagram.com\\\/radiodlvradio\\\/\"]},{\"@type\":\"Person\",\"@id\":\"https:\\\/\\\/dlvradio.es\\\/#\\\/schema\\\/person\\\/6ee60897fbb7fb4ad6634c73f4be87fa\",\"name\":\"doominio\",\"sameAs\":[\"https:\\\/\\\/dlvradio.es\"]}]}<\/script>\n<!-- \/ Yoast SEO plugin. -->","yoast_head_json":{"title":"Ecologistas en Acci\u00f3n celebra el avance hacia un Listado Positivo que limitar\u00e1 la tenencia de animales silvestres en los hogares - DLVRADIO","description":"Ecologistas en Acci\u00f3n celebra el avance hacia un Listado Positivo que limitar\u00e1 la tenencia de animales silvestres en los hogares El Listado Positivo","robots":{"index":"index","follow":"follow","max-snippet":"max-snippet:-1","max-image-preview":"max-image-preview:large","max-video-preview":"max-video-preview:-1"},"canonical":"https:\/\/dlvradio.es\/en\/ecologistas-en-accion-celebra-el-avance-hacia-un-listado-positivo-que-limitara-la-tenencia-de-animales-silvestres-en-los-hogares\/","og_locale":"en_US","og_type":"article","og_title":"Ecologistas en Acci\u00f3n celebra el avance hacia un Listado Positivo que limitar\u00e1 la tenencia de animales silvestres en los hogares - DLVRADIO","og_description":"Ecologistas en Acci\u00f3n celebra el avance hacia un Listado Positivo que limitar\u00e1 la tenencia de animales silvestres en los hogares El Listado Positivo","og_url":"https:\/\/dlvradio.es\/en\/ecologistas-en-accion-celebra-el-avance-hacia-un-listado-positivo-que-limitara-la-tenencia-de-animales-silvestres-en-los-hogares\/","og_site_name":"DLVRADIO","article_publisher":"https:\/\/www.facebook.com\/RadioDLVradio\/","article_published_time":"2025-11-12T10:27:30+00:00","og_image":[{"width":1024,"height":1024,"url":"https:\/\/dlvradio.es\/wp-content\/uploads\/2025\/11\/DLVRADIO.ES-8-1024x1024.png","type":"image\/png"}],"author":"doominio","twitter_card":"summary_large_image","twitter_creator":"@RadioDlvradio","twitter_site":"@RadioDlvradio","schema":{"@context":"https:\/\/schema.org","@graph":[{"@type":"Article","@id":"https:\/\/dlvradio.es\/ecologistas-en-accion-celebra-el-avance-hacia-un-listado-positivo-que-limitara-la-tenencia-de-animales-silvestres-en-los-hogares\/#article","isPartOf":{"@id":"https:\/\/dlvradio.es\/ecologistas-en-accion-celebra-el-avance-hacia-un-listado-positivo-que-limitara-la-tenencia-de-animales-silvestres-en-los-hogares\/"},"author":{"name":"doominio","@id":"https:\/\/dlvradio.es\/#\/schema\/person\/6ee60897fbb7fb4ad6634c73f4be87fa"},"headline":"Ecologistas en Acci\u00f3n celebra el avance hacia un Listado Positivo que limitar\u00e1 la tenencia de animales silvestres en los hogares","datePublished":"2025-11-12T10:27:30+00:00","mainEntityOfPage":{"@id":"https:\/\/dlvradio.es\/ecologistas-en-accion-celebra-el-avance-hacia-un-listado-positivo-que-limitara-la-tenencia-de-animales-silvestres-en-los-hogares\/"},"wordCount":670,"publisher":{"@id":"https:\/\/dlvradio.es\/#organization"},"image":{"@id":"https:\/\/dlvradio.es\/ecologistas-en-accion-celebra-el-avance-hacia-un-listado-positivo-que-limitara-la-tenencia-de-animales-silvestres-en-los-hogares\/#primaryimage"},"thumbnailUrl":"https:\/\/dlvradio.es\/wp-content\/uploads\/2025\/11\/DLVRADIO.ES-8.png","keywords":["ecolog\u00eda","Espa\u00f1a","leyes"],"articleSection":["Emergencia clim\u00e1tica"],"inLanguage":"en-US"},{"@type":"WebPage","@id":"https:\/\/dlvradio.es\/ecologistas-en-accion-celebra-el-avance-hacia-un-listado-positivo-que-limitara-la-tenencia-de-animales-silvestres-en-los-hogares\/","url":"https:\/\/dlvradio.es\/ecologistas-en-accion-celebra-el-avance-hacia-un-listado-positivo-que-limitara-la-tenencia-de-animales-silvestres-en-los-hogares\/","name":"Ecologistas en Acci\u00f3n celebra el avance hacia un Listado Positivo que limitar\u00e1 la tenencia de animales silvestres en los hogares - DLVRADIO","isPartOf":{"@id":"https:\/\/dlvradio.es\/#website"},"primaryImageOfPage":{"@id":"https:\/\/dlvradio.es\/ecologistas-en-accion-celebra-el-avance-hacia-un-listado-positivo-que-limitara-la-tenencia-de-animales-silvestres-en-los-hogares\/#primaryimage"},"image":{"@id":"https:\/\/dlvradio.es\/ecologistas-en-accion-celebra-el-avance-hacia-un-listado-positivo-que-limitara-la-tenencia-de-animales-silvestres-en-los-hogares\/#primaryimage"},"thumbnailUrl":"https:\/\/dlvradio.es\/wp-content\/uploads\/2025\/11\/DLVRADIO.ES-8.png","datePublished":"2025-11-12T10:27:30+00:00","description":"Ecologistas en Acci\u00f3n celebra el avance hacia un Listado Positivo que limitar\u00e1 la tenencia de animales silvestres en los hogares El Listado Positivo","breadcrumb":{"@id":"https:\/\/dlvradio.es\/ecologistas-en-accion-celebra-el-avance-hacia-un-listado-positivo-que-limitara-la-tenencia-de-animales-silvestres-en-los-hogares\/#breadcrumb"},"inLanguage":"en-US","potentialAction":[{"@type":"ReadAction","target":["https:\/\/dlvradio.es\/ecologistas-en-accion-celebra-el-avance-hacia-un-listado-positivo-que-limitara-la-tenencia-de-animales-silvestres-en-los-hogares\/"]}]},{"@type":"ImageObject","inLanguage":"en-US","@id":"https:\/\/dlvradio.es\/ecologistas-en-accion-celebra-el-avance-hacia-un-listado-positivo-que-limitara-la-tenencia-de-animales-silvestres-en-los-hogares\/#primaryimage","url":"https:\/\/dlvradio.es\/wp-content\/uploads\/2025\/11\/DLVRADIO.ES-8.png","contentUrl":"https:\/\/dlvradio.es\/wp-content\/uploads\/2025\/11\/DLVRADIO.ES-8.png","width":1500,"height":1500,"caption":"Ecologistas en Acci\u00f3n celebra el avance hacia un Listado Positivo que limitar\u00e1 la tenencia de animales silvestres en los hogares"},{"@type":"BreadcrumbList","@id":"https:\/\/dlvradio.es\/ecologistas-en-accion-celebra-el-avance-hacia-un-listado-positivo-que-limitara-la-tenencia-de-animales-silvestres-en-los-hogares\/#breadcrumb","itemListElement":[{"@type":"ListItem","position":1,"name":"Inicio","item":"https:\/\/dlvradio.es\/"},{"@type":"ListItem","position":2,"name":"Ecologistas en Acci\u00f3n celebra el avance hacia un Listado Positivo que limitar\u00e1 la tenencia de animales silvestres en los hogares"}]},{"@type":"WebSite","@id":"https:\/\/dlvradio.es\/#website","url":"https:\/\/dlvradio.es\/","name":"DLVRADIO","description":"We are an alternative media to traditional media","publisher":{"@id":"https:\/\/dlvradio.es\/#organization"},"potentialAction":[{"@type":"SearchAction","target":{"@type":"EntryPoint","urlTemplate":"https:\/\/dlvradio.es\/?s={search_term_string}"},"query-input":{"@type":"PropertyValueSpecification","valueRequired":true,"valueName":"search_term_string"}}],"inLanguage":"en-US"},{"@type":"Organization","@id":"https:\/\/dlvradio.es\/#organization","name":"DLVRADIO","url":"https:\/\/dlvradio.es\/","logo":{"@type":"ImageObject","inLanguage":"en-US","@id":"https:\/\/dlvradio.es\/#\/schema\/logo\/image\/","url":"","contentUrl":"","caption":"DLVRADIO"},"image":{"@id":"https:\/\/dlvradio.es\/#\/schema\/logo\/image\/"},"sameAs":["https:\/\/www.facebook.com\/RadioDLVradio\/","https:\/\/x.com\/RadioDlvradio","https:\/\/www.instagram.com\/radiodlvradio\/"]},{"@type":"Person","@id":"https:\/\/dlvradio.es\/#\/schema\/person\/6ee60897fbb7fb4ad6634c73f4be87fa","name":"doominio","sameAs":["https:\/\/dlvradio.es"]}]}},"_links":{"self":[{"href":"https:\/\/dlvradio.es\/en\/wp-json\/wp\/v2\/posts\/78171","targetHints":{"allow":["GET"]}}],"collection":[{"href":"https:\/\/dlvradio.es\/en\/wp-json\/wp\/v2\/posts"}],"about":[{"href":"https:\/\/dlvradio.es\/en\/wp-json\/wp\/v2\/types\/post"}],"author":[{"embeddable":true,"href":"https:\/\/dlvradio.es\/en\/wp-json\/wp\/v2\/users\/1"}],"replies":[{"embeddable":true,"href":"https:\/\/dlvradio.es\/en\/wp-json\/wp\/v2\/comments?post=78171"}],"version-history":[{"count":1,"href":"https:\/\/dlvradio.es\/en\/wp-json\/wp\/v2\/posts\/78171\/revisions"}],"predecessor-version":[{"id":78173,"href":"https:\/\/dlvradio.es\/en\/wp-json\/wp\/v2\/posts\/78171\/revisions\/78173"}],"wp:featuredmedia":[{"embeddable":true,"href":"https:\/\/dlvradio.es\/en\/wp-json\/wp\/v2\/media\/78172"}],"wp:attachment":[{"href":"https:\/\/dlvradio.es\/en\/wp-json\/wp\/v2\/media?parent=78171"}],"wp:term":[{"taxonomy":"category","embeddable":true,"href":"https:\/\/dlvradio.es\/en\/wp-json\/wp\/v2\/categories?post=78171"},{"taxonomy":"post_tag","embeddable":true,"href":"https:\/\/dlvradio.es\/en\/wp-json\/wp\/v2\/tags?post=78171"}],"curies":[{"name":"wp","href":"https:\/\/api.w.org\/{rel}","templated":true}]}}