{"id":78504,"date":"2026-01-09T20:15:32","date_gmt":"2026-01-09T19:15:32","guid":{"rendered":"https:\/\/dlvradio.es\/?p=78504"},"modified":"2026-01-09T20:15:32","modified_gmt":"2026-01-09T19:15:32","slug":"ecologistas-en-accion-apoya-las-protestas-agrarias-contra-el-acuerdo-ue-mercosur","status":"publish","type":"post","link":"https:\/\/dlvradio.es\/en\/ecologistas-en-accion-apoya-las-protestas-agrarias-contra-el-acuerdo-ue-mercosur\/","title":{"rendered":"Ecologistas en Acci\u00f3n apoya las protestas agrarias contra el acuerdo UE-Mercosur"},"content":{"rendered":"<h3><strong>Ecologistas en Acci\u00f3n apoya las protestas agrarias contra el acuerdo UE-Mercosur<\/strong><\/h3>\n<ul>\n<li><em><strong>Una mayor\u00eda de Estados miembros de la UE han aprobado el acuerdo comercial t\u00f3xico entre la UE y los pa\u00edses del Mercosur en medio del clamor de los peque\u00f1os productores.<\/strong><\/em><\/li>\n<li><em><strong>Ecologistas en Acci\u00f3n condena la negativa de la Comisi\u00f3n Europea y los gobiernos europeos a considerar la preocupaci\u00f3n generalizada de la opini\u00f3n p\u00fablica por las repercusiones del acuerdo en la agricultura, la salud, los derechos laborales y el clima.<\/strong><\/em><\/li>\n<\/ul>\n<p>Hoy, una mayor\u00eda cualificada de los Estados miembros de la Uni\u00f3n Europea han aprobado el acuerdo comercial entre la UE y el Mercosur (Brasil, Argentina, UruQ1guay y Paraguay), a pesar de 25 a\u00f1os de disenso por parte de la sociedad civil organizada, organizaciones agrarias, ind\u00edgenas y sindicatos.<\/p>\n<p>Esta es la primera vez en la historia de la UE que se aprueba un acuerdo comercial sin el consentimiento de todos los Estados miembros, ignorando las objeciones de pa\u00edses como Francia, Polonia, Irlanda o Austria, donde la oposici\u00f3n social al acuerdo ha forzado a sus gobiernos a adoptar una posici\u00f3n contraria.<\/p>\n<p>Ecologistas en Acci\u00f3n ha expresado su apoyo a las organizaciones agrarias europeas que han bloqueado fronteras y carreteras para denunciar el impacto del acuerdo en la agricultura y que denuncian que las supuestas salvaguardias agr\u00edcolas son insuficientes.<\/p>\n<p>\u00abEste acuerdo simboliza una pol\u00edtica comercial que enfrenta y hace competir a\u00fan m\u00e1s -si cabe- a agricultores y agricultoras de ambos lados del Atl\u00e1ntico en una carrera suicida para recortar leyes sociales, ambientales y sanitarias. Este modelo de agricultura industrial basada en la exportaci\u00f3n es la mayor causa de la emergencia clim\u00e1tica y ambiental y compromete la capacidad de producir alimentos\u00bb, ha manifiestado la entidad defensora del ecolog\u00edsmo social.<\/p>\n<p>Asimismo, Ecologistas en Acci\u00f3n ha reprobado la negativa de la Comisi\u00f3n Europea y los gobiernos europeos a considerar la preocupaci\u00f3n generalizada de la opini\u00f3n p\u00fablica por las repercusiones del acuerdo en la agricultura, la salud, los derechos laborales y el clima.<\/p>\n<p>Diferentes estudios concluyen que el acuerdo UE-Mercosur aumentar\u00e1 dr\u00e1sticamente las emisiones de gases e efecto invernadero y la deforestaci\u00f3n; provocar\u00e1 la posible p\u00e9rdida de cientos de miles de empleos a ambos lados del Atl\u00e1ntico, adem\u00e1s de afectar a las PyMEs por las compras p\u00fablicas; y debilitar\u00e1 los derechos de los pueblos ind\u00edgenas y los derechos laborales.<\/p>\n<p>Para la organizaci\u00f3n ecologista, \u201cel Gobierno de Espa\u00f1a prioriza una vez m\u00e1s las ganancias de las grandes empresas, incluso si eso significa perjudicar a todos los dem\u00e1s. Al apoyar este acuerdo comercial, opta por precarizar y empobrecer a la clase trabajadora, a la agricultura familiar y a las peque\u00f1as empresas de ambas orillas del Atl\u00e1ntico, por violar los derechos de las comunidades originarias, envenenar a las personas y destruir la naturaleza\u00bb.<\/p>\n<p>Adem\u00e1s, Ecologistas en Acci\u00f3n ha denunciado la forma en la que se ha concluido este acuerdo, que \u00absolo ha sido posible gracias a m\u00e9todos\u00a0 antidemocr\u00e1ticos y opacos. La votaci\u00f3n del Consejo de la UE se produce en un proceso apresurado, en el que se han excluido a los parlamentos nacionales y que pretende no esperar la luz verde del Parlamento Europeo antes de implementar el acuerdo\u00bb.<\/p>\n<p>Por \u00faltimo, la organizaci\u00f3n ecologista ha criticado que la Uni\u00f3n Europea \u00abes sumisa con Estados Unidos permitiendo toda clase de atropellos contra el derecho internacional y los derechos humanos al tiempo que pretende continuar sus pol\u00edticas comerciales colonialistas con los pa\u00edses del Mercosur, India, China y numerosos pa\u00edses del Sur global\u201d.<\/p>\n<p>Tom Kucharz, portavoz de Ecologistas en Acci\u00f3n, ha a\u00f1adido: \u00abAl priorizar la venta de m\u00e1s autom\u00f3viles europeos y el expolio de materias primas -como soja, ma\u00edz, petr\u00f3leo y minerales- en Am\u00e9rica del Sur, el acuerdo UE-Mercosur agravar\u00e1 la pobreza, la violencia y las desigualdades sociales, especialmente de los pueblos ind\u00edgenas, las comunidades tradicionales y las personas m\u00e1s vulnerabilizadas en el continente americano. La Uni\u00f3n Europea y el capital transnacional externalizan as\u00ed la destrucci\u00f3n ambiental y los conflictos sociales hacia quienes menos han contribuido a la crisis global\u00bb.<\/p>\n<p>Como pr\u00f3ximo paso, la campa\u00f1a Stop UE-Mercosur, de la que forma parte Ecologistas en Acci\u00f3n, se movilizar\u00e1 para exigir al Parlamento Europeo una votaci\u00f3n en contra del pacto comercial.<\/p>","protected":false},"excerpt":{"rendered":"<p>Ecologistas en Acci\u00f3n apoya las protestas agrarias contra el acuerdo UE-Mercosur Una mayor\u00eda de Estados miembros de la UE han aprobado el acuerdo comercial t\u00f3xico entre la UE y los pa\u00edses del Mercosur en medio del clamor de los peque\u00f1os productores. Ecologistas en Acci\u00f3n condena la negativa de la Comisi\u00f3n Europea y los gobiernos europeos [&hellip;]<\/p>\n","protected":false},"author":1,"featured_media":78505,"comment_status":"closed","ping_status":"closed","sticky":false,"template":"","format":"standard","meta":{"_acf_changed":false,"footnotes":""},"categories":[2711,2593],"tags":[2478,2507,2608],"class_list":["post-78504","post","type-post","status-publish","format-standard","has-post-thumbnail","hentry","category-emergencia-climatica","category-internacional","tag-ecologia","tag-internacional","tag-union-europea"],"acf":[],"yoast_head":"<!-- This site is optimized with the Yoast SEO plugin v27.4 - https:\/\/yoast.com\/product\/yoast-seo-wordpress\/ -->\n<title>Ecologistas en Acci\u00f3n apoya las protestas agrarias contra el acuerdo UE-Mercosur - DLVRADIO<\/title>\n<meta name=\"description\" content=\"Ecologistas en Acci\u00f3n apoya las protestas agrarias contra el acuerdo UE-Mercosur Una mayor\u00eda de Estados miembros de la UE han aprobado el acuerdo\" \/>\n<meta name=\"robots\" content=\"index, follow, max-snippet:-1, max-image-preview:large, max-video-preview:-1\" \/>\n<link rel=\"canonical\" href=\"https:\/\/dlvradio.es\/en\/ecologistas-en-accion-apoya-las-protestas-agrarias-contra-el-acuerdo-ue-mercosur\/\" \/>\n<meta property=\"og:locale\" content=\"en_US\" \/>\n<meta property=\"og:type\" content=\"article\" \/>\n<meta property=\"og:title\" content=\"Ecologistas en Acci\u00f3n apoya las protestas agrarias contra el acuerdo UE-Mercosur - DLVRADIO\" \/>\n<meta property=\"og:description\" content=\"Ecologistas en Acci\u00f3n apoya las protestas agrarias contra el acuerdo UE-Mercosur Una mayor\u00eda de Estados miembros de la UE han aprobado el acuerdo\" \/>\n<meta property=\"og:url\" content=\"https:\/\/dlvradio.es\/en\/ecologistas-en-accion-apoya-las-protestas-agrarias-contra-el-acuerdo-ue-mercosur\/\" \/>\n<meta property=\"og:site_name\" content=\"DLVRADIO\" \/>\n<meta property=\"article:publisher\" content=\"https:\/\/www.facebook.com\/RadioDLVradio\/\" \/>\n<meta property=\"article:published_time\" content=\"2026-01-09T19:15:32+00:00\" \/>\n<meta property=\"og:image\" content=\"https:\/\/dlvradio.es\/wp-content\/uploads\/2026\/01\/DLVRADIO-EN-10-1024x1024.png\" \/>\n\t<meta property=\"og:image:width\" content=\"1024\" \/>\n\t<meta property=\"og:image:height\" content=\"1024\" \/>\n\t<meta property=\"og:image:type\" content=\"image\/png\" \/>\n<meta name=\"author\" content=\"doominio\" \/>\n<meta name=\"twitter:card\" content=\"summary_large_image\" \/>\n<meta name=\"twitter:creator\" content=\"@RadioDlvradio\" \/>\n<meta name=\"twitter:site\" content=\"@RadioDlvradio\" \/>\n<script type=\"application\/ld+json\" class=\"yoast-schema-graph\">{\"@context\":\"https:\\\/\\\/schema.org\",\"@graph\":[{\"@type\":\"Article\",\"@id\":\"https:\\\/\\\/dlvradio.es\\\/ecologistas-en-accion-apoya-las-protestas-agrarias-contra-el-acuerdo-ue-mercosur\\\/#article\",\"isPartOf\":{\"@id\":\"https:\\\/\\\/dlvradio.es\\\/ecologistas-en-accion-apoya-las-protestas-agrarias-contra-el-acuerdo-ue-mercosur\\\/\"},\"author\":{\"name\":\"doominio\",\"@id\":\"https:\\\/\\\/dlvradio.es\\\/#\\\/schema\\\/person\\\/6ee60897fbb7fb4ad6634c73f4be87fa\"},\"headline\":\"Ecologistas en Acci\u00f3n apoya las protestas agrarias contra el acuerdo UE-Mercosur\",\"datePublished\":\"2026-01-09T19:15:32+00:00\",\"mainEntityOfPage\":{\"@id\":\"https:\\\/\\\/dlvradio.es\\\/ecologistas-en-accion-apoya-las-protestas-agrarias-contra-el-acuerdo-ue-mercosur\\\/\"},\"wordCount\":767,\"publisher\":{\"@id\":\"https:\\\/\\\/dlvradio.es\\\/#organization\"},\"image\":{\"@id\":\"https:\\\/\\\/dlvradio.es\\\/ecologistas-en-accion-apoya-las-protestas-agrarias-contra-el-acuerdo-ue-mercosur\\\/#primaryimage\"},\"thumbnailUrl\":\"https:\\\/\\\/dlvradio.es\\\/wp-content\\\/uploads\\\/2026\\\/01\\\/DLVRADIO-EN-10.png\",\"keywords\":[\"ecolog\u00eda\",\"internacional\",\"uni\u00f3n europea\"],\"articleSection\":[\"Emergencia clim\u00e1tica\",\"Internacional\"],\"inLanguage\":\"en-US\"},{\"@type\":\"WebPage\",\"@id\":\"https:\\\/\\\/dlvradio.es\\\/ecologistas-en-accion-apoya-las-protestas-agrarias-contra-el-acuerdo-ue-mercosur\\\/\",\"url\":\"https:\\\/\\\/dlvradio.es\\\/ecologistas-en-accion-apoya-las-protestas-agrarias-contra-el-acuerdo-ue-mercosur\\\/\",\"name\":\"Ecologistas en Acci\u00f3n apoya las protestas agrarias contra el acuerdo UE-Mercosur - DLVRADIO\",\"isPartOf\":{\"@id\":\"https:\\\/\\\/dlvradio.es\\\/#website\"},\"primaryImageOfPage\":{\"@id\":\"https:\\\/\\\/dlvradio.es\\\/ecologistas-en-accion-apoya-las-protestas-agrarias-contra-el-acuerdo-ue-mercosur\\\/#primaryimage\"},\"image\":{\"@id\":\"https:\\\/\\\/dlvradio.es\\\/ecologistas-en-accion-apoya-las-protestas-agrarias-contra-el-acuerdo-ue-mercosur\\\/#primaryimage\"},\"thumbnailUrl\":\"https:\\\/\\\/dlvradio.es\\\/wp-content\\\/uploads\\\/2026\\\/01\\\/DLVRADIO-EN-10.png\",\"datePublished\":\"2026-01-09T19:15:32+00:00\",\"description\":\"Ecologistas en Acci\u00f3n apoya las protestas agrarias contra el acuerdo UE-Mercosur Una mayor\u00eda de Estados miembros de la UE han aprobado el acuerdo\",\"breadcrumb\":{\"@id\":\"https:\\\/\\\/dlvradio.es\\\/ecologistas-en-accion-apoya-las-protestas-agrarias-contra-el-acuerdo-ue-mercosur\\\/#breadcrumb\"},\"inLanguage\":\"en-US\",\"potentialAction\":[{\"@type\":\"ReadAction\",\"target\":[\"https:\\\/\\\/dlvradio.es\\\/ecologistas-en-accion-apoya-las-protestas-agrarias-contra-el-acuerdo-ue-mercosur\\\/\"]}]},{\"@type\":\"ImageObject\",\"inLanguage\":\"en-US\",\"@id\":\"https:\\\/\\\/dlvradio.es\\\/ecologistas-en-accion-apoya-las-protestas-agrarias-contra-el-acuerdo-ue-mercosur\\\/#primaryimage\",\"url\":\"https:\\\/\\\/dlvradio.es\\\/wp-content\\\/uploads\\\/2026\\\/01\\\/DLVRADIO-EN-10.png\",\"contentUrl\":\"https:\\\/\\\/dlvradio.es\\\/wp-content\\\/uploads\\\/2026\\\/01\\\/DLVRADIO-EN-10.png\",\"width\":1400,\"height\":1400,\"caption\":\"Ecologistas en Acci\u00f3n apoya las protestas agrarias contra el acuerdo UE-Mercosur\"},{\"@type\":\"BreadcrumbList\",\"@id\":\"https:\\\/\\\/dlvradio.es\\\/ecologistas-en-accion-apoya-las-protestas-agrarias-contra-el-acuerdo-ue-mercosur\\\/#breadcrumb\",\"itemListElement\":[{\"@type\":\"ListItem\",\"position\":1,\"name\":\"Inicio\",\"item\":\"https:\\\/\\\/dlvradio.es\\\/\"},{\"@type\":\"ListItem\",\"position\":2,\"name\":\"Ecologistas en Acci\u00f3n apoya las protestas agrarias contra el acuerdo UE-Mercosur\"}]},{\"@type\":\"WebSite\",\"@id\":\"https:\\\/\\\/dlvradio.es\\\/#website\",\"url\":\"https:\\\/\\\/dlvradio.es\\\/\",\"name\":\"DLVRADIO\",\"description\":\"Somos un medio de comunicaci\u00f3n alternativo a los medios tradicionales\",\"publisher\":{\"@id\":\"https:\\\/\\\/dlvradio.es\\\/#organization\"},\"potentialAction\":[{\"@type\":\"SearchAction\",\"target\":{\"@type\":\"EntryPoint\",\"urlTemplate\":\"https:\\\/\\\/dlvradio.es\\\/?s={search_term_string}\"},\"query-input\":{\"@type\":\"PropertyValueSpecification\",\"valueRequired\":true,\"valueName\":\"search_term_string\"}}],\"inLanguage\":\"en-US\"},{\"@type\":\"Organization\",\"@id\":\"https:\\\/\\\/dlvradio.es\\\/#organization\",\"name\":\"DLVRADIO\",\"url\":\"https:\\\/\\\/dlvradio.es\\\/\",\"logo\":{\"@type\":\"ImageObject\",\"inLanguage\":\"en-US\",\"@id\":\"https:\\\/\\\/dlvradio.es\\\/#\\\/schema\\\/logo\\\/image\\\/\",\"url\":\"\",\"contentUrl\":\"\",\"caption\":\"DLVRADIO\"},\"image\":{\"@id\":\"https:\\\/\\\/dlvradio.es\\\/#\\\/schema\\\/logo\\\/image\\\/\"},\"sameAs\":[\"https:\\\/\\\/www.facebook.com\\\/RadioDLVradio\\\/\",\"https:\\\/\\\/x.com\\\/RadioDlvradio\",\"https:\\\/\\\/www.instagram.com\\\/radiodlvradio\\\/\"]},{\"@type\":\"Person\",\"@id\":\"https:\\\/\\\/dlvradio.es\\\/#\\\/schema\\\/person\\\/6ee60897fbb7fb4ad6634c73f4be87fa\",\"name\":\"doominio\",\"sameAs\":[\"https:\\\/\\\/dlvradio.es\"]}]}<\/script>\n<!-- \/ Yoast SEO plugin. -->","yoast_head_json":{"title":"Ecologistas en Acci\u00f3n apoya las protestas agrarias contra el acuerdo UE-Mercosur - DLVRADIO","description":"Ecologistas en Acci\u00f3n apoya las protestas agrarias contra el acuerdo UE-Mercosur Una mayor\u00eda de Estados miembros de la UE han aprobado el acuerdo","robots":{"index":"index","follow":"follow","max-snippet":"max-snippet:-1","max-image-preview":"max-image-preview:large","max-video-preview":"max-video-preview:-1"},"canonical":"https:\/\/dlvradio.es\/en\/ecologistas-en-accion-apoya-las-protestas-agrarias-contra-el-acuerdo-ue-mercosur\/","og_locale":"en_US","og_type":"article","og_title":"Ecologistas en Acci\u00f3n apoya las protestas agrarias contra el acuerdo UE-Mercosur - DLVRADIO","og_description":"Ecologistas en Acci\u00f3n apoya las protestas agrarias contra el acuerdo UE-Mercosur Una mayor\u00eda de Estados miembros de la UE han aprobado el acuerdo","og_url":"https:\/\/dlvradio.es\/en\/ecologistas-en-accion-apoya-las-protestas-agrarias-contra-el-acuerdo-ue-mercosur\/","og_site_name":"DLVRADIO","article_publisher":"https:\/\/www.facebook.com\/RadioDLVradio\/","article_published_time":"2026-01-09T19:15:32+00:00","og_image":[{"width":1024,"height":1024,"url":"https:\/\/dlvradio.es\/wp-content\/uploads\/2026\/01\/DLVRADIO-EN-10-1024x1024.png","type":"image\/png"}],"author":"doominio","twitter_card":"summary_large_image","twitter_creator":"@RadioDlvradio","twitter_site":"@RadioDlvradio","schema":{"@context":"https:\/\/schema.org","@graph":[{"@type":"Article","@id":"https:\/\/dlvradio.es\/ecologistas-en-accion-apoya-las-protestas-agrarias-contra-el-acuerdo-ue-mercosur\/#article","isPartOf":{"@id":"https:\/\/dlvradio.es\/ecologistas-en-accion-apoya-las-protestas-agrarias-contra-el-acuerdo-ue-mercosur\/"},"author":{"name":"doominio","@id":"https:\/\/dlvradio.es\/#\/schema\/person\/6ee60897fbb7fb4ad6634c73f4be87fa"},"headline":"Ecologistas en Acci\u00f3n apoya las protestas agrarias contra el acuerdo UE-Mercosur","datePublished":"2026-01-09T19:15:32+00:00","mainEntityOfPage":{"@id":"https:\/\/dlvradio.es\/ecologistas-en-accion-apoya-las-protestas-agrarias-contra-el-acuerdo-ue-mercosur\/"},"wordCount":767,"publisher":{"@id":"https:\/\/dlvradio.es\/#organization"},"image":{"@id":"https:\/\/dlvradio.es\/ecologistas-en-accion-apoya-las-protestas-agrarias-contra-el-acuerdo-ue-mercosur\/#primaryimage"},"thumbnailUrl":"https:\/\/dlvradio.es\/wp-content\/uploads\/2026\/01\/DLVRADIO-EN-10.png","keywords":["ecolog\u00eda","internacional","uni\u00f3n europea"],"articleSection":["Emergencia clim\u00e1tica","Internacional"],"inLanguage":"en-US"},{"@type":"WebPage","@id":"https:\/\/dlvradio.es\/ecologistas-en-accion-apoya-las-protestas-agrarias-contra-el-acuerdo-ue-mercosur\/","url":"https:\/\/dlvradio.es\/ecologistas-en-accion-apoya-las-protestas-agrarias-contra-el-acuerdo-ue-mercosur\/","name":"Ecologistas en Acci\u00f3n apoya las protestas agrarias contra el acuerdo UE-Mercosur - DLVRADIO","isPartOf":{"@id":"https:\/\/dlvradio.es\/#website"},"primaryImageOfPage":{"@id":"https:\/\/dlvradio.es\/ecologistas-en-accion-apoya-las-protestas-agrarias-contra-el-acuerdo-ue-mercosur\/#primaryimage"},"image":{"@id":"https:\/\/dlvradio.es\/ecologistas-en-accion-apoya-las-protestas-agrarias-contra-el-acuerdo-ue-mercosur\/#primaryimage"},"thumbnailUrl":"https:\/\/dlvradio.es\/wp-content\/uploads\/2026\/01\/DLVRADIO-EN-10.png","datePublished":"2026-01-09T19:15:32+00:00","description":"Ecologistas en Acci\u00f3n apoya las protestas agrarias contra el acuerdo UE-Mercosur Una mayor\u00eda de Estados miembros de la UE han aprobado el acuerdo","breadcrumb":{"@id":"https:\/\/dlvradio.es\/ecologistas-en-accion-apoya-las-protestas-agrarias-contra-el-acuerdo-ue-mercosur\/#breadcrumb"},"inLanguage":"en-US","potentialAction":[{"@type":"ReadAction","target":["https:\/\/dlvradio.es\/ecologistas-en-accion-apoya-las-protestas-agrarias-contra-el-acuerdo-ue-mercosur\/"]}]},{"@type":"ImageObject","inLanguage":"en-US","@id":"https:\/\/dlvradio.es\/ecologistas-en-accion-apoya-las-protestas-agrarias-contra-el-acuerdo-ue-mercosur\/#primaryimage","url":"https:\/\/dlvradio.es\/wp-content\/uploads\/2026\/01\/DLVRADIO-EN-10.png","contentUrl":"https:\/\/dlvradio.es\/wp-content\/uploads\/2026\/01\/DLVRADIO-EN-10.png","width":1400,"height":1400,"caption":"Ecologistas en Acci\u00f3n apoya las protestas agrarias contra el acuerdo UE-Mercosur"},{"@type":"BreadcrumbList","@id":"https:\/\/dlvradio.es\/ecologistas-en-accion-apoya-las-protestas-agrarias-contra-el-acuerdo-ue-mercosur\/#breadcrumb","itemListElement":[{"@type":"ListItem","position":1,"name":"Inicio","item":"https:\/\/dlvradio.es\/"},{"@type":"ListItem","position":2,"name":"Ecologistas en Acci\u00f3n apoya las protestas agrarias contra el acuerdo UE-Mercosur"}]},{"@type":"WebSite","@id":"https:\/\/dlvradio.es\/#website","url":"https:\/\/dlvradio.es\/","name":"DLVRADIO","description":"We are an alternative media to traditional media","publisher":{"@id":"https:\/\/dlvradio.es\/#organization"},"potentialAction":[{"@type":"SearchAction","target":{"@type":"EntryPoint","urlTemplate":"https:\/\/dlvradio.es\/?s={search_term_string}"},"query-input":{"@type":"PropertyValueSpecification","valueRequired":true,"valueName":"search_term_string"}}],"inLanguage":"en-US"},{"@type":"Organization","@id":"https:\/\/dlvradio.es\/#organization","name":"DLVRADIO","url":"https:\/\/dlvradio.es\/","logo":{"@type":"ImageObject","inLanguage":"en-US","@id":"https:\/\/dlvradio.es\/#\/schema\/logo\/image\/","url":"","contentUrl":"","caption":"DLVRADIO"},"image":{"@id":"https:\/\/dlvradio.es\/#\/schema\/logo\/image\/"},"sameAs":["https:\/\/www.facebook.com\/RadioDLVradio\/","https:\/\/x.com\/RadioDlvradio","https:\/\/www.instagram.com\/radiodlvradio\/"]},{"@type":"Person","@id":"https:\/\/dlvradio.es\/#\/schema\/person\/6ee60897fbb7fb4ad6634c73f4be87fa","name":"doominio","sameAs":["https:\/\/dlvradio.es"]}]}},"_links":{"self":[{"href":"https:\/\/dlvradio.es\/en\/wp-json\/wp\/v2\/posts\/78504","targetHints":{"allow":["GET"]}}],"collection":[{"href":"https:\/\/dlvradio.es\/en\/wp-json\/wp\/v2\/posts"}],"about":[{"href":"https:\/\/dlvradio.es\/en\/wp-json\/wp\/v2\/types\/post"}],"author":[{"embeddable":true,"href":"https:\/\/dlvradio.es\/en\/wp-json\/wp\/v2\/users\/1"}],"replies":[{"embeddable":true,"href":"https:\/\/dlvradio.es\/en\/wp-json\/wp\/v2\/comments?post=78504"}],"version-history":[{"count":1,"href":"https:\/\/dlvradio.es\/en\/wp-json\/wp\/v2\/posts\/78504\/revisions"}],"predecessor-version":[{"id":78506,"href":"https:\/\/dlvradio.es\/en\/wp-json\/wp\/v2\/posts\/78504\/revisions\/78506"}],"wp:featuredmedia":[{"embeddable":true,"href":"https:\/\/dlvradio.es\/en\/wp-json\/wp\/v2\/media\/78505"}],"wp:attachment":[{"href":"https:\/\/dlvradio.es\/en\/wp-json\/wp\/v2\/media?parent=78504"}],"wp:term":[{"taxonomy":"category","embeddable":true,"href":"https:\/\/dlvradio.es\/en\/wp-json\/wp\/v2\/categories?post=78504"},{"taxonomy":"post_tag","embeddable":true,"href":"https:\/\/dlvradio.es\/en\/wp-json\/wp\/v2\/tags?post=78504"}],"curies":[{"name":"wp","href":"https:\/\/api.w.org\/{rel}","templated":true}]}}