{"id":78513,"date":"2026-01-17T15:08:05","date_gmt":"2026-01-17T14:08:05","guid":{"rendered":"https:\/\/dlvradio.es\/?p=78513"},"modified":"2026-01-17T19:15:50","modified_gmt":"2026-01-17T18:15:50","slug":"miercoles-14-de-enero-2130h-en-directo-hablemos-de-venezuela","status":"publish","type":"post","link":"https:\/\/dlvradio.es\/en\/miercoles-14-de-enero-2130h-en-directo-hablemos-de-venezuela\/","title":{"rendered":"\u00abHablemos de #Venezuela\u00bb"},"content":{"rendered":"<p><iframe src=\"https:\/\/www.ivoox.com\/player_ej_166904986_6_1.html?c1=0ebeb7\" width=\"100%\" height=\"200\" frameborder=\"0\" scrolling=\"no\" allowfullscreen=\"allowfullscreen\"><\/iframe><br \/>\nEste mi\u00e9rcoles 14 de enero en directo a las 21:30h #ElDecreto especial \u00abHablemos de #Venezuela\u00bb. Hablaremos sobre lo que est\u00e1 pasando en Venezuela, su situaci\u00f3n pol\u00edtica, social y el control al que est\u00e1n sujetos por parte de otro pa\u00eds. Contaremos con nuestros colaboradores habituales, y la participaci\u00f3n de personas que conocen bien el pa\u00eds y su situaci\u00f3n. Como siempre podr\u00e9is verlo y participar en directo a trav\u00e9s del chat de nuestro canal YouTube. Tambi\u00e9n pod\u00e9is seguirlo por la radio en la web, y en la aplicaci\u00f3n de <a href=\"https:\/\/zeno.fm\/radio\/dlvradio\/\">ZenoRadio<\/a>, buscando DLVRADIO.<\/p>\n<p><iframe title=\"&quot;Hablemos de #Venezuela&quot;\" width=\"800\" height=\"450\" src=\"https:\/\/www.youtube.com\/embed\/zyfbjGHy-9A?feature=oembed\" frameborder=\"0\" allow=\"accelerometer; autoplay; clipboard-write; encrypted-media; gyroscope; picture-in-picture; web-share\" referrerpolicy=\"strict-origin-when-cross-origin\" allowfullscreen><\/iframe><\/p>","protected":false},"excerpt":{"rendered":"<p>Este mi\u00e9rcoles 14 de enero en directo a las 21:30h #ElDecreto especial \u00abHablemos de #Venezuela\u00bb. Hablaremos sobre lo que est\u00e1 pasando en Venezuela, su situaci\u00f3n pol\u00edtica, social y el control al que est\u00e1n sujetos por parte de otro pa\u00eds. Contaremos con nuestros colaboradores habituales, y la participaci\u00f3n de personas que conocen bien el pa\u00eds y [&hellip;]<\/p>\n","protected":false},"author":1,"featured_media":78514,"comment_status":"closed","ping_status":"closed","sticky":false,"template":"","format":"standard","meta":{"_acf_changed":false,"footnotes":""},"categories":[2766],"tags":[2507,2773,2489],"class_list":["post-78513","post","type-post","status-publish","format-standard","has-post-thumbnail","hentry","category-el-decreto","tag-internacional","tag-politica","tag-tertulia"],"acf":[],"yoast_head":"<!-- This site is optimized with the Yoast SEO plugin v27.4 - https:\/\/yoast.com\/product\/yoast-seo-wordpress\/ -->\n<title>&quot;Hablemos de #Venezuela&quot; - DLVRADIO<\/title>\n<meta name=\"description\" content=\"Este mi\u00e9rcoles 14 de enero en directo a las 21:30h #ElDecreto especial &quot;Hablemos de #Venezuela&quot;. Hablaremos sobre lo que est\u00e1 pasando en Venezuela, su\" \/>\n<meta name=\"robots\" content=\"index, follow, max-snippet:-1, max-image-preview:large, max-video-preview:-1\" \/>\n<link rel=\"canonical\" href=\"https:\/\/dlvradio.es\/en\/miercoles-14-de-enero-2130h-en-directo-hablemos-de-venezuela\/\" \/>\n<meta property=\"og:locale\" content=\"en_US\" \/>\n<meta property=\"og:type\" content=\"article\" \/>\n<meta property=\"og:title\" content=\"&quot;Hablemos de #Venezuela&quot; - DLVRADIO\" \/>\n<meta property=\"og:description\" content=\"Este mi\u00e9rcoles 14 de enero en directo a las 21:30h #ElDecreto especial &quot;Hablemos de #Venezuela&quot;. Hablaremos sobre lo que est\u00e1 pasando en Venezuela, su\" \/>\n<meta property=\"og:url\" content=\"https:\/\/dlvradio.es\/en\/miercoles-14-de-enero-2130h-en-directo-hablemos-de-venezuela\/\" \/>\n<meta property=\"og:site_name\" content=\"DLVRADIO\" \/>\n<meta property=\"article:publisher\" content=\"https:\/\/www.facebook.com\/RadioDLVradio\/\" \/>\n<meta property=\"article:published_time\" content=\"2026-01-17T14:08:05+00:00\" \/>\n<meta property=\"article:modified_time\" content=\"2026-01-17T18:15:50+00:00\" \/>\n<meta property=\"og:image\" content=\"https:\/\/dlvradio.es\/wp-content\/uploads\/2026\/01\/Tertulias-video-www.dlvradio.es-1400-x-1400-px-1024x1024.png\" \/>\n\t<meta property=\"og:image:width\" content=\"1024\" \/>\n\t<meta property=\"og:image:height\" content=\"1024\" \/>\n\t<meta property=\"og:image:type\" content=\"image\/png\" \/>\n<meta name=\"author\" content=\"doominio\" \/>\n<meta name=\"twitter:card\" content=\"summary_large_image\" \/>\n<meta name=\"twitter:creator\" content=\"@RadioDlvradio\" \/>\n<meta name=\"twitter:site\" content=\"@RadioDlvradio\" \/>\n<script type=\"application\/ld+json\" class=\"yoast-schema-graph\">{\"@context\":\"https:\\\/\\\/schema.org\",\"@graph\":[{\"@type\":\"Article\",\"@id\":\"https:\\\/\\\/dlvradio.es\\\/miercoles-14-de-enero-2130h-en-directo-hablemos-de-venezuela\\\/#article\",\"isPartOf\":{\"@id\":\"https:\\\/\\\/dlvradio.es\\\/miercoles-14-de-enero-2130h-en-directo-hablemos-de-venezuela\\\/\"},\"author\":{\"name\":\"doominio\",\"@id\":\"https:\\\/\\\/dlvradio.es\\\/#\\\/schema\\\/person\\\/6ee60897fbb7fb4ad6634c73f4be87fa\"},\"headline\":\"\u00abHablemos de #Venezuela\u00bb\",\"datePublished\":\"2026-01-17T14:08:05+00:00\",\"dateModified\":\"2026-01-17T18:15:50+00:00\",\"mainEntityOfPage\":{\"@id\":\"https:\\\/\\\/dlvradio.es\\\/miercoles-14-de-enero-2130h-en-directo-hablemos-de-venezuela\\\/\"},\"wordCount\":113,\"publisher\":{\"@id\":\"https:\\\/\\\/dlvradio.es\\\/#organization\"},\"image\":{\"@id\":\"https:\\\/\\\/dlvradio.es\\\/miercoles-14-de-enero-2130h-en-directo-hablemos-de-venezuela\\\/#primaryimage\"},\"thumbnailUrl\":\"https:\\\/\\\/dlvradio.es\\\/wp-content\\\/uploads\\\/2026\\\/01\\\/Tertulias-video-www.dlvradio.es-1400-x-1400-px.png\",\"keywords\":[\"internacional\",\"pol\u00edtica\",\"Tertulia\"],\"articleSection\":[\"El Decreto\"],\"inLanguage\":\"en-US\"},{\"@type\":\"WebPage\",\"@id\":\"https:\\\/\\\/dlvradio.es\\\/miercoles-14-de-enero-2130h-en-directo-hablemos-de-venezuela\\\/\",\"url\":\"https:\\\/\\\/dlvradio.es\\\/miercoles-14-de-enero-2130h-en-directo-hablemos-de-venezuela\\\/\",\"name\":\"\\\"Hablemos de #Venezuela\\\" - DLVRADIO\",\"isPartOf\":{\"@id\":\"https:\\\/\\\/dlvradio.es\\\/#website\"},\"primaryImageOfPage\":{\"@id\":\"https:\\\/\\\/dlvradio.es\\\/miercoles-14-de-enero-2130h-en-directo-hablemos-de-venezuela\\\/#primaryimage\"},\"image\":{\"@id\":\"https:\\\/\\\/dlvradio.es\\\/miercoles-14-de-enero-2130h-en-directo-hablemos-de-venezuela\\\/#primaryimage\"},\"thumbnailUrl\":\"https:\\\/\\\/dlvradio.es\\\/wp-content\\\/uploads\\\/2026\\\/01\\\/Tertulias-video-www.dlvradio.es-1400-x-1400-px.png\",\"datePublished\":\"2026-01-17T14:08:05+00:00\",\"dateModified\":\"2026-01-17T18:15:50+00:00\",\"description\":\"Este mi\u00e9rcoles 14 de enero en directo a las 21:30h #ElDecreto especial \\\"Hablemos de #Venezuela\\\". Hablaremos sobre lo que est\u00e1 pasando en Venezuela, su\",\"breadcrumb\":{\"@id\":\"https:\\\/\\\/dlvradio.es\\\/miercoles-14-de-enero-2130h-en-directo-hablemos-de-venezuela\\\/#breadcrumb\"},\"inLanguage\":\"en-US\",\"potentialAction\":[{\"@type\":\"ReadAction\",\"target\":[\"https:\\\/\\\/dlvradio.es\\\/miercoles-14-de-enero-2130h-en-directo-hablemos-de-venezuela\\\/\"]}]},{\"@type\":\"ImageObject\",\"inLanguage\":\"en-US\",\"@id\":\"https:\\\/\\\/dlvradio.es\\\/miercoles-14-de-enero-2130h-en-directo-hablemos-de-venezuela\\\/#primaryimage\",\"url\":\"https:\\\/\\\/dlvradio.es\\\/wp-content\\\/uploads\\\/2026\\\/01\\\/Tertulias-video-www.dlvradio.es-1400-x-1400-px.png\",\"contentUrl\":\"https:\\\/\\\/dlvradio.es\\\/wp-content\\\/uploads\\\/2026\\\/01\\\/Tertulias-video-www.dlvradio.es-1400-x-1400-px.png\",\"width\":1400,\"height\":1400,\"caption\":\"\\\"Hablemos de #Venezuela\\\"\"},{\"@type\":\"BreadcrumbList\",\"@id\":\"https:\\\/\\\/dlvradio.es\\\/miercoles-14-de-enero-2130h-en-directo-hablemos-de-venezuela\\\/#breadcrumb\",\"itemListElement\":[{\"@type\":\"ListItem\",\"position\":1,\"name\":\"Inicio\",\"item\":\"https:\\\/\\\/dlvradio.es\\\/\"},{\"@type\":\"ListItem\",\"position\":2,\"name\":\"\u00abHablemos de #Venezuela\u00bb\"}]},{\"@type\":\"WebSite\",\"@id\":\"https:\\\/\\\/dlvradio.es\\\/#website\",\"url\":\"https:\\\/\\\/dlvradio.es\\\/\",\"name\":\"DLVRADIO\",\"description\":\"Somos un medio de comunicaci\u00f3n alternativo a los medios tradicionales\",\"publisher\":{\"@id\":\"https:\\\/\\\/dlvradio.es\\\/#organization\"},\"potentialAction\":[{\"@type\":\"SearchAction\",\"target\":{\"@type\":\"EntryPoint\",\"urlTemplate\":\"https:\\\/\\\/dlvradio.es\\\/?s={search_term_string}\"},\"query-input\":{\"@type\":\"PropertyValueSpecification\",\"valueRequired\":true,\"valueName\":\"search_term_string\"}}],\"inLanguage\":\"en-US\"},{\"@type\":\"Organization\",\"@id\":\"https:\\\/\\\/dlvradio.es\\\/#organization\",\"name\":\"DLVRADIO\",\"url\":\"https:\\\/\\\/dlvradio.es\\\/\",\"logo\":{\"@type\":\"ImageObject\",\"inLanguage\":\"en-US\",\"@id\":\"https:\\\/\\\/dlvradio.es\\\/#\\\/schema\\\/logo\\\/image\\\/\",\"url\":\"\",\"contentUrl\":\"\",\"caption\":\"DLVRADIO\"},\"image\":{\"@id\":\"https:\\\/\\\/dlvradio.es\\\/#\\\/schema\\\/logo\\\/image\\\/\"},\"sameAs\":[\"https:\\\/\\\/www.facebook.com\\\/RadioDLVradio\\\/\",\"https:\\\/\\\/x.com\\\/RadioDlvradio\",\"https:\\\/\\\/www.instagram.com\\\/radiodlvradio\\\/\"]},{\"@type\":\"Person\",\"@id\":\"https:\\\/\\\/dlvradio.es\\\/#\\\/schema\\\/person\\\/6ee60897fbb7fb4ad6634c73f4be87fa\",\"name\":\"doominio\",\"sameAs\":[\"https:\\\/\\\/dlvradio.es\"]}]}<\/script>\n<!-- \/ Yoast SEO plugin. -->","yoast_head_json":{"title":"\"Hablemos de #Venezuela\" - DLVRADIO","description":"Este mi\u00e9rcoles 14 de enero en directo a las 21:30h #ElDecreto especial \"Hablemos de #Venezuela\". Hablaremos sobre lo que est\u00e1 pasando en Venezuela, su","robots":{"index":"index","follow":"follow","max-snippet":"max-snippet:-1","max-image-preview":"max-image-preview:large","max-video-preview":"max-video-preview:-1"},"canonical":"https:\/\/dlvradio.es\/en\/miercoles-14-de-enero-2130h-en-directo-hablemos-de-venezuela\/","og_locale":"en_US","og_type":"article","og_title":"\"Hablemos de #Venezuela\" - DLVRADIO","og_description":"Este mi\u00e9rcoles 14 de enero en directo a las 21:30h #ElDecreto especial \"Hablemos de #Venezuela\". Hablaremos sobre lo que est\u00e1 pasando en Venezuela, su","og_url":"https:\/\/dlvradio.es\/en\/miercoles-14-de-enero-2130h-en-directo-hablemos-de-venezuela\/","og_site_name":"DLVRADIO","article_publisher":"https:\/\/www.facebook.com\/RadioDLVradio\/","article_published_time":"2026-01-17T14:08:05+00:00","article_modified_time":"2026-01-17T18:15:50+00:00","og_image":[{"width":1024,"height":1024,"url":"https:\/\/dlvradio.es\/wp-content\/uploads\/2026\/01\/Tertulias-video-www.dlvradio.es-1400-x-1400-px-1024x1024.png","type":"image\/png"}],"author":"doominio","twitter_card":"summary_large_image","twitter_creator":"@RadioDlvradio","twitter_site":"@RadioDlvradio","schema":{"@context":"https:\/\/schema.org","@graph":[{"@type":"Article","@id":"https:\/\/dlvradio.es\/miercoles-14-de-enero-2130h-en-directo-hablemos-de-venezuela\/#article","isPartOf":{"@id":"https:\/\/dlvradio.es\/miercoles-14-de-enero-2130h-en-directo-hablemos-de-venezuela\/"},"author":{"name":"doominio","@id":"https:\/\/dlvradio.es\/#\/schema\/person\/6ee60897fbb7fb4ad6634c73f4be87fa"},"headline":"\u00abHablemos de #Venezuela\u00bb","datePublished":"2026-01-17T14:08:05+00:00","dateModified":"2026-01-17T18:15:50+00:00","mainEntityOfPage":{"@id":"https:\/\/dlvradio.es\/miercoles-14-de-enero-2130h-en-directo-hablemos-de-venezuela\/"},"wordCount":113,"publisher":{"@id":"https:\/\/dlvradio.es\/#organization"},"image":{"@id":"https:\/\/dlvradio.es\/miercoles-14-de-enero-2130h-en-directo-hablemos-de-venezuela\/#primaryimage"},"thumbnailUrl":"https:\/\/dlvradio.es\/wp-content\/uploads\/2026\/01\/Tertulias-video-www.dlvradio.es-1400-x-1400-px.png","keywords":["internacional","pol\u00edtica","Tertulia"],"articleSection":["El Decreto"],"inLanguage":"en-US"},{"@type":"WebPage","@id":"https:\/\/dlvradio.es\/miercoles-14-de-enero-2130h-en-directo-hablemos-de-venezuela\/","url":"https:\/\/dlvradio.es\/miercoles-14-de-enero-2130h-en-directo-hablemos-de-venezuela\/","name":"\"Hablemos de #Venezuela\" - DLVRADIO","isPartOf":{"@id":"https:\/\/dlvradio.es\/#website"},"primaryImageOfPage":{"@id":"https:\/\/dlvradio.es\/miercoles-14-de-enero-2130h-en-directo-hablemos-de-venezuela\/#primaryimage"},"image":{"@id":"https:\/\/dlvradio.es\/miercoles-14-de-enero-2130h-en-directo-hablemos-de-venezuela\/#primaryimage"},"thumbnailUrl":"https:\/\/dlvradio.es\/wp-content\/uploads\/2026\/01\/Tertulias-video-www.dlvradio.es-1400-x-1400-px.png","datePublished":"2026-01-17T14:08:05+00:00","dateModified":"2026-01-17T18:15:50+00:00","description":"Este mi\u00e9rcoles 14 de enero en directo a las 21:30h #ElDecreto especial \"Hablemos de #Venezuela\". Hablaremos sobre lo que est\u00e1 pasando en Venezuela, su","breadcrumb":{"@id":"https:\/\/dlvradio.es\/miercoles-14-de-enero-2130h-en-directo-hablemos-de-venezuela\/#breadcrumb"},"inLanguage":"en-US","potentialAction":[{"@type":"ReadAction","target":["https:\/\/dlvradio.es\/miercoles-14-de-enero-2130h-en-directo-hablemos-de-venezuela\/"]}]},{"@type":"ImageObject","inLanguage":"en-US","@id":"https:\/\/dlvradio.es\/miercoles-14-de-enero-2130h-en-directo-hablemos-de-venezuela\/#primaryimage","url":"https:\/\/dlvradio.es\/wp-content\/uploads\/2026\/01\/Tertulias-video-www.dlvradio.es-1400-x-1400-px.png","contentUrl":"https:\/\/dlvradio.es\/wp-content\/uploads\/2026\/01\/Tertulias-video-www.dlvradio.es-1400-x-1400-px.png","width":1400,"height":1400,"caption":"\"Hablemos de #Venezuela\""},{"@type":"BreadcrumbList","@id":"https:\/\/dlvradio.es\/miercoles-14-de-enero-2130h-en-directo-hablemos-de-venezuela\/#breadcrumb","itemListElement":[{"@type":"ListItem","position":1,"name":"Inicio","item":"https:\/\/dlvradio.es\/"},{"@type":"ListItem","position":2,"name":"\u00abHablemos de #Venezuela\u00bb"}]},{"@type":"WebSite","@id":"https:\/\/dlvradio.es\/#website","url":"https:\/\/dlvradio.es\/","name":"DLVRADIO","description":"We are an alternative media to traditional media","publisher":{"@id":"https:\/\/dlvradio.es\/#organization"},"potentialAction":[{"@type":"SearchAction","target":{"@type":"EntryPoint","urlTemplate":"https:\/\/dlvradio.es\/?s={search_term_string}"},"query-input":{"@type":"PropertyValueSpecification","valueRequired":true,"valueName":"search_term_string"}}],"inLanguage":"en-US"},{"@type":"Organization","@id":"https:\/\/dlvradio.es\/#organization","name":"DLVRADIO","url":"https:\/\/dlvradio.es\/","logo":{"@type":"ImageObject","inLanguage":"en-US","@id":"https:\/\/dlvradio.es\/#\/schema\/logo\/image\/","url":"","contentUrl":"","caption":"DLVRADIO"},"image":{"@id":"https:\/\/dlvradio.es\/#\/schema\/logo\/image\/"},"sameAs":["https:\/\/www.facebook.com\/RadioDLVradio\/","https:\/\/x.com\/RadioDlvradio","https:\/\/www.instagram.com\/radiodlvradio\/"]},{"@type":"Person","@id":"https:\/\/dlvradio.es\/#\/schema\/person\/6ee60897fbb7fb4ad6634c73f4be87fa","name":"doominio","sameAs":["https:\/\/dlvradio.es"]}]}},"_links":{"self":[{"href":"https:\/\/dlvradio.es\/en\/wp-json\/wp\/v2\/posts\/78513","targetHints":{"allow":["GET"]}}],"collection":[{"href":"https:\/\/dlvradio.es\/en\/wp-json\/wp\/v2\/posts"}],"about":[{"href":"https:\/\/dlvradio.es\/en\/wp-json\/wp\/v2\/types\/post"}],"author":[{"embeddable":true,"href":"https:\/\/dlvradio.es\/en\/wp-json\/wp\/v2\/users\/1"}],"replies":[{"embeddable":true,"href":"https:\/\/dlvradio.es\/en\/wp-json\/wp\/v2\/comments?post=78513"}],"version-history":[{"count":3,"href":"https:\/\/dlvradio.es\/en\/wp-json\/wp\/v2\/posts\/78513\/revisions"}],"predecessor-version":[{"id":78543,"href":"https:\/\/dlvradio.es\/en\/wp-json\/wp\/v2\/posts\/78513\/revisions\/78543"}],"wp:featuredmedia":[{"embeddable":true,"href":"https:\/\/dlvradio.es\/en\/wp-json\/wp\/v2\/media\/78514"}],"wp:attachment":[{"href":"https:\/\/dlvradio.es\/en\/wp-json\/wp\/v2\/media?parent=78513"}],"wp:term":[{"taxonomy":"category","embeddable":true,"href":"https:\/\/dlvradio.es\/en\/wp-json\/wp\/v2\/categories?post=78513"},{"taxonomy":"post_tag","embeddable":true,"href":"https:\/\/dlvradio.es\/en\/wp-json\/wp\/v2\/tags?post=78513"}],"curies":[{"name":"wp","href":"https:\/\/api.w.org\/{rel}","templated":true}]}}