{"id":78553,"date":"2026-01-22T12:58:29","date_gmt":"2026-01-22T11:58:29","guid":{"rendered":"https:\/\/dlvradio.es\/?p=78553"},"modified":"2026-01-22T13:50:09","modified_gmt":"2026-01-22T12:50:09","slug":"miercoles-21-de-enero-a-las-21-30h-en-directo-que-se-cuece-de-verdad-en-groenlandia","status":"publish","type":"post","link":"https:\/\/dlvradio.es\/en\/miercoles-21-de-enero-a-las-21-30h-en-directo-que-se-cuece-de-verdad-en-groenlandia\/","title":{"rendered":"\u00ab\u00bfQue se cuece de verdad en #Groenlandia?\u00bb"},"content":{"rendered":"<p>#ElDecreto especial <strong>\u00ab\u00bfQue se cuece de verdad en #Groenlandia?\u00bb<\/strong>.<\/p>\n<p>Contaremos con la participaci\u00f3n de Roberto Tornamira &#8211; Presidente de la Asociaci\u00f3n Trabajo y Democracia; Manuel Ruiz Robles &#8211; Capit\u00e1n de Nav\u00edo retirado. La tertulia ser\u00e1 moderada por N\u00faria Gonz\u00e1lez &#8211; CEO de <strong>DLVRADIO<\/strong>. Analizaremos la situaci\u00f3n con vuestra participaci\u00f3n en directo a trav\u00e9s del chat, donde pod\u00e9is dejar vuestras preguntas y comentarios.<\/p>\n<p><iframe title=\"\u00bfQue se cuece de verdad en #Groenlandia?\" width=\"800\" height=\"450\" src=\"https:\/\/www.youtube.com\/embed\/8TxsM0haO2c?feature=oembed\" frameborder=\"0\" allow=\"accelerometer; autoplay; clipboard-write; encrypted-media; gyroscope; picture-in-picture; web-share\" referrerpolicy=\"strict-origin-when-cross-origin\" allowfullscreen><\/iframe><\/p>","protected":false},"excerpt":{"rendered":"<p>#ElDecreto especial \u00ab\u00bfQue se cuece de verdad en #Groenlandia?\u00bb. Contaremos con la participaci\u00f3n de Roberto Tornamira &#8211; Presidente de la Asociaci\u00f3n Trabajo y Democracia; Manuel Ruiz Robles &#8211; Capit\u00e1n de Nav\u00edo retirado. La tertulia ser\u00e1 moderada por N\u00faria Gonz\u00e1lez &#8211; CEO de DLVRADIO. Analizaremos la situaci\u00f3n con vuestra participaci\u00f3n en directo a trav\u00e9s del chat, [&hellip;]<\/p>\n","protected":false},"author":1,"featured_media":78554,"comment_status":"closed","ping_status":"closed","sticky":false,"template":"","format":"standard","meta":{"_acf_changed":false,"footnotes":""},"categories":[2766],"tags":[2530,2507,2489],"class_list":["post-78553","post","type-post","status-publish","format-standard","has-post-thumbnail","hentry","category-el-decreto","tag-actualidad","tag-internacional","tag-tertulia"],"acf":[],"yoast_head":"<!-- This site is optimized with the Yoast SEO plugin v27.4 - https:\/\/yoast.com\/product\/yoast-seo-wordpress\/ -->\n<title>&quot;\u00bfQue se cuece de verdad en #Groenlandia?&quot; - DLVRADIO<\/title>\n<meta name=\"description\" content=\"#ElDecreto especial &quot;\u00bfQue se cuece de verdad en #Groenlandia?&quot;. Contaremos con la participaci\u00f3n de Roberto Tornamira - Presidente de la Asociaci\u00f3n Trabajo\" \/>\n<meta name=\"robots\" content=\"index, follow, max-snippet:-1, max-image-preview:large, max-video-preview:-1\" \/>\n<link rel=\"canonical\" href=\"https:\/\/dlvradio.es\/en\/miercoles-21-de-enero-a-las-21-30h-en-directo-que-se-cuece-de-verdad-en-groenlandia\/\" \/>\n<meta property=\"og:locale\" content=\"en_US\" \/>\n<meta property=\"og:type\" content=\"article\" \/>\n<meta property=\"og:title\" content=\"&quot;\u00bfQue se cuece de verdad en #Groenlandia?&quot; - DLVRADIO\" \/>\n<meta property=\"og:description\" content=\"#ElDecreto especial &quot;\u00bfQue se cuece de verdad en #Groenlandia?&quot;. Contaremos con la participaci\u00f3n de Roberto Tornamira - Presidente de la Asociaci\u00f3n Trabajo\" \/>\n<meta property=\"og:url\" content=\"https:\/\/dlvradio.es\/en\/miercoles-21-de-enero-a-las-21-30h-en-directo-que-se-cuece-de-verdad-en-groenlandia\/\" \/>\n<meta property=\"og:site_name\" content=\"DLVRADIO\" \/>\n<meta property=\"article:publisher\" content=\"https:\/\/www.facebook.com\/RadioDLVradio\/\" \/>\n<meta property=\"article:published_time\" content=\"2026-01-22T11:58:29+00:00\" \/>\n<meta property=\"article:modified_time\" content=\"2026-01-22T12:50:09+00:00\" \/>\n<meta property=\"og:image\" content=\"https:\/\/dlvradio.es\/wp-content\/uploads\/2026\/01\/Tertulias-video-www.dlvradio.es-1400-x-1400-px-1.png\" \/>\n\t<meta property=\"og:image:width\" content=\"1400\" \/>\n\t<meta property=\"og:image:height\" content=\"1400\" \/>\n\t<meta property=\"og:image:type\" content=\"image\/png\" \/>\n<meta name=\"author\" content=\"doominio\" \/>\n<meta name=\"twitter:card\" content=\"summary_large_image\" \/>\n<meta name=\"twitter:creator\" content=\"@RadioDlvradio\" \/>\n<meta name=\"twitter:site\" content=\"@RadioDlvradio\" \/>\n<script type=\"application\/ld+json\" class=\"yoast-schema-graph\">{\"@context\":\"https:\\\/\\\/schema.org\",\"@graph\":[{\"@type\":\"Article\",\"@id\":\"https:\\\/\\\/dlvradio.es\\\/miercoles-21-de-enero-a-las-21-30h-en-directo-que-se-cuece-de-verdad-en-groenlandia\\\/#article\",\"isPartOf\":{\"@id\":\"https:\\\/\\\/dlvradio.es\\\/miercoles-21-de-enero-a-las-21-30h-en-directo-que-se-cuece-de-verdad-en-groenlandia\\\/\"},\"author\":{\"name\":\"doominio\",\"@id\":\"https:\\\/\\\/dlvradio.es\\\/#\\\/schema\\\/person\\\/6ee60897fbb7fb4ad6634c73f4be87fa\"},\"headline\":\"\u00ab\u00bfQue se cuece de verdad en #Groenlandia?\u00bb\",\"datePublished\":\"2026-01-22T11:58:29+00:00\",\"dateModified\":\"2026-01-22T12:50:09+00:00\",\"mainEntityOfPage\":{\"@id\":\"https:\\\/\\\/dlvradio.es\\\/miercoles-21-de-enero-a-las-21-30h-en-directo-que-se-cuece-de-verdad-en-groenlandia\\\/\"},\"wordCount\":85,\"publisher\":{\"@id\":\"https:\\\/\\\/dlvradio.es\\\/#organization\"},\"image\":{\"@id\":\"https:\\\/\\\/dlvradio.es\\\/miercoles-21-de-enero-a-las-21-30h-en-directo-que-se-cuece-de-verdad-en-groenlandia\\\/#primaryimage\"},\"thumbnailUrl\":\"https:\\\/\\\/dlvradio.es\\\/wp-content\\\/uploads\\\/2026\\\/01\\\/Tertulias-video-www.dlvradio.es-1400-x-1400-px-1.png\",\"keywords\":[\"actualidad\",\"internacional\",\"Tertulia\"],\"articleSection\":[\"El Decreto\"],\"inLanguage\":\"en-US\"},{\"@type\":\"WebPage\",\"@id\":\"https:\\\/\\\/dlvradio.es\\\/miercoles-21-de-enero-a-las-21-30h-en-directo-que-se-cuece-de-verdad-en-groenlandia\\\/\",\"url\":\"https:\\\/\\\/dlvradio.es\\\/miercoles-21-de-enero-a-las-21-30h-en-directo-que-se-cuece-de-verdad-en-groenlandia\\\/\",\"name\":\"\\\"\u00bfQue se cuece de verdad en #Groenlandia?\\\" - DLVRADIO\",\"isPartOf\":{\"@id\":\"https:\\\/\\\/dlvradio.es\\\/#website\"},\"primaryImageOfPage\":{\"@id\":\"https:\\\/\\\/dlvradio.es\\\/miercoles-21-de-enero-a-las-21-30h-en-directo-que-se-cuece-de-verdad-en-groenlandia\\\/#primaryimage\"},\"image\":{\"@id\":\"https:\\\/\\\/dlvradio.es\\\/miercoles-21-de-enero-a-las-21-30h-en-directo-que-se-cuece-de-verdad-en-groenlandia\\\/#primaryimage\"},\"thumbnailUrl\":\"https:\\\/\\\/dlvradio.es\\\/wp-content\\\/uploads\\\/2026\\\/01\\\/Tertulias-video-www.dlvradio.es-1400-x-1400-px-1.png\",\"datePublished\":\"2026-01-22T11:58:29+00:00\",\"dateModified\":\"2026-01-22T12:50:09+00:00\",\"description\":\"#ElDecreto especial \\\"\u00bfQue se cuece de verdad en #Groenlandia?\\\". Contaremos con la participaci\u00f3n de Roberto Tornamira - Presidente de la Asociaci\u00f3n Trabajo\",\"breadcrumb\":{\"@id\":\"https:\\\/\\\/dlvradio.es\\\/miercoles-21-de-enero-a-las-21-30h-en-directo-que-se-cuece-de-verdad-en-groenlandia\\\/#breadcrumb\"},\"inLanguage\":\"en-US\",\"potentialAction\":[{\"@type\":\"ReadAction\",\"target\":[\"https:\\\/\\\/dlvradio.es\\\/miercoles-21-de-enero-a-las-21-30h-en-directo-que-se-cuece-de-verdad-en-groenlandia\\\/\"]}]},{\"@type\":\"ImageObject\",\"inLanguage\":\"en-US\",\"@id\":\"https:\\\/\\\/dlvradio.es\\\/miercoles-21-de-enero-a-las-21-30h-en-directo-que-se-cuece-de-verdad-en-groenlandia\\\/#primaryimage\",\"url\":\"https:\\\/\\\/dlvradio.es\\\/wp-content\\\/uploads\\\/2026\\\/01\\\/Tertulias-video-www.dlvradio.es-1400-x-1400-px-1.png\",\"contentUrl\":\"https:\\\/\\\/dlvradio.es\\\/wp-content\\\/uploads\\\/2026\\\/01\\\/Tertulias-video-www.dlvradio.es-1400-x-1400-px-1.png\",\"width\":1400,\"height\":1400,\"caption\":\"Mi\u00e9rcoles 21 de enero a las 21.30h en directo. \\\"\u00bfQue se cuece de verdad en #Groenlandia?\\\"\"},{\"@type\":\"BreadcrumbList\",\"@id\":\"https:\\\/\\\/dlvradio.es\\\/miercoles-21-de-enero-a-las-21-30h-en-directo-que-se-cuece-de-verdad-en-groenlandia\\\/#breadcrumb\",\"itemListElement\":[{\"@type\":\"ListItem\",\"position\":1,\"name\":\"Inicio\",\"item\":\"https:\\\/\\\/dlvradio.es\\\/\"},{\"@type\":\"ListItem\",\"position\":2,\"name\":\"\u00ab\u00bfQue se cuece de verdad en #Groenlandia?\u00bb\"}]},{\"@type\":\"WebSite\",\"@id\":\"https:\\\/\\\/dlvradio.es\\\/#website\",\"url\":\"https:\\\/\\\/dlvradio.es\\\/\",\"name\":\"DLVRADIO\",\"description\":\"Somos un medio de comunicaci\u00f3n alternativo a los medios tradicionales\",\"publisher\":{\"@id\":\"https:\\\/\\\/dlvradio.es\\\/#organization\"},\"potentialAction\":[{\"@type\":\"SearchAction\",\"target\":{\"@type\":\"EntryPoint\",\"urlTemplate\":\"https:\\\/\\\/dlvradio.es\\\/?s={search_term_string}\"},\"query-input\":{\"@type\":\"PropertyValueSpecification\",\"valueRequired\":true,\"valueName\":\"search_term_string\"}}],\"inLanguage\":\"en-US\"},{\"@type\":\"Organization\",\"@id\":\"https:\\\/\\\/dlvradio.es\\\/#organization\",\"name\":\"DLVRADIO\",\"url\":\"https:\\\/\\\/dlvradio.es\\\/\",\"logo\":{\"@type\":\"ImageObject\",\"inLanguage\":\"en-US\",\"@id\":\"https:\\\/\\\/dlvradio.es\\\/#\\\/schema\\\/logo\\\/image\\\/\",\"url\":\"\",\"contentUrl\":\"\",\"caption\":\"DLVRADIO\"},\"image\":{\"@id\":\"https:\\\/\\\/dlvradio.es\\\/#\\\/schema\\\/logo\\\/image\\\/\"},\"sameAs\":[\"https:\\\/\\\/www.facebook.com\\\/RadioDLVradio\\\/\",\"https:\\\/\\\/x.com\\\/RadioDlvradio\",\"https:\\\/\\\/www.instagram.com\\\/radiodlvradio\\\/\"]},{\"@type\":\"Person\",\"@id\":\"https:\\\/\\\/dlvradio.es\\\/#\\\/schema\\\/person\\\/6ee60897fbb7fb4ad6634c73f4be87fa\",\"name\":\"doominio\",\"sameAs\":[\"https:\\\/\\\/dlvradio.es\"]}]}<\/script>\n<!-- \/ Yoast SEO plugin. -->","yoast_head_json":{"title":"\"\u00bfQue se cuece de verdad en #Groenlandia?\" - DLVRADIO","description":"#ElDecreto especial \"\u00bfQue se cuece de verdad en #Groenlandia?\". Contaremos con la participaci\u00f3n de Roberto Tornamira - Presidente de la Asociaci\u00f3n Trabajo","robots":{"index":"index","follow":"follow","max-snippet":"max-snippet:-1","max-image-preview":"max-image-preview:large","max-video-preview":"max-video-preview:-1"},"canonical":"https:\/\/dlvradio.es\/en\/miercoles-21-de-enero-a-las-21-30h-en-directo-que-se-cuece-de-verdad-en-groenlandia\/","og_locale":"en_US","og_type":"article","og_title":"\"\u00bfQue se cuece de verdad en #Groenlandia?\" - DLVRADIO","og_description":"#ElDecreto especial \"\u00bfQue se cuece de verdad en #Groenlandia?\". Contaremos con la participaci\u00f3n de Roberto Tornamira - Presidente de la Asociaci\u00f3n Trabajo","og_url":"https:\/\/dlvradio.es\/en\/miercoles-21-de-enero-a-las-21-30h-en-directo-que-se-cuece-de-verdad-en-groenlandia\/","og_site_name":"DLVRADIO","article_publisher":"https:\/\/www.facebook.com\/RadioDLVradio\/","article_published_time":"2026-01-22T11:58:29+00:00","article_modified_time":"2026-01-22T12:50:09+00:00","og_image":[{"width":1400,"height":1400,"url":"https:\/\/dlvradio.es\/wp-content\/uploads\/2026\/01\/Tertulias-video-www.dlvradio.es-1400-x-1400-px-1.png","type":"image\/png"}],"author":"doominio","twitter_card":"summary_large_image","twitter_creator":"@RadioDlvradio","twitter_site":"@RadioDlvradio","schema":{"@context":"https:\/\/schema.org","@graph":[{"@type":"Article","@id":"https:\/\/dlvradio.es\/miercoles-21-de-enero-a-las-21-30h-en-directo-que-se-cuece-de-verdad-en-groenlandia\/#article","isPartOf":{"@id":"https:\/\/dlvradio.es\/miercoles-21-de-enero-a-las-21-30h-en-directo-que-se-cuece-de-verdad-en-groenlandia\/"},"author":{"name":"doominio","@id":"https:\/\/dlvradio.es\/#\/schema\/person\/6ee60897fbb7fb4ad6634c73f4be87fa"},"headline":"\u00ab\u00bfQue se cuece de verdad en #Groenlandia?\u00bb","datePublished":"2026-01-22T11:58:29+00:00","dateModified":"2026-01-22T12:50:09+00:00","mainEntityOfPage":{"@id":"https:\/\/dlvradio.es\/miercoles-21-de-enero-a-las-21-30h-en-directo-que-se-cuece-de-verdad-en-groenlandia\/"},"wordCount":85,"publisher":{"@id":"https:\/\/dlvradio.es\/#organization"},"image":{"@id":"https:\/\/dlvradio.es\/miercoles-21-de-enero-a-las-21-30h-en-directo-que-se-cuece-de-verdad-en-groenlandia\/#primaryimage"},"thumbnailUrl":"https:\/\/dlvradio.es\/wp-content\/uploads\/2026\/01\/Tertulias-video-www.dlvradio.es-1400-x-1400-px-1.png","keywords":["actualidad","internacional","Tertulia"],"articleSection":["El Decreto"],"inLanguage":"en-US"},{"@type":"WebPage","@id":"https:\/\/dlvradio.es\/miercoles-21-de-enero-a-las-21-30h-en-directo-que-se-cuece-de-verdad-en-groenlandia\/","url":"https:\/\/dlvradio.es\/miercoles-21-de-enero-a-las-21-30h-en-directo-que-se-cuece-de-verdad-en-groenlandia\/","name":"\"\u00bfQue se cuece de verdad en #Groenlandia?\" - DLVRADIO","isPartOf":{"@id":"https:\/\/dlvradio.es\/#website"},"primaryImageOfPage":{"@id":"https:\/\/dlvradio.es\/miercoles-21-de-enero-a-las-21-30h-en-directo-que-se-cuece-de-verdad-en-groenlandia\/#primaryimage"},"image":{"@id":"https:\/\/dlvradio.es\/miercoles-21-de-enero-a-las-21-30h-en-directo-que-se-cuece-de-verdad-en-groenlandia\/#primaryimage"},"thumbnailUrl":"https:\/\/dlvradio.es\/wp-content\/uploads\/2026\/01\/Tertulias-video-www.dlvradio.es-1400-x-1400-px-1.png","datePublished":"2026-01-22T11:58:29+00:00","dateModified":"2026-01-22T12:50:09+00:00","description":"#ElDecreto especial \"\u00bfQue se cuece de verdad en #Groenlandia?\". Contaremos con la participaci\u00f3n de Roberto Tornamira - Presidente de la Asociaci\u00f3n Trabajo","breadcrumb":{"@id":"https:\/\/dlvradio.es\/miercoles-21-de-enero-a-las-21-30h-en-directo-que-se-cuece-de-verdad-en-groenlandia\/#breadcrumb"},"inLanguage":"en-US","potentialAction":[{"@type":"ReadAction","target":["https:\/\/dlvradio.es\/miercoles-21-de-enero-a-las-21-30h-en-directo-que-se-cuece-de-verdad-en-groenlandia\/"]}]},{"@type":"ImageObject","inLanguage":"en-US","@id":"https:\/\/dlvradio.es\/miercoles-21-de-enero-a-las-21-30h-en-directo-que-se-cuece-de-verdad-en-groenlandia\/#primaryimage","url":"https:\/\/dlvradio.es\/wp-content\/uploads\/2026\/01\/Tertulias-video-www.dlvradio.es-1400-x-1400-px-1.png","contentUrl":"https:\/\/dlvradio.es\/wp-content\/uploads\/2026\/01\/Tertulias-video-www.dlvradio.es-1400-x-1400-px-1.png","width":1400,"height":1400,"caption":"Mi\u00e9rcoles 21 de enero a las 21.30h en directo. \"\u00bfQue se cuece de verdad en #Groenlandia?\""},{"@type":"BreadcrumbList","@id":"https:\/\/dlvradio.es\/miercoles-21-de-enero-a-las-21-30h-en-directo-que-se-cuece-de-verdad-en-groenlandia\/#breadcrumb","itemListElement":[{"@type":"ListItem","position":1,"name":"Inicio","item":"https:\/\/dlvradio.es\/"},{"@type":"ListItem","position":2,"name":"\u00ab\u00bfQue se cuece de verdad en #Groenlandia?\u00bb"}]},{"@type":"WebSite","@id":"https:\/\/dlvradio.es\/#website","url":"https:\/\/dlvradio.es\/","name":"DLVRADIO","description":"We are an alternative media to traditional media","publisher":{"@id":"https:\/\/dlvradio.es\/#organization"},"potentialAction":[{"@type":"SearchAction","target":{"@type":"EntryPoint","urlTemplate":"https:\/\/dlvradio.es\/?s={search_term_string}"},"query-input":{"@type":"PropertyValueSpecification","valueRequired":true,"valueName":"search_term_string"}}],"inLanguage":"en-US"},{"@type":"Organization","@id":"https:\/\/dlvradio.es\/#organization","name":"DLVRADIO","url":"https:\/\/dlvradio.es\/","logo":{"@type":"ImageObject","inLanguage":"en-US","@id":"https:\/\/dlvradio.es\/#\/schema\/logo\/image\/","url":"","contentUrl":"","caption":"DLVRADIO"},"image":{"@id":"https:\/\/dlvradio.es\/#\/schema\/logo\/image\/"},"sameAs":["https:\/\/www.facebook.com\/RadioDLVradio\/","https:\/\/x.com\/RadioDlvradio","https:\/\/www.instagram.com\/radiodlvradio\/"]},{"@type":"Person","@id":"https:\/\/dlvradio.es\/#\/schema\/person\/6ee60897fbb7fb4ad6634c73f4be87fa","name":"doominio","sameAs":["https:\/\/dlvradio.es"]}]}},"_links":{"self":[{"href":"https:\/\/dlvradio.es\/en\/wp-json\/wp\/v2\/posts\/78553","targetHints":{"allow":["GET"]}}],"collection":[{"href":"https:\/\/dlvradio.es\/en\/wp-json\/wp\/v2\/posts"}],"about":[{"href":"https:\/\/dlvradio.es\/en\/wp-json\/wp\/v2\/types\/post"}],"author":[{"embeddable":true,"href":"https:\/\/dlvradio.es\/en\/wp-json\/wp\/v2\/users\/1"}],"replies":[{"embeddable":true,"href":"https:\/\/dlvradio.es\/en\/wp-json\/wp\/v2\/comments?post=78553"}],"version-history":[{"count":5,"href":"https:\/\/dlvradio.es\/en\/wp-json\/wp\/v2\/posts\/78553\/revisions"}],"predecessor-version":[{"id":78567,"href":"https:\/\/dlvradio.es\/en\/wp-json\/wp\/v2\/posts\/78553\/revisions\/78567"}],"wp:featuredmedia":[{"embeddable":true,"href":"https:\/\/dlvradio.es\/en\/wp-json\/wp\/v2\/media\/78554"}],"wp:attachment":[{"href":"https:\/\/dlvradio.es\/en\/wp-json\/wp\/v2\/media?parent=78553"}],"wp:term":[{"taxonomy":"category","embeddable":true,"href":"https:\/\/dlvradio.es\/en\/wp-json\/wp\/v2\/categories?post=78553"},{"taxonomy":"post_tag","embeddable":true,"href":"https:\/\/dlvradio.es\/en\/wp-json\/wp\/v2\/tags?post=78553"}],"curies":[{"name":"wp","href":"https:\/\/api.w.org\/{rel}","templated":true}]}}