{"id":78571,"date":"2026-01-25T11:08:58","date_gmt":"2026-01-25T10:08:58","guid":{"rendered":"https:\/\/dlvradio.es\/?p=78571"},"modified":"2026-01-25T11:08:58","modified_gmt":"2026-01-25T10:08:58","slug":"la-porra-25-de-enero-de-2026","status":"publish","type":"post","link":"https:\/\/dlvradio.es\/en\/la-porra-25-de-enero-de-2026\/","title":{"rendered":"La Porra: 25 de enero de 2026"},"content":{"rendered":"<p><strong>Barcelona 2 -0 Oviedo (16.15h)<\/strong><\/p>\n<p>Espero un partido rocoso de a madres, pero que el Bar\u00e7a terminar\u00e1 ganando por volumen de juego y calidad individual. Ya a estas alturas de la temporada, yo ya empiezo a fijarme m\u00e1s en que no se lesionen grandes jugadores de cara al Mundial, que en el caso del Bar\u00e7a no son pocos.<\/p>\n<p>Pedri, por poner un ejemplo, me puso de los nervios cuando sali\u00f3 lesionado entre semana en la Copa del Rey. Va a ser un mes, pero este factor me va a traer jodido lo que resta de la temporada en todas las ligas del mundo.<\/p>\n<p>Lo del Oviedo es trist\u00edsimo, va a descender en la primera de cambio porque sus due\u00f1os, unos mexicanos apestados en M\u00e9xico, creyeron que la LaLiga es tan pinche como la Liga MuyEquis y echaron a Paunovic, el t\u00e9cnico que los ascendi\u00f3, en la jornada 8.<\/p>\n<p>Alguien les calent\u00f3 la cabeza respecto a que pod\u00edan ir mejor en la tabla (estaban a la mitad de la misma), con un equipo cuya estrellas eran Salom\u00f3n Rond\u00f3n y -todav\u00eda- Federico Vi\u00f1as, ambos figurones en la Liga MuyEquis de M\u00e9xico, que en Espa\u00f1a evidentemente son jugadores de segunda o tercera divisi\u00f3n.<\/p>\n<p>Me sabe mal por Guillermo Almada, el D.T. del Oviedo, un tipo que trabaja de manera muy seria, pero pues tambi\u00e9n por atascado: dej\u00f3 al Valladolid tirado en Segunda, para volver a los brazos de su exempleadores, el Grupo Ranchuca, quienes tambi\u00e9n lo hab\u00edan echado de mala manera del Pachuca antes del Mundial de Clubes.<\/p>\n<p><strong>Arsenal 2-1 Manchester United (17.30h)<\/strong><\/p>\n<p>El Arsenal tendr\u00eda que ganar ma\u00f1ana este juego sin problema, por proyecto, trabajo, escuadra&#8230; pero el ManU viene de chingarse con autoridad al ManCity de Guardiola y tiene varios j\u00f3venes, como Diallo, que est\u00e1n levantando la mano para convertirse en el eje del -en\u00e9simo- nuevo proyecto en Old Trafford.<\/p>\n<p>Ma\u00f1ana vamos a ver si esa victoria &#8216;Devil&#8217; de los de Michael Carrick fue un espejismo de amor propio combinado con la ya manifiesta debilidad estructural de los de Guardiola (quien sigue habiendo ganado muy poco con los jugadores que ha tenido y los petropresupuestos con los que cuenta en Manchester), o bien, estamos frente a un proyecto serio, destinado a convertir a Carrick en algo m\u00e1s que el D.T. Interino que hasta el momento se contempla que sea.<\/p>\n<p>Del Arsenal hay poco qu\u00e9 decir que no hayan ya demostrado en la cancha, excepto que, insisto, no quisiera que se lesione Bukayo Saka (y su D.T. en Inglaterra, Tuchel, menos) y que estamos en seguimiento permanente del despertar -o hundimiento- de su gran apuesta para este a\u00f1o en la delantera, Viktor Gy\u00f6keres.<\/p>","protected":false},"excerpt":{"rendered":"<p>Barcelona 2 -0 Oviedo (16.15h) Espero un partido rocoso de a madres, pero que el Bar\u00e7a terminar\u00e1 ganando por volumen de juego y calidad individual. Ya a estas alturas de la temporada, yo ya empiezo a fijarme m\u00e1s en que no se lesionen grandes jugadores de cara al Mundial, que en el caso del Bar\u00e7a [&hellip;]<\/p>\n","protected":false},"author":1,"featured_media":78137,"comment_status":"closed","ping_status":"closed","sticky":false,"template":"","format":"standard","meta":{"_acf_changed":false,"footnotes":""},"categories":[2781],"tags":[2782],"class_list":["post-78571","post","type-post","status-publish","format-standard","has-post-thumbnail","hentry","category-la-porra","tag-futbol"],"acf":[],"yoast_head":"<!-- This site is optimized with the Yoast SEO plugin v27.4 - https:\/\/yoast.com\/product\/yoast-seo-wordpress\/ -->\n<title>La Porra: 25 de enero de 2026 - DLVRADIO<\/title>\n<meta name=\"description\" content=\"Barcelona 2 -0 Oviedo (16.15h) Espero un partido rocoso de a madres, pero que el Bar\u00e7a terminar\u00e1 ganando por volumen de juego y calidad individual. Ya a\" \/>\n<meta name=\"robots\" content=\"index, follow, max-snippet:-1, max-image-preview:large, max-video-preview:-1\" \/>\n<link rel=\"canonical\" href=\"https:\/\/dlvradio.es\/en\/la-porra-25-de-enero-de-2026\/\" \/>\n<meta property=\"og:locale\" content=\"en_US\" \/>\n<meta property=\"og:type\" content=\"article\" \/>\n<meta property=\"og:title\" content=\"La Porra: 25 de enero de 2026 - DLVRADIO\" \/>\n<meta property=\"og:description\" content=\"Barcelona 2 -0 Oviedo (16.15h) Espero un partido rocoso de a madres, pero que el Bar\u00e7a terminar\u00e1 ganando por volumen de juego y calidad individual. Ya a\" \/>\n<meta property=\"og:url\" content=\"https:\/\/dlvradio.es\/en\/la-porra-25-de-enero-de-2026\/\" \/>\n<meta property=\"og:site_name\" content=\"DLVRADIO\" \/>\n<meta property=\"article:publisher\" content=\"https:\/\/www.facebook.com\/RadioDLVradio\/\" \/>\n<meta property=\"article:published_time\" content=\"2026-01-25T10:08:58+00:00\" \/>\n<meta property=\"og:image\" content=\"https:\/\/dlvradio.es\/wp-content\/uploads\/2025\/11\/LA-PORRA-1024x1024.png\" \/>\n\t<meta property=\"og:image:width\" content=\"1024\" \/>\n\t<meta property=\"og:image:height\" content=\"1024\" \/>\n\t<meta property=\"og:image:type\" content=\"image\/png\" \/>\n<meta name=\"author\" content=\"doominio\" \/>\n<meta name=\"twitter:card\" content=\"summary_large_image\" \/>\n<meta name=\"twitter:creator\" content=\"@RadioDlvradio\" \/>\n<meta name=\"twitter:site\" content=\"@RadioDlvradio\" \/>\n<script type=\"application\/ld+json\" class=\"yoast-schema-graph\">{\"@context\":\"https:\\\/\\\/schema.org\",\"@graph\":[{\"@type\":\"Article\",\"@id\":\"https:\\\/\\\/dlvradio.es\\\/la-porra-25-de-enero-de-2026\\\/#article\",\"isPartOf\":{\"@id\":\"https:\\\/\\\/dlvradio.es\\\/la-porra-25-de-enero-de-2026\\\/\"},\"author\":{\"name\":\"doominio\",\"@id\":\"https:\\\/\\\/dlvradio.es\\\/#\\\/schema\\\/person\\\/6ee60897fbb7fb4ad6634c73f4be87fa\"},\"headline\":\"La Porra: 25 de enero de 2026\",\"datePublished\":\"2026-01-25T10:08:58+00:00\",\"mainEntityOfPage\":{\"@id\":\"https:\\\/\\\/dlvradio.es\\\/la-porra-25-de-enero-de-2026\\\/\"},\"wordCount\":474,\"publisher\":{\"@id\":\"https:\\\/\\\/dlvradio.es\\\/#organization\"},\"image\":{\"@id\":\"https:\\\/\\\/dlvradio.es\\\/la-porra-25-de-enero-de-2026\\\/#primaryimage\"},\"thumbnailUrl\":\"https:\\\/\\\/dlvradio.es\\\/wp-content\\\/uploads\\\/2025\\\/11\\\/LA-PORRA.png\",\"keywords\":[\"f\u00fatbol\"],\"articleSection\":[\"La Porra\"],\"inLanguage\":\"en-US\"},{\"@type\":\"WebPage\",\"@id\":\"https:\\\/\\\/dlvradio.es\\\/la-porra-25-de-enero-de-2026\\\/\",\"url\":\"https:\\\/\\\/dlvradio.es\\\/la-porra-25-de-enero-de-2026\\\/\",\"name\":\"La Porra: 25 de enero de 2026 - DLVRADIO\",\"isPartOf\":{\"@id\":\"https:\\\/\\\/dlvradio.es\\\/#website\"},\"primaryImageOfPage\":{\"@id\":\"https:\\\/\\\/dlvradio.es\\\/la-porra-25-de-enero-de-2026\\\/#primaryimage\"},\"image\":{\"@id\":\"https:\\\/\\\/dlvradio.es\\\/la-porra-25-de-enero-de-2026\\\/#primaryimage\"},\"thumbnailUrl\":\"https:\\\/\\\/dlvradio.es\\\/wp-content\\\/uploads\\\/2025\\\/11\\\/LA-PORRA.png\",\"datePublished\":\"2026-01-25T10:08:58+00:00\",\"description\":\"Barcelona 2 -0 Oviedo (16.15h) Espero un partido rocoso de a madres, pero que el Bar\u00e7a terminar\u00e1 ganando por volumen de juego y calidad individual. Ya a\",\"breadcrumb\":{\"@id\":\"https:\\\/\\\/dlvradio.es\\\/la-porra-25-de-enero-de-2026\\\/#breadcrumb\"},\"inLanguage\":\"en-US\",\"potentialAction\":[{\"@type\":\"ReadAction\",\"target\":[\"https:\\\/\\\/dlvradio.es\\\/la-porra-25-de-enero-de-2026\\\/\"]}]},{\"@type\":\"ImageObject\",\"inLanguage\":\"en-US\",\"@id\":\"https:\\\/\\\/dlvradio.es\\\/la-porra-25-de-enero-de-2026\\\/#primaryimage\",\"url\":\"https:\\\/\\\/dlvradio.es\\\/wp-content\\\/uploads\\\/2025\\\/11\\\/LA-PORRA.png\",\"contentUrl\":\"https:\\\/\\\/dlvradio.es\\\/wp-content\\\/uploads\\\/2025\\\/11\\\/LA-PORRA.png\",\"width\":1500,\"height\":1500},{\"@type\":\"BreadcrumbList\",\"@id\":\"https:\\\/\\\/dlvradio.es\\\/la-porra-25-de-enero-de-2026\\\/#breadcrumb\",\"itemListElement\":[{\"@type\":\"ListItem\",\"position\":1,\"name\":\"Inicio\",\"item\":\"https:\\\/\\\/dlvradio.es\\\/\"},{\"@type\":\"ListItem\",\"position\":2,\"name\":\"La Porra: 25 de enero de 2026\"}]},{\"@type\":\"WebSite\",\"@id\":\"https:\\\/\\\/dlvradio.es\\\/#website\",\"url\":\"https:\\\/\\\/dlvradio.es\\\/\",\"name\":\"DLVRADIO\",\"description\":\"Somos un medio de comunicaci\u00f3n alternativo a los medios tradicionales\",\"publisher\":{\"@id\":\"https:\\\/\\\/dlvradio.es\\\/#organization\"},\"potentialAction\":[{\"@type\":\"SearchAction\",\"target\":{\"@type\":\"EntryPoint\",\"urlTemplate\":\"https:\\\/\\\/dlvradio.es\\\/?s={search_term_string}\"},\"query-input\":{\"@type\":\"PropertyValueSpecification\",\"valueRequired\":true,\"valueName\":\"search_term_string\"}}],\"inLanguage\":\"en-US\"},{\"@type\":\"Organization\",\"@id\":\"https:\\\/\\\/dlvradio.es\\\/#organization\",\"name\":\"DLVRADIO\",\"url\":\"https:\\\/\\\/dlvradio.es\\\/\",\"logo\":{\"@type\":\"ImageObject\",\"inLanguage\":\"en-US\",\"@id\":\"https:\\\/\\\/dlvradio.es\\\/#\\\/schema\\\/logo\\\/image\\\/\",\"url\":\"\",\"contentUrl\":\"\",\"caption\":\"DLVRADIO\"},\"image\":{\"@id\":\"https:\\\/\\\/dlvradio.es\\\/#\\\/schema\\\/logo\\\/image\\\/\"},\"sameAs\":[\"https:\\\/\\\/www.facebook.com\\\/RadioDLVradio\\\/\",\"https:\\\/\\\/x.com\\\/RadioDlvradio\",\"https:\\\/\\\/www.instagram.com\\\/radiodlvradio\\\/\"]},{\"@type\":\"Person\",\"@id\":\"https:\\\/\\\/dlvradio.es\\\/#\\\/schema\\\/person\\\/6ee60897fbb7fb4ad6634c73f4be87fa\",\"name\":\"doominio\",\"sameAs\":[\"https:\\\/\\\/dlvradio.es\"]}]}<\/script>\n<!-- \/ Yoast SEO plugin. -->","yoast_head_json":{"title":"La Porra: 25 de enero de 2026 - DLVRADIO","description":"Barcelona 2 -0 Oviedo (16.15h) Espero un partido rocoso de a madres, pero que el Bar\u00e7a terminar\u00e1 ganando por volumen de juego y calidad individual. Ya a","robots":{"index":"index","follow":"follow","max-snippet":"max-snippet:-1","max-image-preview":"max-image-preview:large","max-video-preview":"max-video-preview:-1"},"canonical":"https:\/\/dlvradio.es\/en\/la-porra-25-de-enero-de-2026\/","og_locale":"en_US","og_type":"article","og_title":"La Porra: 25 de enero de 2026 - DLVRADIO","og_description":"Barcelona 2 -0 Oviedo (16.15h) Espero un partido rocoso de a madres, pero que el Bar\u00e7a terminar\u00e1 ganando por volumen de juego y calidad individual. Ya a","og_url":"https:\/\/dlvradio.es\/en\/la-porra-25-de-enero-de-2026\/","og_site_name":"DLVRADIO","article_publisher":"https:\/\/www.facebook.com\/RadioDLVradio\/","article_published_time":"2026-01-25T10:08:58+00:00","og_image":[{"width":1024,"height":1024,"url":"https:\/\/dlvradio.es\/wp-content\/uploads\/2025\/11\/LA-PORRA-1024x1024.png","type":"image\/png"}],"author":"doominio","twitter_card":"summary_large_image","twitter_creator":"@RadioDlvradio","twitter_site":"@RadioDlvradio","schema":{"@context":"https:\/\/schema.org","@graph":[{"@type":"Article","@id":"https:\/\/dlvradio.es\/la-porra-25-de-enero-de-2026\/#article","isPartOf":{"@id":"https:\/\/dlvradio.es\/la-porra-25-de-enero-de-2026\/"},"author":{"name":"doominio","@id":"https:\/\/dlvradio.es\/#\/schema\/person\/6ee60897fbb7fb4ad6634c73f4be87fa"},"headline":"La Porra: 25 de enero de 2026","datePublished":"2026-01-25T10:08:58+00:00","mainEntityOfPage":{"@id":"https:\/\/dlvradio.es\/la-porra-25-de-enero-de-2026\/"},"wordCount":474,"publisher":{"@id":"https:\/\/dlvradio.es\/#organization"},"image":{"@id":"https:\/\/dlvradio.es\/la-porra-25-de-enero-de-2026\/#primaryimage"},"thumbnailUrl":"https:\/\/dlvradio.es\/wp-content\/uploads\/2025\/11\/LA-PORRA.png","keywords":["f\u00fatbol"],"articleSection":["La Porra"],"inLanguage":"en-US"},{"@type":"WebPage","@id":"https:\/\/dlvradio.es\/la-porra-25-de-enero-de-2026\/","url":"https:\/\/dlvradio.es\/la-porra-25-de-enero-de-2026\/","name":"La Porra: 25 de enero de 2026 - DLVRADIO","isPartOf":{"@id":"https:\/\/dlvradio.es\/#website"},"primaryImageOfPage":{"@id":"https:\/\/dlvradio.es\/la-porra-25-de-enero-de-2026\/#primaryimage"},"image":{"@id":"https:\/\/dlvradio.es\/la-porra-25-de-enero-de-2026\/#primaryimage"},"thumbnailUrl":"https:\/\/dlvradio.es\/wp-content\/uploads\/2025\/11\/LA-PORRA.png","datePublished":"2026-01-25T10:08:58+00:00","description":"Barcelona 2 -0 Oviedo (16.15h) Espero un partido rocoso de a madres, pero que el Bar\u00e7a terminar\u00e1 ganando por volumen de juego y calidad individual. Ya a","breadcrumb":{"@id":"https:\/\/dlvradio.es\/la-porra-25-de-enero-de-2026\/#breadcrumb"},"inLanguage":"en-US","potentialAction":[{"@type":"ReadAction","target":["https:\/\/dlvradio.es\/la-porra-25-de-enero-de-2026\/"]}]},{"@type":"ImageObject","inLanguage":"en-US","@id":"https:\/\/dlvradio.es\/la-porra-25-de-enero-de-2026\/#primaryimage","url":"https:\/\/dlvradio.es\/wp-content\/uploads\/2025\/11\/LA-PORRA.png","contentUrl":"https:\/\/dlvradio.es\/wp-content\/uploads\/2025\/11\/LA-PORRA.png","width":1500,"height":1500},{"@type":"BreadcrumbList","@id":"https:\/\/dlvradio.es\/la-porra-25-de-enero-de-2026\/#breadcrumb","itemListElement":[{"@type":"ListItem","position":1,"name":"Inicio","item":"https:\/\/dlvradio.es\/"},{"@type":"ListItem","position":2,"name":"La Porra: 25 de enero de 2026"}]},{"@type":"WebSite","@id":"https:\/\/dlvradio.es\/#website","url":"https:\/\/dlvradio.es\/","name":"DLVRADIO","description":"We are an alternative media to traditional media","publisher":{"@id":"https:\/\/dlvradio.es\/#organization"},"potentialAction":[{"@type":"SearchAction","target":{"@type":"EntryPoint","urlTemplate":"https:\/\/dlvradio.es\/?s={search_term_string}"},"query-input":{"@type":"PropertyValueSpecification","valueRequired":true,"valueName":"search_term_string"}}],"inLanguage":"en-US"},{"@type":"Organization","@id":"https:\/\/dlvradio.es\/#organization","name":"DLVRADIO","url":"https:\/\/dlvradio.es\/","logo":{"@type":"ImageObject","inLanguage":"en-US","@id":"https:\/\/dlvradio.es\/#\/schema\/logo\/image\/","url":"","contentUrl":"","caption":"DLVRADIO"},"image":{"@id":"https:\/\/dlvradio.es\/#\/schema\/logo\/image\/"},"sameAs":["https:\/\/www.facebook.com\/RadioDLVradio\/","https:\/\/x.com\/RadioDlvradio","https:\/\/www.instagram.com\/radiodlvradio\/"]},{"@type":"Person","@id":"https:\/\/dlvradio.es\/#\/schema\/person\/6ee60897fbb7fb4ad6634c73f4be87fa","name":"doominio","sameAs":["https:\/\/dlvradio.es"]}]}},"_links":{"self":[{"href":"https:\/\/dlvradio.es\/en\/wp-json\/wp\/v2\/posts\/78571","targetHints":{"allow":["GET"]}}],"collection":[{"href":"https:\/\/dlvradio.es\/en\/wp-json\/wp\/v2\/posts"}],"about":[{"href":"https:\/\/dlvradio.es\/en\/wp-json\/wp\/v2\/types\/post"}],"author":[{"embeddable":true,"href":"https:\/\/dlvradio.es\/en\/wp-json\/wp\/v2\/users\/1"}],"replies":[{"embeddable":true,"href":"https:\/\/dlvradio.es\/en\/wp-json\/wp\/v2\/comments?post=78571"}],"version-history":[{"count":1,"href":"https:\/\/dlvradio.es\/en\/wp-json\/wp\/v2\/posts\/78571\/revisions"}],"predecessor-version":[{"id":78572,"href":"https:\/\/dlvradio.es\/en\/wp-json\/wp\/v2\/posts\/78571\/revisions\/78572"}],"wp:featuredmedia":[{"embeddable":true,"href":"https:\/\/dlvradio.es\/en\/wp-json\/wp\/v2\/media\/78137"}],"wp:attachment":[{"href":"https:\/\/dlvradio.es\/en\/wp-json\/wp\/v2\/media?parent=78571"}],"wp:term":[{"taxonomy":"category","embeddable":true,"href":"https:\/\/dlvradio.es\/en\/wp-json\/wp\/v2\/categories?post=78571"},{"taxonomy":"post_tag","embeddable":true,"href":"https:\/\/dlvradio.es\/en\/wp-json\/wp\/v2\/tags?post=78571"}],"curies":[{"name":"wp","href":"https:\/\/api.w.org\/{rel}","templated":true}]}}