{"id":78837,"date":"2026-03-14T14:08:09","date_gmt":"2026-03-14T13:08:09","guid":{"rendered":"https:\/\/dlvradio.es\/?p=78837"},"modified":"2026-03-14T14:08:09","modified_gmt":"2026-03-14T13:08:09","slug":"retina-fina-el-agente-secreto","status":"publish","type":"post","link":"https:\/\/dlvradio.es\/en\/retina-fina-el-agente-secreto\/","title":{"rendered":"Retina Fina &#8211; El Agente Secreto"},"content":{"rendered":"<p><iframe src=\"https:\/\/www.ivoox.com\/player_ej_170115213_6_1.html?c1=0ebeb7\" width=\"100%\" height=\"200\" frameborder=\"0\" scrolling=\"no\" allowfullscreen=\"allowfullscreen\"><\/iframe><\/p>\n<figure id=\"attachment_78838\" aria-describedby=\"caption-attachment-78838\" style=\"width: 200px\" class=\"wp-caption alignleft\"><img fetchpriority=\"high\" decoding=\"async\" class=\"wp-image-78838 size-medium\" title=\"Agente Secreto\" src=\"https:\/\/dlvradio.es\/wp-content\/uploads\/2026\/03\/Agente-Secreto-200x300.jpg\" alt=\"Retina Fina - El Agente Secreto\" width=\"200\" height=\"300\" srcset=\"https:\/\/dlvradio.es\/wp-content\/uploads\/2026\/03\/Agente-Secreto-200x300.jpg 200w, https:\/\/dlvradio.es\/wp-content\/uploads\/2026\/03\/Agente-Secreto-682x1024.jpg 682w, https:\/\/dlvradio.es\/wp-content\/uploads\/2026\/03\/Agente-Secreto-768x1153.jpg 768w, https:\/\/dlvradio.es\/wp-content\/uploads\/2026\/03\/Agente-Secreto-1023x1536.jpg 1023w, https:\/\/dlvradio.es\/wp-content\/uploads\/2026\/03\/Agente-Secreto-8x12.jpg 8w, https:\/\/dlvradio.es\/wp-content\/uploads\/2026\/03\/Agente-Secreto.jpg 1204w\" sizes=\"(max-width: 200px) 100vw, 200px\" \/><figcaption id=\"caption-attachment-78838\" class=\"wp-caption-text\">Retina Fina &#8211; El Agente Secreto<\/figcaption><\/figure>\n<p><strong>El Agente Secreto (O Agente Secreto, Kleber Mendon\u00e7a Filho, 2025)<\/strong><\/p>\n<p><strong>\u00bfVer?<\/strong><\/p>\n<p>No s\u00e9. Por una parte, es esa buena pel\u00edcula que de repente sale de Brasil y que encuentra resonancia en las grandes ligas, tanto por calidad como por nexos nacionales con el festival que la impuls\u00f3 (Cannes-Francia, vaya).<\/p>\n<p>Pero por otra, no s\u00e9 si lo que pasa en pantalla justifica las 2.40h que dura y adem\u00e1s, tiene un gran pedo que veo que viene repiti\u00e9ndose en el cine &#8216;grande&#8217; y que espero que se supere a la brevedad posible. M\u00e1s adelante ahondo en ello.<\/p>\n<p><strong>\u00bfVolver a ver?<\/strong><\/p>\n<p>No, pero hay una lista que contiene el soundtrack y el score original y est\u00e1 bieeeeen chingona, recomiendo ampliamente para tripear caminando a gustito.<\/p>\n<p><strong>\u00bfPor?<\/strong><\/p>\n<p>La producci\u00f3n de la pel\u00edcula es IMPRESIONANTE, te lleva al Brasil de 1977 y, aunque nunca estuve ah\u00ed a pesar de que soy m\u00e1s viejo que el cagar, uno cree con fervor que as\u00ed era exactamente. El soundtrack y el score, impolutos. El ensamble actoral es exquisito, dios bendiga al ya petateado Udo Kier y a esa se\u00f1ora que se llama Tania Maria&#8230; es como mi t\u00eda Carmen. Chingons\u00edsima. La fotograf\u00eda, buena a secas, porque hay un par de tomas donde falla.<\/p>\n<p>La actuaci\u00f3n de Wagner Moura&#8230; sobresaliente. No brillante, porque la naturaleza del personaje es contenida, pero el vato s\u00ed merece premios y la alabanza de Latinoam\u00e9rica entera este a\u00f1o. Obrigado Amigo Voce e um Amigo, dice el meme. No creo que deba llevarse el premio de la NACAdemia gringa, pero gran chamba, carnal.<\/p>\n<p>\u00bfLos grandes peros? Primero, se siente plana pero llena de vida, valga la contradicci\u00f3n, en varios pasajes, pudo durar 20 minutos menos, y\u00e9ndome tranquilo.<\/p>\n<p>Y segundo y m\u00e1s importante, no llega a fondo porque no se atreve. Nunca quiere ser un thriller, o una comedia, o una pel\u00edcula de denuncia o simplemente un debraye por un pasado m\u00e1s culero, pero colorido.<\/p>\n<p>Y me preocupa, porque es la segunda pel\u00edcula &#8216;grande&#8217; que veo \u00faltimamente que padece de esto mismo, despu\u00e9s de Mickey 17 de Bong Joon-ho. Quiero creer que son 2 ejemplos puntuales y no una corriente posmo que vaya a hacer escuela en el cine.<\/p>\n<p>A ver, NO quiero que me expliquen las cosas, que para eso tenemos a los pendejos de Netflix repitiendo en pantalla lo que sus personajes hicieron, hacen y van a hacer -esto es cierto, b\u00fasquenlo en Internet-, para que los subnormales que est\u00e1n chateando no se pierdan la mierda que avientan a la pantalla, pero s\u00ed quiero, necesito como buen puto intenso inmamable, que si tienes una visi\u00f3n y una historia que contar, te vayas hasta el fondo de las consecuencias de la misma.<\/p>\n<p>Y con ello no me refiero tampoco a que necesito que me digan por qu\u00e9 o c\u00f3mo pas\u00f3 X cosa en la pel\u00edcula, que si a esas nos fu\u00e9ramos no ser\u00eda ni\u00f1o Lynch ni despreciar\u00eda tanto la mierda aquella que hizo Cameron Crowe, Vanilla Sky, con la gringuizaci\u00f3n de la superlativa Abre Los Ojos, de Amen\u00e1bar.<\/p>\n<p>No, solo quiero cine que se comprometa con la visi\u00f3n del loquito que hizo el pitch, de la bola de cabrones que lo produjeron y de los chingados funcionarios de gobierno que la subvencionaron. El talento de Moura y la m\u00fasica son lo m\u00e1s visible de una pel\u00edcula que entierra, en secreto, la grandeza que pudo tener.<\/p>\n<p>Menos mal que Ciudad de Dios se film\u00f3 en 2002.<\/p>\n<p>Choose Life.<\/p>","protected":false},"excerpt":{"rendered":"<p>El Agente Secreto (O Agente Secreto, Kleber Mendon\u00e7a Filho, 2025) \u00bfVer? No s\u00e9. Por una parte, es esa buena pel\u00edcula que de repente sale de Brasil y que encuentra resonancia en las grandes ligas, tanto por calidad como por nexos nacionales con el festival que la impuls\u00f3 (Cannes-Francia, vaya). Pero por otra, no s\u00e9 si [&hellip;]<\/p>\n","protected":false},"author":1,"featured_media":78168,"comment_status":"closed","ping_status":"closed","sticky":false,"template":"","format":"standard","meta":{"_acf_changed":false,"footnotes":""},"categories":[2767],"tags":[2537,2486,2644],"class_list":["post-78837","post","type-post","status-publish","format-standard","has-post-thumbnail","hentry","category-cultura-ocio-y-musica","tag-cine","tag-cultura","tag-ocio"],"acf":[],"yoast_head":"<!-- This site is optimized with the Yoast SEO plugin v27.4 - https:\/\/yoast.com\/product\/yoast-seo-wordpress\/ -->\n<title>Retina Fina - El Agente Secreto - DLVRADIO<\/title>\n<meta name=\"description\" content=\"El Agente Secreto (O Agente Secreto, Kleber Mendon\u00e7a Filho, 2025) \u00bfVer? No s\u00e9. Por una parte, es esa buena pel\u00edcula que de repente sale de Brasil y que\" \/>\n<meta name=\"robots\" content=\"index, follow, max-snippet:-1, max-image-preview:large, max-video-preview:-1\" \/>\n<link rel=\"canonical\" href=\"https:\/\/dlvradio.es\/en\/retina-fina-el-agente-secreto\/\" \/>\n<meta property=\"og:locale\" content=\"en_US\" \/>\n<meta property=\"og:type\" content=\"article\" \/>\n<meta property=\"og:title\" content=\"Retina Fina - El Agente Secreto - DLVRADIO\" \/>\n<meta property=\"og:description\" content=\"El Agente Secreto (O Agente Secreto, Kleber Mendon\u00e7a Filho, 2025) \u00bfVer? No s\u00e9. Por una parte, es esa buena pel\u00edcula que de repente sale de Brasil y que\" \/>\n<meta property=\"og:url\" content=\"https:\/\/dlvradio.es\/en\/retina-fina-el-agente-secreto\/\" \/>\n<meta property=\"og:site_name\" content=\"DLVRADIO\" \/>\n<meta property=\"article:publisher\" content=\"https:\/\/www.facebook.com\/RadioDLVradio\/\" \/>\n<meta property=\"article:published_time\" content=\"2026-03-14T13:08:09+00:00\" \/>\n<meta property=\"og:image\" content=\"https:\/\/dlvradio.es\/wp-content\/uploads\/2025\/11\/RETINA-FINA-1024x1024.png\" \/>\n\t<meta property=\"og:image:width\" content=\"1024\" \/>\n\t<meta property=\"og:image:height\" content=\"1024\" \/>\n\t<meta property=\"og:image:type\" content=\"image\/png\" \/>\n<meta name=\"author\" content=\"doominio\" \/>\n<meta name=\"twitter:card\" content=\"summary_large_image\" \/>\n<meta name=\"twitter:creator\" content=\"@RadioDlvradio\" \/>\n<meta name=\"twitter:site\" content=\"@RadioDlvradio\" \/>\n<script type=\"application\/ld+json\" class=\"yoast-schema-graph\">{\"@context\":\"https:\\\/\\\/schema.org\",\"@graph\":[{\"@type\":\"Article\",\"@id\":\"https:\\\/\\\/dlvradio.es\\\/retina-fina-el-agente-secreto\\\/#article\",\"isPartOf\":{\"@id\":\"https:\\\/\\\/dlvradio.es\\\/retina-fina-el-agente-secreto\\\/\"},\"author\":{\"name\":\"doominio\",\"@id\":\"https:\\\/\\\/dlvradio.es\\\/#\\\/schema\\\/person\\\/6ee60897fbb7fb4ad6634c73f4be87fa\"},\"headline\":\"Retina Fina &#8211; El Agente Secreto\",\"datePublished\":\"2026-03-14T13:08:09+00:00\",\"mainEntityOfPage\":{\"@id\":\"https:\\\/\\\/dlvradio.es\\\/retina-fina-el-agente-secreto\\\/\"},\"wordCount\":622,\"publisher\":{\"@id\":\"https:\\\/\\\/dlvradio.es\\\/#organization\"},\"image\":{\"@id\":\"https:\\\/\\\/dlvradio.es\\\/retina-fina-el-agente-secreto\\\/#primaryimage\"},\"thumbnailUrl\":\"https:\\\/\\\/dlvradio.es\\\/wp-content\\\/uploads\\\/2025\\\/11\\\/RETINA-FINA.png\",\"keywords\":[\"cine\",\"cultura\",\"ocio\"],\"articleSection\":[\"Cultura, ocio y m\u00fasica\"],\"inLanguage\":\"en-US\"},{\"@type\":\"WebPage\",\"@id\":\"https:\\\/\\\/dlvradio.es\\\/retina-fina-el-agente-secreto\\\/\",\"url\":\"https:\\\/\\\/dlvradio.es\\\/retina-fina-el-agente-secreto\\\/\",\"name\":\"Retina Fina - El Agente Secreto - DLVRADIO\",\"isPartOf\":{\"@id\":\"https:\\\/\\\/dlvradio.es\\\/#website\"},\"primaryImageOfPage\":{\"@id\":\"https:\\\/\\\/dlvradio.es\\\/retina-fina-el-agente-secreto\\\/#primaryimage\"},\"image\":{\"@id\":\"https:\\\/\\\/dlvradio.es\\\/retina-fina-el-agente-secreto\\\/#primaryimage\"},\"thumbnailUrl\":\"https:\\\/\\\/dlvradio.es\\\/wp-content\\\/uploads\\\/2025\\\/11\\\/RETINA-FINA.png\",\"datePublished\":\"2026-03-14T13:08:09+00:00\",\"description\":\"El Agente Secreto (O Agente Secreto, Kleber Mendon\u00e7a Filho, 2025) \u00bfVer? No s\u00e9. Por una parte, es esa buena pel\u00edcula que de repente sale de Brasil y que\",\"breadcrumb\":{\"@id\":\"https:\\\/\\\/dlvradio.es\\\/retina-fina-el-agente-secreto\\\/#breadcrumb\"},\"inLanguage\":\"en-US\",\"potentialAction\":[{\"@type\":\"ReadAction\",\"target\":[\"https:\\\/\\\/dlvradio.es\\\/retina-fina-el-agente-secreto\\\/\"]}]},{\"@type\":\"ImageObject\",\"inLanguage\":\"en-US\",\"@id\":\"https:\\\/\\\/dlvradio.es\\\/retina-fina-el-agente-secreto\\\/#primaryimage\",\"url\":\"https:\\\/\\\/dlvradio.es\\\/wp-content\\\/uploads\\\/2025\\\/11\\\/RETINA-FINA.png\",\"contentUrl\":\"https:\\\/\\\/dlvradio.es\\\/wp-content\\\/uploads\\\/2025\\\/11\\\/RETINA-FINA.png\",\"width\":1500,\"height\":1500,\"caption\":\"Cine, esta semana hablamos de The Fantastic Four: First Steps\"},{\"@type\":\"BreadcrumbList\",\"@id\":\"https:\\\/\\\/dlvradio.es\\\/retina-fina-el-agente-secreto\\\/#breadcrumb\",\"itemListElement\":[{\"@type\":\"ListItem\",\"position\":1,\"name\":\"Inicio\",\"item\":\"https:\\\/\\\/dlvradio.es\\\/\"},{\"@type\":\"ListItem\",\"position\":2,\"name\":\"Retina Fina &#8211; El Agente Secreto\"}]},{\"@type\":\"WebSite\",\"@id\":\"https:\\\/\\\/dlvradio.es\\\/#website\",\"url\":\"https:\\\/\\\/dlvradio.es\\\/\",\"name\":\"DLVRADIO\",\"description\":\"Somos un medio de comunicaci\u00f3n alternativo a los medios tradicionales\",\"publisher\":{\"@id\":\"https:\\\/\\\/dlvradio.es\\\/#organization\"},\"potentialAction\":[{\"@type\":\"SearchAction\",\"target\":{\"@type\":\"EntryPoint\",\"urlTemplate\":\"https:\\\/\\\/dlvradio.es\\\/?s={search_term_string}\"},\"query-input\":{\"@type\":\"PropertyValueSpecification\",\"valueRequired\":true,\"valueName\":\"search_term_string\"}}],\"inLanguage\":\"en-US\"},{\"@type\":\"Organization\",\"@id\":\"https:\\\/\\\/dlvradio.es\\\/#organization\",\"name\":\"DLVRADIO\",\"url\":\"https:\\\/\\\/dlvradio.es\\\/\",\"logo\":{\"@type\":\"ImageObject\",\"inLanguage\":\"en-US\",\"@id\":\"https:\\\/\\\/dlvradio.es\\\/#\\\/schema\\\/logo\\\/image\\\/\",\"url\":\"\",\"contentUrl\":\"\",\"caption\":\"DLVRADIO\"},\"image\":{\"@id\":\"https:\\\/\\\/dlvradio.es\\\/#\\\/schema\\\/logo\\\/image\\\/\"},\"sameAs\":[\"https:\\\/\\\/www.facebook.com\\\/RadioDLVradio\\\/\",\"https:\\\/\\\/x.com\\\/RadioDlvradio\",\"https:\\\/\\\/www.instagram.com\\\/radiodlvradio\\\/\"]},{\"@type\":\"Person\",\"@id\":\"https:\\\/\\\/dlvradio.es\\\/#\\\/schema\\\/person\\\/6ee60897fbb7fb4ad6634c73f4be87fa\",\"name\":\"doominio\",\"sameAs\":[\"https:\\\/\\\/dlvradio.es\"]}]}<\/script>\n<!-- \/ Yoast SEO plugin. -->","yoast_head_json":{"title":"Retina Fina - El Agente Secreto - DLVRADIO","description":"El Agente Secreto (O Agente Secreto, Kleber Mendon\u00e7a Filho, 2025) \u00bfVer? No s\u00e9. Por una parte, es esa buena pel\u00edcula que de repente sale de Brasil y que","robots":{"index":"index","follow":"follow","max-snippet":"max-snippet:-1","max-image-preview":"max-image-preview:large","max-video-preview":"max-video-preview:-1"},"canonical":"https:\/\/dlvradio.es\/en\/retina-fina-el-agente-secreto\/","og_locale":"en_US","og_type":"article","og_title":"Retina Fina - El Agente Secreto - DLVRADIO","og_description":"El Agente Secreto (O Agente Secreto, Kleber Mendon\u00e7a Filho, 2025) \u00bfVer? No s\u00e9. Por una parte, es esa buena pel\u00edcula que de repente sale de Brasil y que","og_url":"https:\/\/dlvradio.es\/en\/retina-fina-el-agente-secreto\/","og_site_name":"DLVRADIO","article_publisher":"https:\/\/www.facebook.com\/RadioDLVradio\/","article_published_time":"2026-03-14T13:08:09+00:00","og_image":[{"width":1024,"height":1024,"url":"https:\/\/dlvradio.es\/wp-content\/uploads\/2025\/11\/RETINA-FINA-1024x1024.png","type":"image\/png"}],"author":"doominio","twitter_card":"summary_large_image","twitter_creator":"@RadioDlvradio","twitter_site":"@RadioDlvradio","schema":{"@context":"https:\/\/schema.org","@graph":[{"@type":"Article","@id":"https:\/\/dlvradio.es\/retina-fina-el-agente-secreto\/#article","isPartOf":{"@id":"https:\/\/dlvradio.es\/retina-fina-el-agente-secreto\/"},"author":{"name":"doominio","@id":"https:\/\/dlvradio.es\/#\/schema\/person\/6ee60897fbb7fb4ad6634c73f4be87fa"},"headline":"Retina Fina &#8211; El Agente Secreto","datePublished":"2026-03-14T13:08:09+00:00","mainEntityOfPage":{"@id":"https:\/\/dlvradio.es\/retina-fina-el-agente-secreto\/"},"wordCount":622,"publisher":{"@id":"https:\/\/dlvradio.es\/#organization"},"image":{"@id":"https:\/\/dlvradio.es\/retina-fina-el-agente-secreto\/#primaryimage"},"thumbnailUrl":"https:\/\/dlvradio.es\/wp-content\/uploads\/2025\/11\/RETINA-FINA.png","keywords":["cine","cultura","ocio"],"articleSection":["Cultura, ocio y m\u00fasica"],"inLanguage":"en-US"},{"@type":"WebPage","@id":"https:\/\/dlvradio.es\/retina-fina-el-agente-secreto\/","url":"https:\/\/dlvradio.es\/retina-fina-el-agente-secreto\/","name":"Retina Fina - El Agente Secreto - DLVRADIO","isPartOf":{"@id":"https:\/\/dlvradio.es\/#website"},"primaryImageOfPage":{"@id":"https:\/\/dlvradio.es\/retina-fina-el-agente-secreto\/#primaryimage"},"image":{"@id":"https:\/\/dlvradio.es\/retina-fina-el-agente-secreto\/#primaryimage"},"thumbnailUrl":"https:\/\/dlvradio.es\/wp-content\/uploads\/2025\/11\/RETINA-FINA.png","datePublished":"2026-03-14T13:08:09+00:00","description":"El Agente Secreto (O Agente Secreto, Kleber Mendon\u00e7a Filho, 2025) \u00bfVer? No s\u00e9. Por una parte, es esa buena pel\u00edcula que de repente sale de Brasil y que","breadcrumb":{"@id":"https:\/\/dlvradio.es\/retina-fina-el-agente-secreto\/#breadcrumb"},"inLanguage":"en-US","potentialAction":[{"@type":"ReadAction","target":["https:\/\/dlvradio.es\/retina-fina-el-agente-secreto\/"]}]},{"@type":"ImageObject","inLanguage":"en-US","@id":"https:\/\/dlvradio.es\/retina-fina-el-agente-secreto\/#primaryimage","url":"https:\/\/dlvradio.es\/wp-content\/uploads\/2025\/11\/RETINA-FINA.png","contentUrl":"https:\/\/dlvradio.es\/wp-content\/uploads\/2025\/11\/RETINA-FINA.png","width":1500,"height":1500,"caption":"Cine, esta semana hablamos de The Fantastic Four: First Steps"},{"@type":"BreadcrumbList","@id":"https:\/\/dlvradio.es\/retina-fina-el-agente-secreto\/#breadcrumb","itemListElement":[{"@type":"ListItem","position":1,"name":"Inicio","item":"https:\/\/dlvradio.es\/"},{"@type":"ListItem","position":2,"name":"Retina Fina &#8211; El Agente Secreto"}]},{"@type":"WebSite","@id":"https:\/\/dlvradio.es\/#website","url":"https:\/\/dlvradio.es\/","name":"DLVRADIO","description":"We are an alternative media to traditional media","publisher":{"@id":"https:\/\/dlvradio.es\/#organization"},"potentialAction":[{"@type":"SearchAction","target":{"@type":"EntryPoint","urlTemplate":"https:\/\/dlvradio.es\/?s={search_term_string}"},"query-input":{"@type":"PropertyValueSpecification","valueRequired":true,"valueName":"search_term_string"}}],"inLanguage":"en-US"},{"@type":"Organization","@id":"https:\/\/dlvradio.es\/#organization","name":"DLVRADIO","url":"https:\/\/dlvradio.es\/","logo":{"@type":"ImageObject","inLanguage":"en-US","@id":"https:\/\/dlvradio.es\/#\/schema\/logo\/image\/","url":"","contentUrl":"","caption":"DLVRADIO"},"image":{"@id":"https:\/\/dlvradio.es\/#\/schema\/logo\/image\/"},"sameAs":["https:\/\/www.facebook.com\/RadioDLVradio\/","https:\/\/x.com\/RadioDlvradio","https:\/\/www.instagram.com\/radiodlvradio\/"]},{"@type":"Person","@id":"https:\/\/dlvradio.es\/#\/schema\/person\/6ee60897fbb7fb4ad6634c73f4be87fa","name":"doominio","sameAs":["https:\/\/dlvradio.es"]}]}},"_links":{"self":[{"href":"https:\/\/dlvradio.es\/en\/wp-json\/wp\/v2\/posts\/78837","targetHints":{"allow":["GET"]}}],"collection":[{"href":"https:\/\/dlvradio.es\/en\/wp-json\/wp\/v2\/posts"}],"about":[{"href":"https:\/\/dlvradio.es\/en\/wp-json\/wp\/v2\/types\/post"}],"author":[{"embeddable":true,"href":"https:\/\/dlvradio.es\/en\/wp-json\/wp\/v2\/users\/1"}],"replies":[{"embeddable":true,"href":"https:\/\/dlvradio.es\/en\/wp-json\/wp\/v2\/comments?post=78837"}],"version-history":[{"count":1,"href":"https:\/\/dlvradio.es\/en\/wp-json\/wp\/v2\/posts\/78837\/revisions"}],"predecessor-version":[{"id":78839,"href":"https:\/\/dlvradio.es\/en\/wp-json\/wp\/v2\/posts\/78837\/revisions\/78839"}],"wp:featuredmedia":[{"embeddable":true,"href":"https:\/\/dlvradio.es\/en\/wp-json\/wp\/v2\/media\/78168"}],"wp:attachment":[{"href":"https:\/\/dlvradio.es\/en\/wp-json\/wp\/v2\/media?parent=78837"}],"wp:term":[{"taxonomy":"category","embeddable":true,"href":"https:\/\/dlvradio.es\/en\/wp-json\/wp\/v2\/categories?post=78837"},{"taxonomy":"post_tag","embeddable":true,"href":"https:\/\/dlvradio.es\/en\/wp-json\/wp\/v2\/tags?post=78837"}],"curies":[{"name":"wp","href":"https:\/\/api.w.org\/{rel}","templated":true}]}}