{"id":78903,"date":"2026-03-27T20:10:18","date_gmt":"2026-03-27T19:10:18","guid":{"rendered":"https:\/\/dlvradio.es\/?p=78903"},"modified":"2026-03-27T20:15:46","modified_gmt":"2026-03-27T19:15:46","slug":"dbaldomeros-presentan-bitacora-3-0","status":"publish","type":"post","link":"https:\/\/dlvradio.es\/en\/dbaldomeros-presentan-bitacora-3-0\/","title":{"rendered":"D\u2019Baldomeros presentan \u201cBit\u00e1cora 3.0\u201d"},"content":{"rendered":"<h3><strong>D\u2019Baldomeros presentan \u201cBit\u00e1cora 3.0\u201d <\/strong>su nuevo disco en vinilo para celebrar diez a\u00f1os de trayectoria<\/h3>\n<p>Tras una d\u00e9cada de carretera, festivales y evoluci\u00f3n sonora, la banda granadina <strong>D\u2019Baldomeros<\/strong> celebra su d\u00e9cimo aniversario con la publicaci\u00f3n de \u201cBit\u00e1cora 3.0\u201d, su tercer LP, un trabajo que recoge siete nuevas canciones y que llega en una edici\u00f3n especial en formato vinilo que se publica el jueves 26 de marzo.<\/p>\n<p>Formados en Granada en 2015, <strong>D\u2019Baldomeros<\/strong> han construido un sonido propio en el que el rock y la electr\u00f3nica conviven de forma natural, enriquecido con matices disco y funk que aportan un car\u00e1cter especialmente bailable a sus composiciones. Esa mezcla se traslada con fuerza a sus directos, donde despliegan un show energ\u00e9tico, din\u00e1mico y festivo que se ha convertido en una de sus principales se\u00f1as de identidad. La formaci\u00f3n est\u00e1 integrada por <strong>Eduardo Garc\u00eda<\/strong> (voz, guitarra y programaci\u00f3n), <strong>Paco Romero<\/strong> (bater\u00eda), <strong>Rafa Mart\u00edn<\/strong> (bajo, sintes y coros) y <strong>Peter Velardo<\/strong> (guitarra y coros).<\/p>\n<p>Desde sus inicios, la banda no ha dejado de girar ni de sumar escenarios, participando en numerosos festivales y concursos y recibiendo una gran acogida por parte de la organizaci\u00f3n, la cr\u00edtica y el p\u00fablico. Entre los reconocimientos obtenidos destacan el premio <strong>Quiskilla Rock 2017<\/strong>, el Concurso <strong>Guinness Spain 2023<\/strong> y su condici\u00f3n de finalistas en Zurich <strong>Rock Madrid 2024<\/strong>. A lo largo de su trayectoria tambi\u00e9n han formado parte de carteles de festivales como Granada Calling, Bull Music Festival, Peligros Sound, FICH, Granada Sound, Maratius Festival, Noches Espaciales, Al O\u00eddo Festival, En \u00d3rbita, Fortaleza Sound o Zaid\u00edn Rock, consolid\u00e1ndose poco a poco dentro del panorama de las bandas andaluzas emergentes.<\/p>\n<p>In <strong>\u201cBit\u00e1cora 3.0\u201d<\/strong>, D\u2019Baldomeros mantienen intacta su identidad sonora y ese equilibrio entre guitarras y electr\u00f3nica que ha definido su camino durante estos diez a\u00f1os. El disco ha sido grabado en dos estudios de Granada y cuenta con dos producciones diferentes que la banda ha logrado integrar para alcanzar una sonoridad cohesionada.<\/p>\n<p>En el proceso han participado <strong>Carlos D\u00edaz<\/strong> (Eskorzo, Amparo S\u00e1nchez, 091, La Plazuela) y <strong>Banin<\/strong> (Los Pilotos, Carolina Durante, Los Planetas), responsables de la producci\u00f3n de Masa Cr\u00edtica y Peculiares en el estudio <strong>Cortijo de Santa Mar\u00eda de la Vega<\/strong>. El resto de las canciones han sido grabadas, mezcladas y coproducidas por <strong>David Sutil \u201cIndio\u201d<\/strong> (Lori Meyers, Fausto Taranto) en <strong>La Madre Estudio<\/strong>, mientras que la masterizaci\u00f3n final ha corrido a cargo de <strong>Alan Lockwood en 211 Music Studio<\/strong>.<\/p>\n<p>Con este nuevo trabajo, D\u2019Baldomeros firman una nueva etapa en su recorrido musical, reafirmando un sonido que combina pulsi\u00f3n electr\u00f3nica, esp\u00edritu rock y una clara vocaci\u00f3n de directo.<\/p>\n<p><strong>TRACKLIST<\/strong><\/p>\n<p><strong>VERA<\/strong>: Es el primer single que abre este nuevo disco y \u00abVera\u00bb es el nombre de ese lugar que inspira esta canci\u00f3n, en el que de nuevo las afiladas guitarras y la contundente base r\u00edtmica del grupo se ven acompa\u00f1adas por unas bases y una electr\u00f3nica cada vez m\u00e1s presente, con melod\u00edas de sintetizadores de corte vintage que evocan recuerdos y paisajes que transmiten calma a nuestras aceleradas vidas.<\/p>\n<p><strong>GRAN DERROCHE<\/strong>: Con esa urgencia incontrolable de gastar lo que no puede volver, el tiempo, la energ\u00eda, las risas, el baile de madrugada, este single golpea, con la tremenda fuerza de unas guitarras que danzan sin parar, con un tema \u00e9pico que habla de aprovechar antes de que se haga de d\u00eda. Exprimiendo la noche a golpe de sintetizador, con su caracter\u00edstica y demoledora base r\u00edtmica, que solo parar\u00e1 cuando llegue el amanecer y con el sol llegue esa verdad que la oscuridad disimulaba. Amar sin manual, bailar sin testigos, vive ahora porque el reloj no negocia<\/p>\n<p><strong>PECULIARES<\/strong>: Este single se impregna de melod\u00edas y armon\u00edas que nos sumergen sin querer en una historia que nos cuenta una vivencia agridulce de felicidad y recuerdos. En esta ocasi\u00f3n, la <strong>colaboraci\u00f3n de lujo en las voces y coros de Noni, cantante de Lori Meyers<\/strong>, aporta al tema ese acento tan peculiar de una de las voces m\u00e1s caracter\u00edsticas del indie espa\u00f1ol.<\/p>\n<p><strong>MASA CRITICA<\/strong>: Sintetizadores, guitarras y una potente base r\u00edtmica, son los ingredientes para que una vez m\u00e1s, D&#8217;Baldomeros, bajo la exquisita producci\u00f3n de Banin Fraile (Los Planetas y Los Pilotos) y la <strong>colaboraci\u00f3n de Juan Alberto (Ni\u00f1os Mutantes)<\/strong>, nos muestren el camino a su Electro rock m\u00e1s bailable y en\u00e9rgico, creando atm\u00f3sferas que evocan sonidos de los 80&#8217;s y con una letra directa sobre la gente t\u00f3xica y sus comportamientos. Una descarga el\u00e9ctrica en toda regla, que derrocha actitud e identidad personal.<\/p>\n<p><strong>FIGURANTES<\/strong>: En este single vuelven a estar presentes sus ya conocidas y punzantes guitarras, acompa\u00f1adas por una base r\u00edtmica y una electr\u00f3nica que en este nuevo sencillo alcanzan otra dimensi\u00f3n. Una nueva propuesta fruto del insomnio que explora las emociones y pensamientos que surgen de la vigilia nocturna, convirti\u00e9ndose en la manera de expresar la frustraci\u00f3n y angustia que acompa\u00f1an a ese insomnio, pero, a la vez, en una herramienta para redimirse y conciliar el sue\u00f1o. Un tema trepidante, en\u00e9rgico y arriesgado.<\/p>\n<p><strong>EMPEZAR LO QUE IMPORTA<\/strong>: Una llamada a rodearse de quien lo merece y est\u00e1 a nuestro lado, de saber reconocer quien s\u00ed y quien no debe ni de asomarse a nuestros pensamientos. En este tema, las atmosferas de sintetizadores y sonidos evocadores de los 80, traen recuerdos de esos momentos de conexi\u00f3n con lo verdaderamente valido que es amar sin condici\u00f3n alguna a quien est\u00e1 a nuestro lado.<\/p>\n<p><strong>CR\u00d3NICAS DE CASI PERFECTOS<\/strong>: Este \u00faltimo track nos habla de c\u00f3mo la perfecci\u00f3n se convierte en imperfecci\u00f3n cuando te falta el aire, estando al lado de la persona a la que amas y necesitas escapar. Silencios, confusi\u00f3n, perd\u00f3n y adioses para no caer en la monoton\u00eda&#8230;Siguiendo en la clara l\u00ednea que la banda tiene ya trazada, con id\u00e9ntica actitud, honestidad y autenticidad, y sin dejar de lado sus afiladas a la vez que arm\u00f3nicas guitarras, sus en\u00e9rgicas bases r\u00edtmicas, y, por supuesto, sus ya inseparables y caracter\u00edsticas bases electr\u00f3nicas.<\/p>\n<p><strong>GIRA:<\/strong><\/p>\n<p><span style=\"color: #ff0000;\">28<\/span> febrero- Planta baja Granada; <span style=\"color: #ff0000;\">28<\/span> marzo- Almu\u00f1\u00e9car Granada; <span style=\"color: #ff0000;\">24<\/span> abril- Rustic Festival Lanjar\u00f3n \/ Sala Aliatar Granada;<\/p>\n<p><span style=\"color: #ff0000;\">7<\/span> mayo- Caf\u00e9 Central Baeza (Ja\u00e9n); <span style=\"color: #ff0000;\">9<\/span> mayo- Soda (Alicante)\/ Puerta verde Mira (Cuenca); <span style=\"color: #ff0000;\">23<\/span> mayo- Olvera (C\u00e1diz)<\/p>\n<p><span style=\"color: #ff0000;\">11<\/span> Julio- Lavanda Fest (Burgos); <span style=\"color: #ff0000;\">3<\/span> octubre \u2013 Fun House Madrid;<span style=\"color: #ff0000;\">10<\/span> octubre- Cinebeat M\u00e9rida<\/p>\n<p><span style=\"color: #ff0000;\">11<\/span> octubre- 3\u00b0Rock en el desguace Granada y <span style=\"color: #ff0000;\">13<\/span> noviembre- Lemon Rock Granada<\/p>\n<p><iframe title=\"D\u00b4BALDOMEROS - &quot;Vera&quot;\" width=\"800\" height=\"450\" src=\"https:\/\/www.youtube.com\/embed\/igXH3NsW2sM?feature=oembed\" frameborder=\"0\" allow=\"accelerometer; autoplay; clipboard-write; encrypted-media; gyroscope; picture-in-picture; web-share\" referrerpolicy=\"strict-origin-when-cross-origin\" allowfullscreen><\/iframe><\/p>","protected":false},"excerpt":{"rendered":"<p>D\u2019Baldomeros presentan \u201cBit\u00e1cora 3.0\u201d su nuevo disco en vinilo para celebrar diez a\u00f1os de trayectoria Tras una d\u00e9cada de carretera, festivales y evoluci\u00f3n sonora, la banda granadina D\u2019Baldomeros celebra su d\u00e9cimo aniversario con la publicaci\u00f3n de \u201cBit\u00e1cora 3.0\u201d, su tercer LP, un trabajo que recoge siete nuevas canciones y que llega en una edici\u00f3n especial [&hellip;]<\/p>\n","protected":false},"author":1,"featured_media":78904,"comment_status":"closed","ping_status":"closed","sticky":false,"template":"","format":"standard","meta":{"_acf_changed":false,"footnotes":""},"categories":[2767],"tags":[2486,2500,2644],"class_list":["post-78903","post","type-post","status-publish","format-standard","has-post-thumbnail","hentry","category-cultura-ocio-y-musica","tag-cultura","tag-musica","tag-ocio"],"acf":[],"yoast_head":"<!-- This site is optimized with the Yoast SEO plugin v27.4 - https:\/\/yoast.com\/product\/yoast-seo-wordpress\/ -->\n<title>D\u2019Baldomeros presentan \u201cBit\u00e1cora 3.0\u201d - DLVRADIO<\/title>\n<meta name=\"description\" content=\"D\u2019Baldomeros presentan \u201cBit\u00e1cora 3.0\u201d su nuevo disco en vinilo para celebrar diez a\u00f1os de trayectoria Tras una d\u00e9cada de carretera, festivales y evoluci\u00f3n\" \/>\n<meta name=\"robots\" content=\"index, follow, max-snippet:-1, max-image-preview:large, max-video-preview:-1\" \/>\n<link rel=\"canonical\" href=\"https:\/\/dlvradio.es\/en\/dbaldomeros-presentan-bitacora-3-0\/\" \/>\n<meta property=\"og:locale\" content=\"en_US\" \/>\n<meta property=\"og:type\" content=\"article\" \/>\n<meta property=\"og:title\" content=\"D\u2019Baldomeros presentan \u201cBit\u00e1cora 3.0\u201d - DLVRADIO\" \/>\n<meta property=\"og:description\" content=\"D\u2019Baldomeros presentan \u201cBit\u00e1cora 3.0\u201d su nuevo disco en vinilo para celebrar diez a\u00f1os de trayectoria Tras una d\u00e9cada de carretera, festivales y evoluci\u00f3n\" \/>\n<meta property=\"og:url\" content=\"https:\/\/dlvradio.es\/en\/dbaldomeros-presentan-bitacora-3-0\/\" \/>\n<meta property=\"og:site_name\" content=\"DLVRADIO\" \/>\n<meta property=\"article:publisher\" content=\"https:\/\/www.facebook.com\/RadioDLVradio\/\" \/>\n<meta property=\"article:published_time\" content=\"2026-03-27T19:10:18+00:00\" \/>\n<meta property=\"article:modified_time\" content=\"2026-03-27T19:15:46+00:00\" \/>\n<meta property=\"og:image\" content=\"https:\/\/dlvradio.es\/wp-content\/uploads\/2026\/03\/Portada-BITACORA-3.0-scaled.jpg\" \/>\n\t<meta property=\"og:image:width\" content=\"1920\" \/>\n\t<meta property=\"og:image:height\" content=\"1924\" \/>\n\t<meta property=\"og:image:type\" content=\"image\/jpeg\" \/>\n<meta name=\"author\" content=\"doominio\" \/>\n<meta name=\"twitter:card\" content=\"summary_large_image\" \/>\n<meta name=\"twitter:creator\" content=\"@RadioDlvradio\" \/>\n<meta name=\"twitter:site\" content=\"@RadioDlvradio\" \/>\n<script type=\"application\/ld+json\" class=\"yoast-schema-graph\">{\"@context\":\"https:\\\/\\\/schema.org\",\"@graph\":[{\"@type\":\"Article\",\"@id\":\"https:\\\/\\\/dlvradio.es\\\/dbaldomeros-presentan-bitacora-3-0\\\/#article\",\"isPartOf\":{\"@id\":\"https:\\\/\\\/dlvradio.es\\\/dbaldomeros-presentan-bitacora-3-0\\\/\"},\"author\":{\"name\":\"doominio\",\"@id\":\"https:\\\/\\\/dlvradio.es\\\/#\\\/schema\\\/person\\\/6ee60897fbb7fb4ad6634c73f4be87fa\"},\"headline\":\"D\u2019Baldomeros presentan \u201cBit\u00e1cora 3.0\u201d\",\"datePublished\":\"2026-03-27T19:10:18+00:00\",\"dateModified\":\"2026-03-27T19:15:46+00:00\",\"mainEntityOfPage\":{\"@id\":\"https:\\\/\\\/dlvradio.es\\\/dbaldomeros-presentan-bitacora-3-0\\\/\"},\"wordCount\":1139,\"publisher\":{\"@id\":\"https:\\\/\\\/dlvradio.es\\\/#organization\"},\"image\":{\"@id\":\"https:\\\/\\\/dlvradio.es\\\/dbaldomeros-presentan-bitacora-3-0\\\/#primaryimage\"},\"thumbnailUrl\":\"https:\\\/\\\/dlvradio.es\\\/wp-content\\\/uploads\\\/2026\\\/03\\\/Portada-BITACORA-3.0-scaled.jpg\",\"keywords\":[\"cultura\",\"m\u00fasica\",\"ocio\"],\"articleSection\":[\"Cultura, ocio y m\u00fasica\"],\"inLanguage\":\"en-US\"},{\"@type\":\"WebPage\",\"@id\":\"https:\\\/\\\/dlvradio.es\\\/dbaldomeros-presentan-bitacora-3-0\\\/\",\"url\":\"https:\\\/\\\/dlvradio.es\\\/dbaldomeros-presentan-bitacora-3-0\\\/\",\"name\":\"D\u2019Baldomeros presentan \u201cBit\u00e1cora 3.0\u201d - DLVRADIO\",\"isPartOf\":{\"@id\":\"https:\\\/\\\/dlvradio.es\\\/#website\"},\"primaryImageOfPage\":{\"@id\":\"https:\\\/\\\/dlvradio.es\\\/dbaldomeros-presentan-bitacora-3-0\\\/#primaryimage\"},\"image\":{\"@id\":\"https:\\\/\\\/dlvradio.es\\\/dbaldomeros-presentan-bitacora-3-0\\\/#primaryimage\"},\"thumbnailUrl\":\"https:\\\/\\\/dlvradio.es\\\/wp-content\\\/uploads\\\/2026\\\/03\\\/Portada-BITACORA-3.0-scaled.jpg\",\"datePublished\":\"2026-03-27T19:10:18+00:00\",\"dateModified\":\"2026-03-27T19:15:46+00:00\",\"description\":\"D\u2019Baldomeros presentan \u201cBit\u00e1cora 3.0\u201d su nuevo disco en vinilo para celebrar diez a\u00f1os de trayectoria Tras una d\u00e9cada de carretera, festivales y evoluci\u00f3n\",\"breadcrumb\":{\"@id\":\"https:\\\/\\\/dlvradio.es\\\/dbaldomeros-presentan-bitacora-3-0\\\/#breadcrumb\"},\"inLanguage\":\"en-US\",\"potentialAction\":[{\"@type\":\"ReadAction\",\"target\":[\"https:\\\/\\\/dlvradio.es\\\/dbaldomeros-presentan-bitacora-3-0\\\/\"]}]},{\"@type\":\"ImageObject\",\"inLanguage\":\"en-US\",\"@id\":\"https:\\\/\\\/dlvradio.es\\\/dbaldomeros-presentan-bitacora-3-0\\\/#primaryimage\",\"url\":\"https:\\\/\\\/dlvradio.es\\\/wp-content\\\/uploads\\\/2026\\\/03\\\/Portada-BITACORA-3.0-scaled.jpg\",\"contentUrl\":\"https:\\\/\\\/dlvradio.es\\\/wp-content\\\/uploads\\\/2026\\\/03\\\/Portada-BITACORA-3.0-scaled.jpg\",\"width\":1920,\"height\":1924,\"caption\":\"D\u2019Baldomeros presentan \u201cBit\u00e1cora 3.0\u201d\"},{\"@type\":\"BreadcrumbList\",\"@id\":\"https:\\\/\\\/dlvradio.es\\\/dbaldomeros-presentan-bitacora-3-0\\\/#breadcrumb\",\"itemListElement\":[{\"@type\":\"ListItem\",\"position\":1,\"name\":\"Inicio\",\"item\":\"https:\\\/\\\/dlvradio.es\\\/\"},{\"@type\":\"ListItem\",\"position\":2,\"name\":\"D\u2019Baldomeros presentan \u201cBit\u00e1cora 3.0\u201d\"}]},{\"@type\":\"WebSite\",\"@id\":\"https:\\\/\\\/dlvradio.es\\\/#website\",\"url\":\"https:\\\/\\\/dlvradio.es\\\/\",\"name\":\"DLVRADIO\",\"description\":\"Somos un medio de comunicaci\u00f3n alternativo a los medios tradicionales\",\"publisher\":{\"@id\":\"https:\\\/\\\/dlvradio.es\\\/#organization\"},\"potentialAction\":[{\"@type\":\"SearchAction\",\"target\":{\"@type\":\"EntryPoint\",\"urlTemplate\":\"https:\\\/\\\/dlvradio.es\\\/?s={search_term_string}\"},\"query-input\":{\"@type\":\"PropertyValueSpecification\",\"valueRequired\":true,\"valueName\":\"search_term_string\"}}],\"inLanguage\":\"en-US\"},{\"@type\":\"Organization\",\"@id\":\"https:\\\/\\\/dlvradio.es\\\/#organization\",\"name\":\"DLVRADIO\",\"url\":\"https:\\\/\\\/dlvradio.es\\\/\",\"logo\":{\"@type\":\"ImageObject\",\"inLanguage\":\"en-US\",\"@id\":\"https:\\\/\\\/dlvradio.es\\\/#\\\/schema\\\/logo\\\/image\\\/\",\"url\":\"\",\"contentUrl\":\"\",\"caption\":\"DLVRADIO\"},\"image\":{\"@id\":\"https:\\\/\\\/dlvradio.es\\\/#\\\/schema\\\/logo\\\/image\\\/\"},\"sameAs\":[\"https:\\\/\\\/www.facebook.com\\\/RadioDLVradio\\\/\",\"https:\\\/\\\/x.com\\\/RadioDlvradio\",\"https:\\\/\\\/www.instagram.com\\\/radiodlvradio\\\/\"]},{\"@type\":\"Person\",\"@id\":\"https:\\\/\\\/dlvradio.es\\\/#\\\/schema\\\/person\\\/6ee60897fbb7fb4ad6634c73f4be87fa\",\"name\":\"doominio\",\"sameAs\":[\"https:\\\/\\\/dlvradio.es\"]}]}<\/script>\n<!-- \/ Yoast SEO plugin. -->","yoast_head_json":{"title":"D\u2019Baldomeros presentan \u201cBit\u00e1cora 3.0\u201d - DLVRADIO","description":"D\u2019Baldomeros presentan \u201cBit\u00e1cora 3.0\u201d su nuevo disco en vinilo para celebrar diez a\u00f1os de trayectoria Tras una d\u00e9cada de carretera, festivales y evoluci\u00f3n","robots":{"index":"index","follow":"follow","max-snippet":"max-snippet:-1","max-image-preview":"max-image-preview:large","max-video-preview":"max-video-preview:-1"},"canonical":"https:\/\/dlvradio.es\/en\/dbaldomeros-presentan-bitacora-3-0\/","og_locale":"en_US","og_type":"article","og_title":"D\u2019Baldomeros presentan \u201cBit\u00e1cora 3.0\u201d - DLVRADIO","og_description":"D\u2019Baldomeros presentan \u201cBit\u00e1cora 3.0\u201d su nuevo disco en vinilo para celebrar diez a\u00f1os de trayectoria Tras una d\u00e9cada de carretera, festivales y evoluci\u00f3n","og_url":"https:\/\/dlvradio.es\/en\/dbaldomeros-presentan-bitacora-3-0\/","og_site_name":"DLVRADIO","article_publisher":"https:\/\/www.facebook.com\/RadioDLVradio\/","article_published_time":"2026-03-27T19:10:18+00:00","article_modified_time":"2026-03-27T19:15:46+00:00","og_image":[{"width":1920,"height":1924,"url":"https:\/\/dlvradio.es\/wp-content\/uploads\/2026\/03\/Portada-BITACORA-3.0-scaled.jpg","type":"image\/jpeg"}],"author":"doominio","twitter_card":"summary_large_image","twitter_creator":"@RadioDlvradio","twitter_site":"@RadioDlvradio","schema":{"@context":"https:\/\/schema.org","@graph":[{"@type":"Article","@id":"https:\/\/dlvradio.es\/dbaldomeros-presentan-bitacora-3-0\/#article","isPartOf":{"@id":"https:\/\/dlvradio.es\/dbaldomeros-presentan-bitacora-3-0\/"},"author":{"name":"doominio","@id":"https:\/\/dlvradio.es\/#\/schema\/person\/6ee60897fbb7fb4ad6634c73f4be87fa"},"headline":"D\u2019Baldomeros presentan \u201cBit\u00e1cora 3.0\u201d","datePublished":"2026-03-27T19:10:18+00:00","dateModified":"2026-03-27T19:15:46+00:00","mainEntityOfPage":{"@id":"https:\/\/dlvradio.es\/dbaldomeros-presentan-bitacora-3-0\/"},"wordCount":1139,"publisher":{"@id":"https:\/\/dlvradio.es\/#organization"},"image":{"@id":"https:\/\/dlvradio.es\/dbaldomeros-presentan-bitacora-3-0\/#primaryimage"},"thumbnailUrl":"https:\/\/dlvradio.es\/wp-content\/uploads\/2026\/03\/Portada-BITACORA-3.0-scaled.jpg","keywords":["cultura","m\u00fasica","ocio"],"articleSection":["Cultura, ocio y m\u00fasica"],"inLanguage":"en-US"},{"@type":"WebPage","@id":"https:\/\/dlvradio.es\/dbaldomeros-presentan-bitacora-3-0\/","url":"https:\/\/dlvradio.es\/dbaldomeros-presentan-bitacora-3-0\/","name":"D\u2019Baldomeros presentan \u201cBit\u00e1cora 3.0\u201d - DLVRADIO","isPartOf":{"@id":"https:\/\/dlvradio.es\/#website"},"primaryImageOfPage":{"@id":"https:\/\/dlvradio.es\/dbaldomeros-presentan-bitacora-3-0\/#primaryimage"},"image":{"@id":"https:\/\/dlvradio.es\/dbaldomeros-presentan-bitacora-3-0\/#primaryimage"},"thumbnailUrl":"https:\/\/dlvradio.es\/wp-content\/uploads\/2026\/03\/Portada-BITACORA-3.0-scaled.jpg","datePublished":"2026-03-27T19:10:18+00:00","dateModified":"2026-03-27T19:15:46+00:00","description":"D\u2019Baldomeros presentan \u201cBit\u00e1cora 3.0\u201d su nuevo disco en vinilo para celebrar diez a\u00f1os de trayectoria Tras una d\u00e9cada de carretera, festivales y evoluci\u00f3n","breadcrumb":{"@id":"https:\/\/dlvradio.es\/dbaldomeros-presentan-bitacora-3-0\/#breadcrumb"},"inLanguage":"en-US","potentialAction":[{"@type":"ReadAction","target":["https:\/\/dlvradio.es\/dbaldomeros-presentan-bitacora-3-0\/"]}]},{"@type":"ImageObject","inLanguage":"en-US","@id":"https:\/\/dlvradio.es\/dbaldomeros-presentan-bitacora-3-0\/#primaryimage","url":"https:\/\/dlvradio.es\/wp-content\/uploads\/2026\/03\/Portada-BITACORA-3.0-scaled.jpg","contentUrl":"https:\/\/dlvradio.es\/wp-content\/uploads\/2026\/03\/Portada-BITACORA-3.0-scaled.jpg","width":1920,"height":1924,"caption":"D\u2019Baldomeros presentan \u201cBit\u00e1cora 3.0\u201d"},{"@type":"BreadcrumbList","@id":"https:\/\/dlvradio.es\/dbaldomeros-presentan-bitacora-3-0\/#breadcrumb","itemListElement":[{"@type":"ListItem","position":1,"name":"Inicio","item":"https:\/\/dlvradio.es\/"},{"@type":"ListItem","position":2,"name":"D\u2019Baldomeros presentan \u201cBit\u00e1cora 3.0\u201d"}]},{"@type":"WebSite","@id":"https:\/\/dlvradio.es\/#website","url":"https:\/\/dlvradio.es\/","name":"DLVRADIO","description":"We are an alternative media to traditional media","publisher":{"@id":"https:\/\/dlvradio.es\/#organization"},"potentialAction":[{"@type":"SearchAction","target":{"@type":"EntryPoint","urlTemplate":"https:\/\/dlvradio.es\/?s={search_term_string}"},"query-input":{"@type":"PropertyValueSpecification","valueRequired":true,"valueName":"search_term_string"}}],"inLanguage":"en-US"},{"@type":"Organization","@id":"https:\/\/dlvradio.es\/#organization","name":"DLVRADIO","url":"https:\/\/dlvradio.es\/","logo":{"@type":"ImageObject","inLanguage":"en-US","@id":"https:\/\/dlvradio.es\/#\/schema\/logo\/image\/","url":"","contentUrl":"","caption":"DLVRADIO"},"image":{"@id":"https:\/\/dlvradio.es\/#\/schema\/logo\/image\/"},"sameAs":["https:\/\/www.facebook.com\/RadioDLVradio\/","https:\/\/x.com\/RadioDlvradio","https:\/\/www.instagram.com\/radiodlvradio\/"]},{"@type":"Person","@id":"https:\/\/dlvradio.es\/#\/schema\/person\/6ee60897fbb7fb4ad6634c73f4be87fa","name":"doominio","sameAs":["https:\/\/dlvradio.es"]}]}},"_links":{"self":[{"href":"https:\/\/dlvradio.es\/en\/wp-json\/wp\/v2\/posts\/78903","targetHints":{"allow":["GET"]}}],"collection":[{"href":"https:\/\/dlvradio.es\/en\/wp-json\/wp\/v2\/posts"}],"about":[{"href":"https:\/\/dlvradio.es\/en\/wp-json\/wp\/v2\/types\/post"}],"author":[{"embeddable":true,"href":"https:\/\/dlvradio.es\/en\/wp-json\/wp\/v2\/users\/1"}],"replies":[{"embeddable":true,"href":"https:\/\/dlvradio.es\/en\/wp-json\/wp\/v2\/comments?post=78903"}],"version-history":[{"count":2,"href":"https:\/\/dlvradio.es\/en\/wp-json\/wp\/v2\/posts\/78903\/revisions"}],"predecessor-version":[{"id":78906,"href":"https:\/\/dlvradio.es\/en\/wp-json\/wp\/v2\/posts\/78903\/revisions\/78906"}],"wp:featuredmedia":[{"embeddable":true,"href":"https:\/\/dlvradio.es\/en\/wp-json\/wp\/v2\/media\/78904"}],"wp:attachment":[{"href":"https:\/\/dlvradio.es\/en\/wp-json\/wp\/v2\/media?parent=78903"}],"wp:term":[{"taxonomy":"category","embeddable":true,"href":"https:\/\/dlvradio.es\/en\/wp-json\/wp\/v2\/categories?post=78903"},{"taxonomy":"post_tag","embeddable":true,"href":"https:\/\/dlvradio.es\/en\/wp-json\/wp\/v2\/tags?post=78903"}],"curies":[{"name":"wp","href":"https:\/\/api.w.org\/{rel}","templated":true}]}}