{"id":78907,"date":"2026-03-27T20:32:04","date_gmt":"2026-03-27T19:32:04","guid":{"rendered":"https:\/\/dlvradio.es\/?p=78907"},"modified":"2026-03-27T20:38:46","modified_gmt":"2026-03-27T19:38:46","slug":"arranca-en-caceres-la-ecomarcha-primavera-2026","status":"publish","type":"post","link":"https:\/\/dlvradio.es\/en\/arranca-en-caceres-la-ecomarcha-primavera-2026\/","title":{"rendered":"Arranca en C\u00e1ceres la Ecomarcha Primavera 2026"},"content":{"rendered":"<h3><strong>Arranca en C\u00e1ceres la Ecomarcha Primavera 2026 bajo el lema \u201c\u00a1Extremadura rural viva! \u00a1Agila!\u201d<\/strong><\/h3>\n<ul>\n<li><strong><em>La marcha ciclista de Ecologistas en Acci\u00f3n recorrer\u00e1 cerca de 250 kil\u00f3metros por Extremadura entre el 28 de marzo y el 5 de abril.<\/em><\/strong><\/li>\n<li><strong><em>A lo largo de siete d\u00edas, denunciar\u00e1 los principales conflictos socioambientales del territorio, como los impactos de proyectos energ\u00e9ticos, mineros e industriales impulsados por grandes empresas que contribuyen al vaciamiento rural y a la degradaci\u00f3n ambiental.<\/em><\/strong><\/li>\n<li><strong><em>Asimismo, visibilizar\u00e1 las luchas en defensa del medio rural, sus propuestas y alternativas.<\/em><\/strong><\/li>\n<\/ul>\n<p>La Ecomarcha de primavera de Ecologistas en Acci\u00f3n se celebrar\u00e1 este a\u00f1o por primera vez en Extremadura, recorriendo la provincia de C\u00e1ceres del 28 de marzo al 5 de abril bajo el lema \u201c\u00a1Extremadura rural viva! \u00a1Agila!\u201d. Durante la Semana Santa, m\u00e1s de un centenar de personas recorrer\u00e1n en bicicleta alrededor de 300 kil\u00f3metros en la provincia de C\u00e1ceres atravesando dehesas, llanuras y sierras, con el objetivo de conocer sobre el terreno la realidad socioambiental de la regi\u00f3n, as\u00ed como apoyar las iniciativas locales en defensa del territorio. La ruta dar\u00e1 comienzo el pr\u00f3ximo s\u00e1bado 28 de marzo en C\u00e1ceres y finalizar\u00e1 el s\u00e1bado 5 de abril en Plasencia.<\/p>\n<p>La organizaci\u00f3n ecologista se\u00f1ala que Extremadura es uno de los territorios m\u00e1s afectados por las din\u00e1micas extractivas, hist\u00f3ricamente tratado como periferia y zona de sacrificio. En este sentido, la Ecomarcha pondr\u00e1 el foco en los impactos de proyectos energ\u00e9ticos, mineros e industriales impulsados por grandes empresas, que contribuyen al vaciamiento rural y a la degradaci\u00f3n ambiental.<\/p>\n<p>A lo largo del recorrido, se visitar\u00e1n espacios de alto valor ecol\u00f3gico como los Llanos de C\u00e1ceres, el entorno de Los Barruecos o las riberas de los r\u00edos Tajo y Alag\u00f3n, as\u00ed como enclaves marcados por conflictos socioambientales y procesos de resistencia ciudadana.<\/p>\n<p>Ecologistas en Acci\u00f3n destaca el papel de las plataformas vecinales y colectivos sociales extreme\u00f1os que, en las \u00faltimas d\u00e9cadas, han logrado frenar proyectos como centrales nucleares, refiner\u00edas o explotaciones mineras. Estas experiencias ser\u00e1n uno de los ejes de la Ecomarcha, que busca visibilizar alternativas y fortalecer alianzas entre movimientos.<\/p>\n<p>Asimismo, la organizaci\u00f3n ecologista advierte del avance de un modelo de transici\u00f3n energ\u00e9tica que califica de \u201cextractivismo verde\u201d, con la expansi\u00f3n de macroinstalaciones renovables y proyectos mineros asociados, y reclama un modelo energ\u00e9tico justo, descentralizado y basado en la reducci\u00f3n del consumo.<\/p>\n<p>La Ecomarcha incluir\u00e1 encuentros con colectivos locales, charlas y actividades abiertas, consolid\u00e1ndose como un espacio de intercambio, denuncia y construcci\u00f3n de propuestas para una transici\u00f3n ecol\u00f3gica socialmente justa.<\/p>\n<p>Lucas Barrero, coordinador de Ecomarcha Primavera 2026, ha declarado: \u201cCon esta nueva edici\u00f3n de nuestra ruta en bicicleta, Ecologistas en Acci\u00f3n queremos contribuir a desmontar los t\u00f3picos sobre Extremadura, a se\u00f1alar los problemas socioambientales que le amenazan, y a poner en valor la riqueza natural, cultural y social del territorio, as\u00ed como las luchas que lo defienden\u201d.<\/p>\n<p>Julio C\u00e9sar Pintos, portavoz de Ecologistas en Acci\u00f3n Extremadura, ha a\u00f1adido: \u201cExtremadura es una tierra rica en biodiversidad, cultura y saberes ligados al territorio, pero tambi\u00e9n profundamente castigada por un modelo econ\u00f3mico que hist\u00f3ricamente la ha tratado como un lugar de extracci\u00f3n y sacrificio. Frente a ello, las comunidades locales llevan d\u00e9cadas organiz\u00e1ndose y defendiendo su tierra, demostrando que hay alternativas basadas en el cuidado del territorio, la justicia social y la sostenibilidad. Esta Ecomarcha es una oportunidad para visibilizar esas luchas, tejer alianzas y reivindicar un futuro digno para el medio rural extreme\u00f1o\u201d.<\/p>\n<p>La Ecomarcha Primavera 2026 invita a periodistas que lo deseen a unirse a una o varias etapas de la ruta ciclista y conocer de primera mano esta propuesta.<\/p>\n<p>Informaci\u00f3n de la <a href=\"https:\/\/www.ecologistasenaccion.org\/357802\/ecomarcha-primavera-2026\/\">Ecomarcha primavera 2026<\/a><\/p>","protected":false},"excerpt":{"rendered":"<p>Arranca en C\u00e1ceres la Ecomarcha Primavera 2026 bajo el lema \u201c\u00a1Extremadura rural viva! \u00a1Agila!\u201d La marcha ciclista de Ecologistas en Acci\u00f3n recorrer\u00e1 cerca de 250 kil\u00f3metros por Extremadura entre el 28 de marzo y el 5 de abril. A lo largo de siete d\u00edas, denunciar\u00e1 los principales conflictos socioambientales del territorio, como los impactos de [&hellip;]<\/p>\n","protected":false},"author":1,"featured_media":78908,"comment_status":"closed","ping_status":"closed","sticky":false,"template":"","format":"standard","meta":{"_acf_changed":false,"footnotes":""},"categories":[2711],"tags":[2478,2466],"class_list":["post-78907","post","type-post","status-publish","format-standard","has-post-thumbnail","hentry","category-emergencia-climatica","tag-ecologia","tag-espana"],"acf":[],"yoast_head":"<!-- This site is optimized with the Yoast SEO plugin v27.4 - https:\/\/yoast.com\/product\/yoast-seo-wordpress\/ -->\n<title>Arranca en C\u00e1ceres la Ecomarcha Primavera 2026 - DLVRADIO<\/title>\n<meta name=\"description\" content=\"Arranca en C\u00e1ceres la Ecomarcha Primavera 2026 bajo el lema \u201c\u00a1Extremadura rural viva! \u00a1Agila!\u201d La marcha ciclista de Ecologistas en Acci\u00f3n recorrer\u00e1 cerca\" \/>\n<meta name=\"robots\" content=\"index, follow, max-snippet:-1, max-image-preview:large, max-video-preview:-1\" \/>\n<link rel=\"canonical\" href=\"https:\/\/dlvradio.es\/en\/arranca-en-caceres-la-ecomarcha-primavera-2026\/\" \/>\n<meta property=\"og:locale\" content=\"en_US\" \/>\n<meta property=\"og:type\" content=\"article\" \/>\n<meta property=\"og:title\" content=\"Arranca en C\u00e1ceres la Ecomarcha Primavera 2026 - DLVRADIO\" \/>\n<meta property=\"og:description\" content=\"Arranca en C\u00e1ceres la Ecomarcha Primavera 2026 bajo el lema \u201c\u00a1Extremadura rural viva! \u00a1Agila!\u201d La marcha ciclista de Ecologistas en Acci\u00f3n recorrer\u00e1 cerca\" \/>\n<meta property=\"og:url\" content=\"https:\/\/dlvradio.es\/en\/arranca-en-caceres-la-ecomarcha-primavera-2026\/\" \/>\n<meta property=\"og:site_name\" content=\"DLVRADIO\" \/>\n<meta property=\"article:publisher\" content=\"https:\/\/www.facebook.com\/RadioDLVradio\/\" \/>\n<meta property=\"article:published_time\" content=\"2026-03-27T19:32:04+00:00\" \/>\n<meta property=\"article:modified_time\" content=\"2026-03-27T19:38:46+00:00\" \/>\n<meta property=\"og:image\" content=\"https:\/\/dlvradio.es\/wp-content\/uploads\/2026\/03\/Ecomarcha-Primavera-2026.png\" \/>\n\t<meta property=\"og:image:width\" content=\"640\" \/>\n\t<meta property=\"og:image:height\" content=\"400\" \/>\n\t<meta property=\"og:image:type\" content=\"image\/png\" \/>\n<meta name=\"author\" content=\"doominio\" \/>\n<meta name=\"twitter:card\" content=\"summary_large_image\" \/>\n<meta name=\"twitter:creator\" content=\"@RadioDlvradio\" \/>\n<meta name=\"twitter:site\" content=\"@RadioDlvradio\" \/>\n<script type=\"application\/ld+json\" class=\"yoast-schema-graph\">{\"@context\":\"https:\\\/\\\/schema.org\",\"@graph\":[{\"@type\":\"Article\",\"@id\":\"https:\\\/\\\/dlvradio.es\\\/arranca-en-caceres-la-ecomarcha-primavera-2026\\\/#article\",\"isPartOf\":{\"@id\":\"https:\\\/\\\/dlvradio.es\\\/arranca-en-caceres-la-ecomarcha-primavera-2026\\\/\"},\"author\":{\"name\":\"doominio\",\"@id\":\"https:\\\/\\\/dlvradio.es\\\/#\\\/schema\\\/person\\\/6ee60897fbb7fb4ad6634c73f4be87fa\"},\"headline\":\"Arranca en C\u00e1ceres la Ecomarcha Primavera 2026\",\"datePublished\":\"2026-03-27T19:32:04+00:00\",\"dateModified\":\"2026-03-27T19:38:46+00:00\",\"mainEntityOfPage\":{\"@id\":\"https:\\\/\\\/dlvradio.es\\\/arranca-en-caceres-la-ecomarcha-primavera-2026\\\/\"},\"wordCount\":654,\"publisher\":{\"@id\":\"https:\\\/\\\/dlvradio.es\\\/#organization\"},\"image\":{\"@id\":\"https:\\\/\\\/dlvradio.es\\\/arranca-en-caceres-la-ecomarcha-primavera-2026\\\/#primaryimage\"},\"thumbnailUrl\":\"https:\\\/\\\/dlvradio.es\\\/wp-content\\\/uploads\\\/2026\\\/03\\\/Ecomarcha-Primavera-2026.png\",\"keywords\":[\"ecolog\u00eda\",\"Espa\u00f1a\"],\"articleSection\":[\"Emergencia clim\u00e1tica\"],\"inLanguage\":\"en-US\"},{\"@type\":\"WebPage\",\"@id\":\"https:\\\/\\\/dlvradio.es\\\/arranca-en-caceres-la-ecomarcha-primavera-2026\\\/\",\"url\":\"https:\\\/\\\/dlvradio.es\\\/arranca-en-caceres-la-ecomarcha-primavera-2026\\\/\",\"name\":\"Arranca en C\u00e1ceres la Ecomarcha Primavera 2026 - DLVRADIO\",\"isPartOf\":{\"@id\":\"https:\\\/\\\/dlvradio.es\\\/#website\"},\"primaryImageOfPage\":{\"@id\":\"https:\\\/\\\/dlvradio.es\\\/arranca-en-caceres-la-ecomarcha-primavera-2026\\\/#primaryimage\"},\"image\":{\"@id\":\"https:\\\/\\\/dlvradio.es\\\/arranca-en-caceres-la-ecomarcha-primavera-2026\\\/#primaryimage\"},\"thumbnailUrl\":\"https:\\\/\\\/dlvradio.es\\\/wp-content\\\/uploads\\\/2026\\\/03\\\/Ecomarcha-Primavera-2026.png\",\"datePublished\":\"2026-03-27T19:32:04+00:00\",\"dateModified\":\"2026-03-27T19:38:46+00:00\",\"description\":\"Arranca en C\u00e1ceres la Ecomarcha Primavera 2026 bajo el lema \u201c\u00a1Extremadura rural viva! \u00a1Agila!\u201d La marcha ciclista de Ecologistas en Acci\u00f3n recorrer\u00e1 cerca\",\"breadcrumb\":{\"@id\":\"https:\\\/\\\/dlvradio.es\\\/arranca-en-caceres-la-ecomarcha-primavera-2026\\\/#breadcrumb\"},\"inLanguage\":\"en-US\",\"potentialAction\":[{\"@type\":\"ReadAction\",\"target\":[\"https:\\\/\\\/dlvradio.es\\\/arranca-en-caceres-la-ecomarcha-primavera-2026\\\/\"]}]},{\"@type\":\"ImageObject\",\"inLanguage\":\"en-US\",\"@id\":\"https:\\\/\\\/dlvradio.es\\\/arranca-en-caceres-la-ecomarcha-primavera-2026\\\/#primaryimage\",\"url\":\"https:\\\/\\\/dlvradio.es\\\/wp-content\\\/uploads\\\/2026\\\/03\\\/Ecomarcha-Primavera-2026.png\",\"contentUrl\":\"https:\\\/\\\/dlvradio.es\\\/wp-content\\\/uploads\\\/2026\\\/03\\\/Ecomarcha-Primavera-2026.png\",\"width\":640,\"height\":400},{\"@type\":\"BreadcrumbList\",\"@id\":\"https:\\\/\\\/dlvradio.es\\\/arranca-en-caceres-la-ecomarcha-primavera-2026\\\/#breadcrumb\",\"itemListElement\":[{\"@type\":\"ListItem\",\"position\":1,\"name\":\"Inicio\",\"item\":\"https:\\\/\\\/dlvradio.es\\\/\"},{\"@type\":\"ListItem\",\"position\":2,\"name\":\"Arranca en C\u00e1ceres la Ecomarcha Primavera 2026\"}]},{\"@type\":\"WebSite\",\"@id\":\"https:\\\/\\\/dlvradio.es\\\/#website\",\"url\":\"https:\\\/\\\/dlvradio.es\\\/\",\"name\":\"DLVRADIO\",\"description\":\"Somos un medio de comunicaci\u00f3n alternativo a los medios tradicionales\",\"publisher\":{\"@id\":\"https:\\\/\\\/dlvradio.es\\\/#organization\"},\"potentialAction\":[{\"@type\":\"SearchAction\",\"target\":{\"@type\":\"EntryPoint\",\"urlTemplate\":\"https:\\\/\\\/dlvradio.es\\\/?s={search_term_string}\"},\"query-input\":{\"@type\":\"PropertyValueSpecification\",\"valueRequired\":true,\"valueName\":\"search_term_string\"}}],\"inLanguage\":\"en-US\"},{\"@type\":\"Organization\",\"@id\":\"https:\\\/\\\/dlvradio.es\\\/#organization\",\"name\":\"DLVRADIO\",\"url\":\"https:\\\/\\\/dlvradio.es\\\/\",\"logo\":{\"@type\":\"ImageObject\",\"inLanguage\":\"en-US\",\"@id\":\"https:\\\/\\\/dlvradio.es\\\/#\\\/schema\\\/logo\\\/image\\\/\",\"url\":\"\",\"contentUrl\":\"\",\"caption\":\"DLVRADIO\"},\"image\":{\"@id\":\"https:\\\/\\\/dlvradio.es\\\/#\\\/schema\\\/logo\\\/image\\\/\"},\"sameAs\":[\"https:\\\/\\\/www.facebook.com\\\/RadioDLVradio\\\/\",\"https:\\\/\\\/x.com\\\/RadioDlvradio\",\"https:\\\/\\\/www.instagram.com\\\/radiodlvradio\\\/\"]},{\"@type\":\"Person\",\"@id\":\"https:\\\/\\\/dlvradio.es\\\/#\\\/schema\\\/person\\\/6ee60897fbb7fb4ad6634c73f4be87fa\",\"name\":\"doominio\",\"sameAs\":[\"https:\\\/\\\/dlvradio.es\"]}]}<\/script>\n<!-- \/ Yoast SEO plugin. -->","yoast_head_json":{"title":"Arranca en C\u00e1ceres la Ecomarcha Primavera 2026 - DLVRADIO","description":"Arranca en C\u00e1ceres la Ecomarcha Primavera 2026 bajo el lema \u201c\u00a1Extremadura rural viva! \u00a1Agila!\u201d La marcha ciclista de Ecologistas en Acci\u00f3n recorrer\u00e1 cerca","robots":{"index":"index","follow":"follow","max-snippet":"max-snippet:-1","max-image-preview":"max-image-preview:large","max-video-preview":"max-video-preview:-1"},"canonical":"https:\/\/dlvradio.es\/en\/arranca-en-caceres-la-ecomarcha-primavera-2026\/","og_locale":"en_US","og_type":"article","og_title":"Arranca en C\u00e1ceres la Ecomarcha Primavera 2026 - DLVRADIO","og_description":"Arranca en C\u00e1ceres la Ecomarcha Primavera 2026 bajo el lema \u201c\u00a1Extremadura rural viva! \u00a1Agila!\u201d La marcha ciclista de Ecologistas en Acci\u00f3n recorrer\u00e1 cerca","og_url":"https:\/\/dlvradio.es\/en\/arranca-en-caceres-la-ecomarcha-primavera-2026\/","og_site_name":"DLVRADIO","article_publisher":"https:\/\/www.facebook.com\/RadioDLVradio\/","article_published_time":"2026-03-27T19:32:04+00:00","article_modified_time":"2026-03-27T19:38:46+00:00","og_image":[{"width":640,"height":400,"url":"https:\/\/dlvradio.es\/wp-content\/uploads\/2026\/03\/Ecomarcha-Primavera-2026.png","type":"image\/png"}],"author":"doominio","twitter_card":"summary_large_image","twitter_creator":"@RadioDlvradio","twitter_site":"@RadioDlvradio","schema":{"@context":"https:\/\/schema.org","@graph":[{"@type":"Article","@id":"https:\/\/dlvradio.es\/arranca-en-caceres-la-ecomarcha-primavera-2026\/#article","isPartOf":{"@id":"https:\/\/dlvradio.es\/arranca-en-caceres-la-ecomarcha-primavera-2026\/"},"author":{"name":"doominio","@id":"https:\/\/dlvradio.es\/#\/schema\/person\/6ee60897fbb7fb4ad6634c73f4be87fa"},"headline":"Arranca en C\u00e1ceres la Ecomarcha Primavera 2026","datePublished":"2026-03-27T19:32:04+00:00","dateModified":"2026-03-27T19:38:46+00:00","mainEntityOfPage":{"@id":"https:\/\/dlvradio.es\/arranca-en-caceres-la-ecomarcha-primavera-2026\/"},"wordCount":654,"publisher":{"@id":"https:\/\/dlvradio.es\/#organization"},"image":{"@id":"https:\/\/dlvradio.es\/arranca-en-caceres-la-ecomarcha-primavera-2026\/#primaryimage"},"thumbnailUrl":"https:\/\/dlvradio.es\/wp-content\/uploads\/2026\/03\/Ecomarcha-Primavera-2026.png","keywords":["ecolog\u00eda","Espa\u00f1a"],"articleSection":["Emergencia clim\u00e1tica"],"inLanguage":"en-US"},{"@type":"WebPage","@id":"https:\/\/dlvradio.es\/arranca-en-caceres-la-ecomarcha-primavera-2026\/","url":"https:\/\/dlvradio.es\/arranca-en-caceres-la-ecomarcha-primavera-2026\/","name":"Arranca en C\u00e1ceres la Ecomarcha Primavera 2026 - DLVRADIO","isPartOf":{"@id":"https:\/\/dlvradio.es\/#website"},"primaryImageOfPage":{"@id":"https:\/\/dlvradio.es\/arranca-en-caceres-la-ecomarcha-primavera-2026\/#primaryimage"},"image":{"@id":"https:\/\/dlvradio.es\/arranca-en-caceres-la-ecomarcha-primavera-2026\/#primaryimage"},"thumbnailUrl":"https:\/\/dlvradio.es\/wp-content\/uploads\/2026\/03\/Ecomarcha-Primavera-2026.png","datePublished":"2026-03-27T19:32:04+00:00","dateModified":"2026-03-27T19:38:46+00:00","description":"Arranca en C\u00e1ceres la Ecomarcha Primavera 2026 bajo el lema \u201c\u00a1Extremadura rural viva! \u00a1Agila!\u201d La marcha ciclista de Ecologistas en Acci\u00f3n recorrer\u00e1 cerca","breadcrumb":{"@id":"https:\/\/dlvradio.es\/arranca-en-caceres-la-ecomarcha-primavera-2026\/#breadcrumb"},"inLanguage":"en-US","potentialAction":[{"@type":"ReadAction","target":["https:\/\/dlvradio.es\/arranca-en-caceres-la-ecomarcha-primavera-2026\/"]}]},{"@type":"ImageObject","inLanguage":"en-US","@id":"https:\/\/dlvradio.es\/arranca-en-caceres-la-ecomarcha-primavera-2026\/#primaryimage","url":"https:\/\/dlvradio.es\/wp-content\/uploads\/2026\/03\/Ecomarcha-Primavera-2026.png","contentUrl":"https:\/\/dlvradio.es\/wp-content\/uploads\/2026\/03\/Ecomarcha-Primavera-2026.png","width":640,"height":400},{"@type":"BreadcrumbList","@id":"https:\/\/dlvradio.es\/arranca-en-caceres-la-ecomarcha-primavera-2026\/#breadcrumb","itemListElement":[{"@type":"ListItem","position":1,"name":"Inicio","item":"https:\/\/dlvradio.es\/"},{"@type":"ListItem","position":2,"name":"Arranca en C\u00e1ceres la Ecomarcha Primavera 2026"}]},{"@type":"WebSite","@id":"https:\/\/dlvradio.es\/#website","url":"https:\/\/dlvradio.es\/","name":"DLVRADIO","description":"We are an alternative media to traditional media","publisher":{"@id":"https:\/\/dlvradio.es\/#organization"},"potentialAction":[{"@type":"SearchAction","target":{"@type":"EntryPoint","urlTemplate":"https:\/\/dlvradio.es\/?s={search_term_string}"},"query-input":{"@type":"PropertyValueSpecification","valueRequired":true,"valueName":"search_term_string"}}],"inLanguage":"en-US"},{"@type":"Organization","@id":"https:\/\/dlvradio.es\/#organization","name":"DLVRADIO","url":"https:\/\/dlvradio.es\/","logo":{"@type":"ImageObject","inLanguage":"en-US","@id":"https:\/\/dlvradio.es\/#\/schema\/logo\/image\/","url":"","contentUrl":"","caption":"DLVRADIO"},"image":{"@id":"https:\/\/dlvradio.es\/#\/schema\/logo\/image\/"},"sameAs":["https:\/\/www.facebook.com\/RadioDLVradio\/","https:\/\/x.com\/RadioDlvradio","https:\/\/www.instagram.com\/radiodlvradio\/"]},{"@type":"Person","@id":"https:\/\/dlvradio.es\/#\/schema\/person\/6ee60897fbb7fb4ad6634c73f4be87fa","name":"doominio","sameAs":["https:\/\/dlvradio.es"]}]}},"_links":{"self":[{"href":"https:\/\/dlvradio.es\/en\/wp-json\/wp\/v2\/posts\/78907","targetHints":{"allow":["GET"]}}],"collection":[{"href":"https:\/\/dlvradio.es\/en\/wp-json\/wp\/v2\/posts"}],"about":[{"href":"https:\/\/dlvradio.es\/en\/wp-json\/wp\/v2\/types\/post"}],"author":[{"embeddable":true,"href":"https:\/\/dlvradio.es\/en\/wp-json\/wp\/v2\/users\/1"}],"replies":[{"embeddable":true,"href":"https:\/\/dlvradio.es\/en\/wp-json\/wp\/v2\/comments?post=78907"}],"version-history":[{"count":3,"href":"https:\/\/dlvradio.es\/en\/wp-json\/wp\/v2\/posts\/78907\/revisions"}],"predecessor-version":[{"id":78911,"href":"https:\/\/dlvradio.es\/en\/wp-json\/wp\/v2\/posts\/78907\/revisions\/78911"}],"wp:featuredmedia":[{"embeddable":true,"href":"https:\/\/dlvradio.es\/en\/wp-json\/wp\/v2\/media\/78908"}],"wp:attachment":[{"href":"https:\/\/dlvradio.es\/en\/wp-json\/wp\/v2\/media?parent=78907"}],"wp:term":[{"taxonomy":"category","embeddable":true,"href":"https:\/\/dlvradio.es\/en\/wp-json\/wp\/v2\/categories?post=78907"},{"taxonomy":"post_tag","embeddable":true,"href":"https:\/\/dlvradio.es\/en\/wp-json\/wp\/v2\/tags?post=78907"}],"curies":[{"name":"wp","href":"https:\/\/api.w.org\/{rel}","templated":true}]}}