{"id":78912,"date":"2026-03-27T21:26:49","date_gmt":"2026-03-27T20:26:49","guid":{"rendered":"https:\/\/dlvradio.es\/?p=78912"},"modified":"2026-03-27T21:26:49","modified_gmt":"2026-03-27T20:26:49","slug":"una-veintena-de-organizaciones-se-moviliza-en-todo-el-mundo","status":"publish","type":"post","link":"https:\/\/dlvradio.es\/en\/una-veintena-de-organizaciones-se-moviliza-en-todo-el-mundo\/","title":{"rendered":"Una veintena de organizaciones se moviliza en todo el mundo"},"content":{"rendered":"<p><iframe src=\"https:\/\/www.ivoox.com\/player_ej_170902803_6_1.html?c1=0ebeb7\" width=\"100%\" height=\"200\" frameborder=\"0\" scrolling=\"no\" allowfullscreen=\"allowfullscreen\"><\/iframe><\/p>\n<h3><strong>Una veintena de organizaciones se moviliza en todo el mundo para exigir a los accionistas del Santander que act\u00faen ante el aumento de la financiaci\u00f3n del banco a los combustibles f\u00f3siles<\/strong><\/h3>\n<ul>\n<li><strong><em>La campa\u00f1a denuncia el retroceso en los compromisos clim\u00e1ticos del banco y lleva la presi\u00f3n a las calles de Madrid con un autob\u00fas que circula por las principales arterias de la ciudad.<\/em><\/strong><\/li>\n<li><strong><em>La entidad bancaria ha incrementado su financiaci\u00f3n al sector f\u00f3sil a 48.276 millones de d\u00f3lares entre 2021 y 2024. Es el banco que m\u00e1s proyectos f\u00f3siles financia en Latinoam\u00e9rica y el Caribe.<\/em><\/strong><\/li>\n<li><strong><em>El Santander encabeza el ranking de bancos del Estado espa\u00f1ol que financian la industria militar, con 2.869 millones de euros invertidos solo en 2022-2024.<\/em><\/strong><\/li>\n<li><strong><em>Con una aportaci\u00f3n de m\u00e1s de 15.000 millones de euros, es el sexto banco de Europa que m\u00e1s contribuye a financiar empresas vinculadas a la ocupaci\u00f3n ilegal en Palestina y que suministran armas al Estado genocida de Israel.<\/em><\/strong><\/li>\n<li><strong><em>El Santander tambi\u00e9n financia la destrucci\u00f3n de la biodiversidad, invirtiendo m\u00e1s de 11.000 millones en proyectos que provocan deforestaci\u00f3n.<\/em><\/strong><\/li>\n<\/ul>\n<p>M\u00e1s de 20 organizaciones de la sociedad civil han enviado una carta a los 80 principales accionistas del Banco Santander para reclamarles que act\u00faen ante el aumento de la financiaci\u00f3n del banco a combustibles f\u00f3siles y el debilitamiento de sus compromisos clim\u00e1ticos.<\/p>\n<p>La iniciativa se produjo en v\u00edsperas de la Junta General de Accionistas de la entidad que se celebra hoy viernes 27 de marzo, y busca situar el foco en la responsabilidad de quienes tienen capacidad de influir sobre la direcci\u00f3n del banco. En la carta, las organizaciones alertan de que el Santander ha dado pasos atr\u00e1s en sus pol\u00edticas ambientales al eliminar restricciones en la financiaci\u00f3n de combustibles f\u00f3siles como el petr\u00f3leo, el gas e incluso el carb\u00f3n, rebajando sus compromisos clim\u00e1ticos y manteniendo su apoyo financiero a actividades incompatibles con una transici\u00f3n energ\u00e9tica real y con la lucha frente a la crisis clim\u00e1tica.<\/p>\n<p>Seg\u00fan denuncian las entidades firmantes, el Banco Santander ha incrementado de forma muy significativa su financiaci\u00f3n al sector f\u00f3sil en los \u00faltimos a\u00f1os, destinando 48.276 millones de d\u00f3lares a combustibles f\u00f3siles solo entre 2021 y 2024 y situ\u00e1ndose como uno de los bancos que m\u00e1s financian el sector f\u00f3sil a nivel mundial. Mientras, el Banco Santander mantiene un discurso p\u00fablico de compromiso con la sostenibilidad y la acci\u00f3n clim\u00e1tica que no se corresponde con lo que muestran los datos. Para las organizaciones, esta contradicci\u00f3n no solo agrava la crisis clim\u00e1tica, sino que tambi\u00e9n expone al banco y a sus accionistas a riesgos reputacionales, regulatorios y financieros cada vez mayores.<\/p>\n<p>\u201cEs inaceptable que una entidad como Banco Santander contin\u00fae lucr\u00e1ndose a costa del futuro de todas. Exigimos que deje de utilizar el dinero de las personas trabajadoras \u2014que depositan sus ahorros y su confianza en el banco\u2014 para financiar la expansi\u00f3n de los combustibles f\u00f3siles. El Santander est\u00e1 contribuyendo a sostener proyectos que impulsan la destrucci\u00f3n del planeta\u201d, han se\u00f1alado las organizaciones.<\/p>\n<p>Las organizaciones tambi\u00e9n advierten de los impactos ambientales y sociales asociados a proyectos financiados por el banco en distintos territorios, con consecuencias muy graves sobre los ecosistemas, la biodiversidad, las comunidades locales y los derechos humanos. Destacan algunos proyectos financiados y apoyados por el Santander como el megaproyecto de gas f\u00f3sil de Saguaro Energ\u00eda en M\u00e9xico, el oleoducto de Vaca Muerta Oil Sur en Argentina, el proyecto de exportaci\u00f3n de gas f\u00f3sil Rio Grande LNG de NextDecade en el sur de Texas, la expansi\u00f3n de la refiner\u00eda Talara de Petroper\u00fa en el norte del Per\u00fa, o las perforaciones exploratorias de Petrobras en la desembocadura del Amazonas. Por ello, las organizaciones reclaman a los accionistas que no miren hacia otro lado y exijan a la entidad medidas concretas para frenar esta deriva.<\/p>\n<p>Entre otras demandas, las organizaciones subrayan que el banco debe incluir en sus pol\u00edticas el compromiso para eliminar la financiaci\u00f3n directa e indirecta de nuevas operaciones y proyectos de petr\u00f3leo y gas, restaurar las restricciones clim\u00e1ticas eliminadas en relaci\u00f3n al carb\u00f3n, incluir objetivos verificables y alinear la actividad financiera del banco con sus compromisos p\u00fablicos. Tambi\u00e9n reclaman a los inversores que asuman su responsabilidad ante una estrategia que consideran incompatible con la urgencia clim\u00e1tica actual. Sus propios accionistas y clientes ya est\u00e1n sufriendo la crisis clim\u00e1tica que el Santander empeora con sus pol\u00edticas actuales, al sufrir las inundaciones, incendios, sequ\u00edas y olas de calor que el cambio clim\u00e1tico hace m\u00e1s graves y destructivas.<\/p>\n<p>La campa\u00f1a se ha trasladado al espacio p\u00fablico en Madrid con un autob\u00fas que denuncia que la entidad financiera se \u201clucra por encima del futuro de todas\u201d recorriendo las principales arterias de la ciudad. Adem\u00e1s, dinosaurios y orangutanes toman las calles para se\u00f1alar el papel del Banco Santander en la financiaci\u00f3n de combustibles f\u00f3siles, el genocidio en Palestina y la deforestaci\u00f3n, reforzando la presi\u00f3n social durante la junta de accionistas.<\/p>\n<p>Todas estas acciones tienen el objetivo de denunciar las pol\u00edticas y falta de compromisos reales del Banco Santander y exigir una respuesta clara ante el deterioro de sus pol\u00edticas clim\u00e1ticas y sus crecientes operaciones y exposici\u00f3n al negocio f\u00f3sil.<\/p>","protected":false},"excerpt":{"rendered":"<p>Una veintena de organizaciones se moviliza en todo el mundo para exigir a los accionistas del Santander que act\u00faen ante el aumento de la financiaci\u00f3n del banco a los combustibles f\u00f3siles La campa\u00f1a denuncia el retroceso en los compromisos clim\u00e1ticos del banco y lleva la presi\u00f3n a las calles de Madrid con un autob\u00fas que [&hellip;]<\/p>\n","protected":false},"author":1,"featured_media":78913,"comment_status":"closed","ping_status":"closed","sticky":false,"template":"","format":"standard","meta":{"_acf_changed":false,"footnotes":""},"categories":[2711,2593],"tags":[2478,2507,2608],"class_list":["post-78912","post","type-post","status-publish","format-standard","has-post-thumbnail","hentry","category-emergencia-climatica","category-internacional","tag-ecologia","tag-internacional","tag-union-europea"],"acf":[],"yoast_head":"<!-- This site is optimized with the Yoast SEO plugin v27.4 - https:\/\/yoast.com\/product\/yoast-seo-wordpress\/ -->\n<title>Una veintena de organizaciones se moviliza en todo el mundo - DLVRADIO<\/title>\n<meta name=\"description\" content=\"Una veintena de organizaciones se moviliza en todo el mundo para exigir a los accionistas del Santander que act\u00faen ante el aumento de la financiaci\u00f3n del\" \/>\n<meta name=\"robots\" content=\"index, follow, max-snippet:-1, max-image-preview:large, max-video-preview:-1\" \/>\n<link rel=\"canonical\" href=\"https:\/\/dlvradio.es\/en\/una-veintena-de-organizaciones-se-moviliza-en-todo-el-mundo\/\" \/>\n<meta property=\"og:locale\" content=\"en_US\" \/>\n<meta property=\"og:type\" content=\"article\" \/>\n<meta property=\"og:title\" content=\"Una veintena de organizaciones se moviliza en todo el mundo - DLVRADIO\" \/>\n<meta property=\"og:description\" content=\"Una veintena de organizaciones se moviliza en todo el mundo para exigir a los accionistas del Santander que act\u00faen ante el aumento de la financiaci\u00f3n del\" \/>\n<meta property=\"og:url\" content=\"https:\/\/dlvradio.es\/en\/una-veintena-de-organizaciones-se-moviliza-en-todo-el-mundo\/\" \/>\n<meta property=\"og:site_name\" content=\"DLVRADIO\" \/>\n<meta property=\"article:publisher\" content=\"https:\/\/www.facebook.com\/RadioDLVradio\/\" \/>\n<meta property=\"article:published_time\" content=\"2026-03-27T20:26:49+00:00\" \/>\n<meta property=\"og:image\" content=\"https:\/\/dlvradio.es\/wp-content\/uploads\/2026\/03\/dlvradio-1500-x-1500-px-1024x1024.png\" \/>\n\t<meta property=\"og:image:width\" content=\"1024\" \/>\n\t<meta property=\"og:image:height\" content=\"1024\" \/>\n\t<meta property=\"og:image:type\" content=\"image\/png\" \/>\n<meta name=\"author\" content=\"doominio\" \/>\n<meta name=\"twitter:card\" content=\"summary_large_image\" \/>\n<meta name=\"twitter:creator\" content=\"@RadioDlvradio\" \/>\n<meta name=\"twitter:site\" content=\"@RadioDlvradio\" \/>\n<script type=\"application\/ld+json\" class=\"yoast-schema-graph\">{\"@context\":\"https:\\\/\\\/schema.org\",\"@graph\":[{\"@type\":\"Article\",\"@id\":\"https:\\\/\\\/dlvradio.es\\\/una-veintena-de-organizaciones-se-moviliza-en-todo-el-mundo\\\/#article\",\"isPartOf\":{\"@id\":\"https:\\\/\\\/dlvradio.es\\\/una-veintena-de-organizaciones-se-moviliza-en-todo-el-mundo\\\/\"},\"author\":{\"name\":\"doominio\",\"@id\":\"https:\\\/\\\/dlvradio.es\\\/#\\\/schema\\\/person\\\/6ee60897fbb7fb4ad6634c73f4be87fa\"},\"headline\":\"Una veintena de organizaciones se moviliza en todo el mundo\",\"datePublished\":\"2026-03-27T20:26:49+00:00\",\"mainEntityOfPage\":{\"@id\":\"https:\\\/\\\/dlvradio.es\\\/una-veintena-de-organizaciones-se-moviliza-en-todo-el-mundo\\\/\"},\"wordCount\":941,\"publisher\":{\"@id\":\"https:\\\/\\\/dlvradio.es\\\/#organization\"},\"image\":{\"@id\":\"https:\\\/\\\/dlvradio.es\\\/una-veintena-de-organizaciones-se-moviliza-en-todo-el-mundo\\\/#primaryimage\"},\"thumbnailUrl\":\"https:\\\/\\\/dlvradio.es\\\/wp-content\\\/uploads\\\/2026\\\/03\\\/dlvradio-1500-x-1500-px.png\",\"keywords\":[\"ecolog\u00eda\",\"internacional\",\"uni\u00f3n europea\"],\"articleSection\":[\"Emergencia clim\u00e1tica\",\"Internacional\"],\"inLanguage\":\"en-US\"},{\"@type\":\"WebPage\",\"@id\":\"https:\\\/\\\/dlvradio.es\\\/una-veintena-de-organizaciones-se-moviliza-en-todo-el-mundo\\\/\",\"url\":\"https:\\\/\\\/dlvradio.es\\\/una-veintena-de-organizaciones-se-moviliza-en-todo-el-mundo\\\/\",\"name\":\"Una veintena de organizaciones se moviliza en todo el mundo - DLVRADIO\",\"isPartOf\":{\"@id\":\"https:\\\/\\\/dlvradio.es\\\/#website\"},\"primaryImageOfPage\":{\"@id\":\"https:\\\/\\\/dlvradio.es\\\/una-veintena-de-organizaciones-se-moviliza-en-todo-el-mundo\\\/#primaryimage\"},\"image\":{\"@id\":\"https:\\\/\\\/dlvradio.es\\\/una-veintena-de-organizaciones-se-moviliza-en-todo-el-mundo\\\/#primaryimage\"},\"thumbnailUrl\":\"https:\\\/\\\/dlvradio.es\\\/wp-content\\\/uploads\\\/2026\\\/03\\\/dlvradio-1500-x-1500-px.png\",\"datePublished\":\"2026-03-27T20:26:49+00:00\",\"description\":\"Una veintena de organizaciones se moviliza en todo el mundo para exigir a los accionistas del Santander que act\u00faen ante el aumento de la financiaci\u00f3n del\",\"breadcrumb\":{\"@id\":\"https:\\\/\\\/dlvradio.es\\\/una-veintena-de-organizaciones-se-moviliza-en-todo-el-mundo\\\/#breadcrumb\"},\"inLanguage\":\"en-US\",\"potentialAction\":[{\"@type\":\"ReadAction\",\"target\":[\"https:\\\/\\\/dlvradio.es\\\/una-veintena-de-organizaciones-se-moviliza-en-todo-el-mundo\\\/\"]}]},{\"@type\":\"ImageObject\",\"inLanguage\":\"en-US\",\"@id\":\"https:\\\/\\\/dlvradio.es\\\/una-veintena-de-organizaciones-se-moviliza-en-todo-el-mundo\\\/#primaryimage\",\"url\":\"https:\\\/\\\/dlvradio.es\\\/wp-content\\\/uploads\\\/2026\\\/03\\\/dlvradio-1500-x-1500-px.png\",\"contentUrl\":\"https:\\\/\\\/dlvradio.es\\\/wp-content\\\/uploads\\\/2026\\\/03\\\/dlvradio-1500-x-1500-px.png\",\"width\":1500,\"height\":1500,\"caption\":\"Una veintena de organizaciones se moviliza en todo el mundo\"},{\"@type\":\"BreadcrumbList\",\"@id\":\"https:\\\/\\\/dlvradio.es\\\/una-veintena-de-organizaciones-se-moviliza-en-todo-el-mundo\\\/#breadcrumb\",\"itemListElement\":[{\"@type\":\"ListItem\",\"position\":1,\"name\":\"Inicio\",\"item\":\"https:\\\/\\\/dlvradio.es\\\/\"},{\"@type\":\"ListItem\",\"position\":2,\"name\":\"Una veintena de organizaciones se moviliza en todo el mundo\"}]},{\"@type\":\"WebSite\",\"@id\":\"https:\\\/\\\/dlvradio.es\\\/#website\",\"url\":\"https:\\\/\\\/dlvradio.es\\\/\",\"name\":\"DLVRADIO\",\"description\":\"Somos un medio de comunicaci\u00f3n alternativo a los medios tradicionales\",\"publisher\":{\"@id\":\"https:\\\/\\\/dlvradio.es\\\/#organization\"},\"potentialAction\":[{\"@type\":\"SearchAction\",\"target\":{\"@type\":\"EntryPoint\",\"urlTemplate\":\"https:\\\/\\\/dlvradio.es\\\/?s={search_term_string}\"},\"query-input\":{\"@type\":\"PropertyValueSpecification\",\"valueRequired\":true,\"valueName\":\"search_term_string\"}}],\"inLanguage\":\"en-US\"},{\"@type\":\"Organization\",\"@id\":\"https:\\\/\\\/dlvradio.es\\\/#organization\",\"name\":\"DLVRADIO\",\"url\":\"https:\\\/\\\/dlvradio.es\\\/\",\"logo\":{\"@type\":\"ImageObject\",\"inLanguage\":\"en-US\",\"@id\":\"https:\\\/\\\/dlvradio.es\\\/#\\\/schema\\\/logo\\\/image\\\/\",\"url\":\"\",\"contentUrl\":\"\",\"caption\":\"DLVRADIO\"},\"image\":{\"@id\":\"https:\\\/\\\/dlvradio.es\\\/#\\\/schema\\\/logo\\\/image\\\/\"},\"sameAs\":[\"https:\\\/\\\/www.facebook.com\\\/RadioDLVradio\\\/\",\"https:\\\/\\\/x.com\\\/RadioDlvradio\",\"https:\\\/\\\/www.instagram.com\\\/radiodlvradio\\\/\"]},{\"@type\":\"Person\",\"@id\":\"https:\\\/\\\/dlvradio.es\\\/#\\\/schema\\\/person\\\/6ee60897fbb7fb4ad6634c73f4be87fa\",\"name\":\"doominio\",\"sameAs\":[\"https:\\\/\\\/dlvradio.es\"]}]}<\/script>\n<!-- \/ Yoast SEO plugin. -->","yoast_head_json":{"title":"Una veintena de organizaciones se moviliza en todo el mundo - DLVRADIO","description":"Una veintena de organizaciones se moviliza en todo el mundo para exigir a los accionistas del Santander que act\u00faen ante el aumento de la financiaci\u00f3n del","robots":{"index":"index","follow":"follow","max-snippet":"max-snippet:-1","max-image-preview":"max-image-preview:large","max-video-preview":"max-video-preview:-1"},"canonical":"https:\/\/dlvradio.es\/en\/una-veintena-de-organizaciones-se-moviliza-en-todo-el-mundo\/","og_locale":"en_US","og_type":"article","og_title":"Una veintena de organizaciones se moviliza en todo el mundo - DLVRADIO","og_description":"Una veintena de organizaciones se moviliza en todo el mundo para exigir a los accionistas del Santander que act\u00faen ante el aumento de la financiaci\u00f3n del","og_url":"https:\/\/dlvradio.es\/en\/una-veintena-de-organizaciones-se-moviliza-en-todo-el-mundo\/","og_site_name":"DLVRADIO","article_publisher":"https:\/\/www.facebook.com\/RadioDLVradio\/","article_published_time":"2026-03-27T20:26:49+00:00","og_image":[{"width":1024,"height":1024,"url":"https:\/\/dlvradio.es\/wp-content\/uploads\/2026\/03\/dlvradio-1500-x-1500-px-1024x1024.png","type":"image\/png"}],"author":"doominio","twitter_card":"summary_large_image","twitter_creator":"@RadioDlvradio","twitter_site":"@RadioDlvradio","schema":{"@context":"https:\/\/schema.org","@graph":[{"@type":"Article","@id":"https:\/\/dlvradio.es\/una-veintena-de-organizaciones-se-moviliza-en-todo-el-mundo\/#article","isPartOf":{"@id":"https:\/\/dlvradio.es\/una-veintena-de-organizaciones-se-moviliza-en-todo-el-mundo\/"},"author":{"name":"doominio","@id":"https:\/\/dlvradio.es\/#\/schema\/person\/6ee60897fbb7fb4ad6634c73f4be87fa"},"headline":"Una veintena de organizaciones se moviliza en todo el mundo","datePublished":"2026-03-27T20:26:49+00:00","mainEntityOfPage":{"@id":"https:\/\/dlvradio.es\/una-veintena-de-organizaciones-se-moviliza-en-todo-el-mundo\/"},"wordCount":941,"publisher":{"@id":"https:\/\/dlvradio.es\/#organization"},"image":{"@id":"https:\/\/dlvradio.es\/una-veintena-de-organizaciones-se-moviliza-en-todo-el-mundo\/#primaryimage"},"thumbnailUrl":"https:\/\/dlvradio.es\/wp-content\/uploads\/2026\/03\/dlvradio-1500-x-1500-px.png","keywords":["ecolog\u00eda","internacional","uni\u00f3n europea"],"articleSection":["Emergencia clim\u00e1tica","Internacional"],"inLanguage":"en-US"},{"@type":"WebPage","@id":"https:\/\/dlvradio.es\/una-veintena-de-organizaciones-se-moviliza-en-todo-el-mundo\/","url":"https:\/\/dlvradio.es\/una-veintena-de-organizaciones-se-moviliza-en-todo-el-mundo\/","name":"Una veintena de organizaciones se moviliza en todo el mundo - DLVRADIO","isPartOf":{"@id":"https:\/\/dlvradio.es\/#website"},"primaryImageOfPage":{"@id":"https:\/\/dlvradio.es\/una-veintena-de-organizaciones-se-moviliza-en-todo-el-mundo\/#primaryimage"},"image":{"@id":"https:\/\/dlvradio.es\/una-veintena-de-organizaciones-se-moviliza-en-todo-el-mundo\/#primaryimage"},"thumbnailUrl":"https:\/\/dlvradio.es\/wp-content\/uploads\/2026\/03\/dlvradio-1500-x-1500-px.png","datePublished":"2026-03-27T20:26:49+00:00","description":"Una veintena de organizaciones se moviliza en todo el mundo para exigir a los accionistas del Santander que act\u00faen ante el aumento de la financiaci\u00f3n del","breadcrumb":{"@id":"https:\/\/dlvradio.es\/una-veintena-de-organizaciones-se-moviliza-en-todo-el-mundo\/#breadcrumb"},"inLanguage":"en-US","potentialAction":[{"@type":"ReadAction","target":["https:\/\/dlvradio.es\/una-veintena-de-organizaciones-se-moviliza-en-todo-el-mundo\/"]}]},{"@type":"ImageObject","inLanguage":"en-US","@id":"https:\/\/dlvradio.es\/una-veintena-de-organizaciones-se-moviliza-en-todo-el-mundo\/#primaryimage","url":"https:\/\/dlvradio.es\/wp-content\/uploads\/2026\/03\/dlvradio-1500-x-1500-px.png","contentUrl":"https:\/\/dlvradio.es\/wp-content\/uploads\/2026\/03\/dlvradio-1500-x-1500-px.png","width":1500,"height":1500,"caption":"Una veintena de organizaciones se moviliza en todo el mundo"},{"@type":"BreadcrumbList","@id":"https:\/\/dlvradio.es\/una-veintena-de-organizaciones-se-moviliza-en-todo-el-mundo\/#breadcrumb","itemListElement":[{"@type":"ListItem","position":1,"name":"Inicio","item":"https:\/\/dlvradio.es\/"},{"@type":"ListItem","position":2,"name":"Una veintena de organizaciones se moviliza en todo el mundo"}]},{"@type":"WebSite","@id":"https:\/\/dlvradio.es\/#website","url":"https:\/\/dlvradio.es\/","name":"DLVRADIO","description":"We are an alternative media to traditional media","publisher":{"@id":"https:\/\/dlvradio.es\/#organization"},"potentialAction":[{"@type":"SearchAction","target":{"@type":"EntryPoint","urlTemplate":"https:\/\/dlvradio.es\/?s={search_term_string}"},"query-input":{"@type":"PropertyValueSpecification","valueRequired":true,"valueName":"search_term_string"}}],"inLanguage":"en-US"},{"@type":"Organization","@id":"https:\/\/dlvradio.es\/#organization","name":"DLVRADIO","url":"https:\/\/dlvradio.es\/","logo":{"@type":"ImageObject","inLanguage":"en-US","@id":"https:\/\/dlvradio.es\/#\/schema\/logo\/image\/","url":"","contentUrl":"","caption":"DLVRADIO"},"image":{"@id":"https:\/\/dlvradio.es\/#\/schema\/logo\/image\/"},"sameAs":["https:\/\/www.facebook.com\/RadioDLVradio\/","https:\/\/x.com\/RadioDlvradio","https:\/\/www.instagram.com\/radiodlvradio\/"]},{"@type":"Person","@id":"https:\/\/dlvradio.es\/#\/schema\/person\/6ee60897fbb7fb4ad6634c73f4be87fa","name":"doominio","sameAs":["https:\/\/dlvradio.es"]}]}},"_links":{"self":[{"href":"https:\/\/dlvradio.es\/en\/wp-json\/wp\/v2\/posts\/78912","targetHints":{"allow":["GET"]}}],"collection":[{"href":"https:\/\/dlvradio.es\/en\/wp-json\/wp\/v2\/posts"}],"about":[{"href":"https:\/\/dlvradio.es\/en\/wp-json\/wp\/v2\/types\/post"}],"author":[{"embeddable":true,"href":"https:\/\/dlvradio.es\/en\/wp-json\/wp\/v2\/users\/1"}],"replies":[{"embeddable":true,"href":"https:\/\/dlvradio.es\/en\/wp-json\/wp\/v2\/comments?post=78912"}],"version-history":[{"count":1,"href":"https:\/\/dlvradio.es\/en\/wp-json\/wp\/v2\/posts\/78912\/revisions"}],"predecessor-version":[{"id":78914,"href":"https:\/\/dlvradio.es\/en\/wp-json\/wp\/v2\/posts\/78912\/revisions\/78914"}],"wp:featuredmedia":[{"embeddable":true,"href":"https:\/\/dlvradio.es\/en\/wp-json\/wp\/v2\/media\/78913"}],"wp:attachment":[{"href":"https:\/\/dlvradio.es\/en\/wp-json\/wp\/v2\/media?parent=78912"}],"wp:term":[{"taxonomy":"category","embeddable":true,"href":"https:\/\/dlvradio.es\/en\/wp-json\/wp\/v2\/categories?post=78912"},{"taxonomy":"post_tag","embeddable":true,"href":"https:\/\/dlvradio.es\/en\/wp-json\/wp\/v2\/tags?post=78912"}],"curies":[{"name":"wp","href":"https:\/\/api.w.org\/{rel}","templated":true}]}}