{"id":79006,"date":"2026-04-26T11:14:02","date_gmt":"2026-04-26T09:14:02","guid":{"rendered":"https:\/\/dlvradio.es\/?p=79006"},"modified":"2026-04-26T11:14:02","modified_gmt":"2026-04-26T09:14:02","slug":"a-falta-de-profes-buenos-son-polis","status":"publish","type":"post","link":"https:\/\/dlvradio.es\/en\/a-falta-de-profes-buenos-son-polis\/","title":{"rendered":"A falta de \u201cprofes\u201d buenos son \u201cpolis\u201d."},"content":{"rendered":"<p style=\"text-align: center;\"><strong><i class=\"fas fa-quote-left\" style=\"solid\"><\/i>\u201cNi los ni\u00f1os inmigrantes ni los ni\u00f1os pobres son los culpables de que la administraci\u00f3n catalana haya decidido criar ignorantes, sin la m\u00e1s m\u00ednima competencia para su futuro y con un modelo totalmente opuesto a todo lo que signifique excelencia y esfuerzo\u201d.<i class=\"fas fa-quote-right\" style=\"solid\"><\/i><\/strong><\/p>\n<p style=\"text-align: left;\">Estamos fritos de escuchar siempre que hay que pagar impuestos porque hay que financiar la educaci\u00f3n y la sanidad p\u00fablicas que son las \u201c<em>joyas de la corona<\/em>\u201d de nuestro estado del bienestar.<\/p>\n<p style=\"text-align: left;\">Llevamos a\u00f1os con r\u00e9cord de recaudaci\u00f3n de impuestos, debido al expolio al que nos tienen sometidos a las y los ciudadanos que estamos dentro del sistema de pagos y tambi\u00e9n debido a la s\u00faper inflaci\u00f3n de los precios. Lo perverso es que esos a\u00f1os coinciden con un estado del bienestar cada vez m\u00e1s escu\u00e1lido, y las joyas de la corona deben estar empe\u00f1adas en cualquier chiringo de \u201ccompro oro\u201d, ya que la sanidad p\u00fablica est\u00e1 m\u00e1s colapsada que nunca y la educaci\u00f3n p\u00fablica de nuestros ni\u00f1os y ni\u00f1as simplemente ha dejado de existir.<\/p>\n<p style=\"text-align: left;\">Me van a permitir que me centren este \u00faltimo punto. Ser\u00eda muy injusto decir que toda la educaci\u00f3n p\u00fablica est\u00e1 igual de mal puesto que no es cierto, todo y que la tendencia del rendimiento es a la baja. Aun as\u00ed, las alumnas y alumnos de territorios como Castilla Le\u00f3n sacan excelentes resultados en las evaluaciones del informe Pisa en matem\u00e1ticas y lectura. As\u00ed mismo lo hicieron los ni\u00f1os gallegos en cuanto a las materias de ciencia, situ\u00e1ndose por encima de la media espa\u00f1ola y ayudando a mantener a Espa\u00f1a en el \u201c<em>sufi raspado<\/em>\u201d en relaci\u00f3n a al resto de pa\u00edses de la OCDE.<\/p>\n<p style=\"text-align: left;\">En la cara opuesta est\u00e1 Catalunya, donde los colegios p\u00fablicos han sido transformados en simples aparca ni\u00f1os. No se estudia, no se aprende y ya ni se convive.<\/p>\n<p style=\"text-align: left;\">Los datos son demoledores. Simplemente los ni\u00f1os y ni\u00f1as catalanes no saben pr\u00e1cticamente leer, tienen m\u00e1s faltas de ortograf\u00edas que palabras, no entienden nada de lo que leen y no tiene la menor idea de matem\u00e1ticas. La escuela catalana sac\u00f3 en 2022 (publicado en 2023), los peores resultados hist\u00f3ricos, con una ca\u00edda de 24 puntos en comparaci\u00f3n con los resultados de 2018, situ\u00e1ndose por debajo de la media espa\u00f1ola, de la de la UE y de la de la OCDE. Es decir, nuestros ni\u00f1os y ni\u00f1as catalanes son pr\u00e1cticamente analfabetos.<\/p>\n<p style=\"text-align: left;\">La consellera de educaci\u00f3n en 2023 cuando se publicaron estos datos, Anna Sim\u00f3 de Esquerra Republicana, dijo que estos malos resultados eran culpa de los inmigrantes. Luego quiso rectificar y dijo que eran culpa de los pobres. Clasismo y racismo t\u00edpicos de los muy muy progres independistas de toda la vida.<\/p>\n<p style=\"text-align: left;\">La verdad es que ni los ni\u00f1os inmigrantes ni los ni\u00f1os pobres son los culpables de que la administraci\u00f3n catalana haya decidido criar ignorantes, sin la m\u00e1s m\u00ednima competencia para su futuro y con un modelo totalmente opuesto a todo lo que signifique excelencia y esfuerzo.<\/p>\n<p style=\"text-align: left;\">La culpa de la \u201canalafabetizaci\u00f3n\u201d de los ni\u00f1os catalanes la tienen varios chiringuitos, especialmente la Fundaci\u00f3n Jaume Bofill, que ahora se ha cambiado el nombre por \u201cequitat.org\u201d. Este grupillo de gente s\u00faper pija son los que llevan a\u00f1os implantando en Catalunya (a\u00f1os que coinciden con el procesisimo indepe pero que siguen ah\u00ed) las hipilongadas del \u201caprender a aprender\u201d, \u201caprender jugando\u201d, no a las tareas en casa, no al estudio, no al esfuerzo, b\u00e1sicamente, no a la educaci\u00f3n.<\/p>\n<p style=\"text-align: left;\">Esto, lo han sufrido los ni\u00f1os, pero lo han permitido los padres y profesores, unos porque en realidad sienten que lo de ser padre es pesad\u00edsimo y han volcado la tarea de educar exclusivamente en los colegios, y otros porque simplemente ya no tienen medios ni herramientas para educar a clases de 40 chavales de 15 nacionalidades diferentes, que hablan 5 idiomas, y donde adem\u00e1s hay ni\u00f1os y ni\u00f1as con necesidades especiales de las que nadie se ocupa.<\/p>\n<p style=\"text-align: left;\">Y aqu\u00ed viene la segunda raz\u00f3n del desastre educativo, que al final es el desastre social. La falta total y absoluta de recursos combinada con la falta total y absoluta de criterio y del m\u00e1s m\u00ednimo sentido com\u00fan.<\/p>\n<p style=\"text-align: left;\">A m\u00ed personalmente me parece un crimen que ni\u00f1os y ni\u00f1as con autismo, s\u00edndrome de Down, TDH, etc, circunstancias todas que les implican serias dificultades educativas est\u00e9n en esas clases saturadas de cr\u00edos, que parecen Latorre de Babel y con un \u00fanico profesor para todos. Es absolutamente injusto y est\u00fapido este modelo basado en otra proclama woke como \u201c<em>evitar la estigmatizaci\u00f3n\u201d<\/em> de esos ni\u00f1os, meti\u00e9ndolos en unas aulas en las que simplemente es como si no estuvieran. Esa no estigmatizaci\u00f3n ha llevado a la no educaci\u00f3n. Muchas veces auspiciada por padres absolutamente ineptos, m\u00e1s preocupados por pertenecer al c\u00edrculo social \u201cnormalizado\u201d que por la educaci\u00f3n de su hijos y por otros que no tienen m\u00e1s remedio que adaptarse aloque hay.<\/p>\n<p style=\"text-align: left;\">Pero en serio, si una ni\u00f1a que no necesita apoyo ni acompa\u00f1amiento educativo, que estudia en esas condiciones es pr\u00e1cticamente una hero\u00edna, \u00bfqu\u00e9 es loque va a poder aprender en ese ambiente una ni\u00f1a con autismo? Es una jugarreta lo que les hacemos.<\/p>\n<p style=\"text-align: left;\">Sin recursos, sin criterio, sin poder atender la nueva realidad en las aulas, la convivencia es imposible. Est\u00e1 claro. Los coles y los institutos catalanes cada vez se parecen m\u00e1s a los de las pelis americanas noventeras de los suburbios. Es como si estuvi\u00e9ramos en \u201cMentes peligrosas\u201d pero sin Michelle Pfeiffer ni el \u201c<em>Gangsta&#8217;s Paradise<\/em>\u201d. \u00a1Pero s\u00ed con polis!<\/p>\n<p style=\"text-align: left;\">El Departament de Educaci\u00f3 y el de Interior de la Generalitat, ante semejante panorama e ignorando completa y absolutamente las peticiones de la comunidad educativa y sus movilizaciones, ha decido iniciar un programa piloto para infiltrar a mossos de paisanos en coles e institutos. Aclaran que no estar\u00e1n armados, pero estoy segura de que tal y como evoluciona el panorama, todo se andar\u00e1.<\/p>\n<p style=\"text-align: left;\">Es curioso que el \u201c<em>leimotiv<\/em>\u201d de esta nueva \u201cizquierda\u201d moralista sea el acoso y derribo a Estados Unidos y cualquier acosa que se le parezca, pero acaben haciendo exactamente lo mismo que ellos, m\u00e1xime cuando EEUU es uno de los pa\u00edses desarrollados con la peor educaci\u00f3n p\u00fabica del mundo.<\/p>\n<p style=\"text-align: left;\">\u00bfQu\u00e9 es mejor para los cr\u00edos y cr\u00edas, un profe o un madero? Lo triste es que, viendo la situaci\u00f3n, ni a m\u00ed me parece mal a efectos pr\u00e1cticos lo del infiltrado. Se los ha comido su propio buenismo, se les ha ido de las manos y ahora van en busca de la mano dura que se lo arregle.<\/p>\n<p style=\"text-align: left;\">De m\u00e1s profes, del cambio de modelo educativo, de recursos especiales para quien los necesita, de promover el esfuerzo y la excelencia, ni hablamos.<\/p>\n<p style=\"text-align: left;\">Pero, sobre todo, ustedes sigan pagando a hacienda religiosamente, que habr\u00e1 que recuperar alg\u00fan d\u00eda las joyas de la corona empe\u00f1adas. Compro Oro.<\/p>","protected":false},"excerpt":{"rendered":"<p>\u201cNi los ni\u00f1os inmigrantes ni los ni\u00f1os pobres son los culpables de que la administraci\u00f3n catalana haya decidido criar ignorantes, sin la m\u00e1s m\u00ednima competencia para su futuro y con un modelo totalmente opuesto a todo lo que signifique excelencia y esfuerzo\u201d. Estamos fritos de escuchar siempre que hay que pagar impuestos porque hay que [&hellip;]<\/p>\n","protected":false},"author":1,"featured_media":73053,"comment_status":"closed","ping_status":"closed","sticky":false,"template":"","format":"standard","meta":{"_acf_changed":false,"footnotes":""},"categories":[2461],"tags":[2468,2566,2469],"class_list":["post-79006","post","type-post","status-publish","format-standard","has-post-thumbnail","hentry","category-opinion","tag-cataluna","tag-leyes","tag-opinion"],"acf":[],"yoast_head":"<!-- This site is optimized with the Yoast SEO plugin v27.4 - https:\/\/yoast.com\/product\/yoast-seo-wordpress\/ -->\n<title>A falta de \u201cprofes\u201d buenos son \u201cpolis\u201d. - DLVRADIO<\/title>\n<meta name=\"description\" content=\"\u201cNi los ni\u00f1os inmigrantes ni los ni\u00f1os pobres son los culpables de que la administraci\u00f3n catalana haya decidido criar ignorantes, sin la m\u00e1s m\u00ednima\" \/>\n<meta name=\"robots\" content=\"index, follow, max-snippet:-1, max-image-preview:large, max-video-preview:-1\" \/>\n<link rel=\"canonical\" href=\"https:\/\/dlvradio.es\/en\/a-falta-de-profes-buenos-son-polis\/\" \/>\n<meta property=\"og:locale\" content=\"en_US\" \/>\n<meta property=\"og:type\" content=\"article\" \/>\n<meta property=\"og:title\" content=\"A falta de \u201cprofes\u201d buenos son \u201cpolis\u201d. - DLVRADIO\" \/>\n<meta property=\"og:description\" content=\"\u201cNi los ni\u00f1os inmigrantes ni los ni\u00f1os pobres son los culpables de que la administraci\u00f3n catalana haya decidido criar ignorantes, sin la m\u00e1s m\u00ednima\" \/>\n<meta property=\"og:url\" content=\"https:\/\/dlvradio.es\/en\/a-falta-de-profes-buenos-son-polis\/\" \/>\n<meta property=\"og:site_name\" content=\"DLVRADIO\" \/>\n<meta property=\"article:publisher\" content=\"https:\/\/www.facebook.com\/RadioDLVradio\/\" \/>\n<meta property=\"article:published_time\" content=\"2026-04-26T09:14:02+00:00\" \/>\n<meta property=\"og:image\" content=\"https:\/\/dlvradio.es\/wp-content\/uploads\/2024\/06\/Opinion-DLVRADIO.png\" \/>\n\t<meta property=\"og:image:width\" content=\"1500\" \/>\n\t<meta property=\"og:image:height\" content=\"1500\" \/>\n\t<meta property=\"og:image:type\" content=\"image\/png\" \/>\n<meta name=\"author\" content=\"doominio\" \/>\n<meta name=\"twitter:card\" content=\"summary_large_image\" \/>\n<meta name=\"twitter:creator\" content=\"@RadioDlvradio\" \/>\n<meta name=\"twitter:site\" content=\"@RadioDlvradio\" \/>\n<script type=\"application\/ld+json\" class=\"yoast-schema-graph\">{\"@context\":\"https:\\\/\\\/schema.org\",\"@graph\":[{\"@type\":\"Article\",\"@id\":\"https:\\\/\\\/dlvradio.es\\\/a-falta-de-profes-buenos-son-polis\\\/#article\",\"isPartOf\":{\"@id\":\"https:\\\/\\\/dlvradio.es\\\/a-falta-de-profes-buenos-son-polis\\\/\"},\"author\":{\"name\":\"doominio\",\"@id\":\"https:\\\/\\\/dlvradio.es\\\/#\\\/schema\\\/person\\\/6ee60897fbb7fb4ad6634c73f4be87fa\"},\"headline\":\"A falta de \u201cprofes\u201d buenos son \u201cpolis\u201d.\",\"datePublished\":\"2026-04-26T09:14:02+00:00\",\"mainEntityOfPage\":{\"@id\":\"https:\\\/\\\/dlvradio.es\\\/a-falta-de-profes-buenos-son-polis\\\/\"},\"wordCount\":1243,\"publisher\":{\"@id\":\"https:\\\/\\\/dlvradio.es\\\/#organization\"},\"image\":{\"@id\":\"https:\\\/\\\/dlvradio.es\\\/a-falta-de-profes-buenos-son-polis\\\/#primaryimage\"},\"thumbnailUrl\":\"https:\\\/\\\/dlvradio.es\\\/wp-content\\\/uploads\\\/2024\\\/06\\\/Opinion-DLVRADIO.png\",\"keywords\":[\"Catalu\u00f1a\",\"leyes\",\"opini\u00f3n\"],\"articleSection\":[\"Opini\u00f3n\"],\"inLanguage\":\"en-US\"},{\"@type\":\"WebPage\",\"@id\":\"https:\\\/\\\/dlvradio.es\\\/a-falta-de-profes-buenos-son-polis\\\/\",\"url\":\"https:\\\/\\\/dlvradio.es\\\/a-falta-de-profes-buenos-son-polis\\\/\",\"name\":\"A falta de \u201cprofes\u201d buenos son \u201cpolis\u201d. - DLVRADIO\",\"isPartOf\":{\"@id\":\"https:\\\/\\\/dlvradio.es\\\/#website\"},\"primaryImageOfPage\":{\"@id\":\"https:\\\/\\\/dlvradio.es\\\/a-falta-de-profes-buenos-son-polis\\\/#primaryimage\"},\"image\":{\"@id\":\"https:\\\/\\\/dlvradio.es\\\/a-falta-de-profes-buenos-son-polis\\\/#primaryimage\"},\"thumbnailUrl\":\"https:\\\/\\\/dlvradio.es\\\/wp-content\\\/uploads\\\/2024\\\/06\\\/Opinion-DLVRADIO.png\",\"datePublished\":\"2026-04-26T09:14:02+00:00\",\"description\":\"\u201cNi los ni\u00f1os inmigrantes ni los ni\u00f1os pobres son los culpables de que la administraci\u00f3n catalana haya decidido criar ignorantes, sin la m\u00e1s m\u00ednima\",\"breadcrumb\":{\"@id\":\"https:\\\/\\\/dlvradio.es\\\/a-falta-de-profes-buenos-son-polis\\\/#breadcrumb\"},\"inLanguage\":\"en-US\",\"potentialAction\":[{\"@type\":\"ReadAction\",\"target\":[\"https:\\\/\\\/dlvradio.es\\\/a-falta-de-profes-buenos-son-polis\\\/\"]}]},{\"@type\":\"ImageObject\",\"inLanguage\":\"en-US\",\"@id\":\"https:\\\/\\\/dlvradio.es\\\/a-falta-de-profes-buenos-son-polis\\\/#primaryimage\",\"url\":\"https:\\\/\\\/dlvradio.es\\\/wp-content\\\/uploads\\\/2024\\\/06\\\/Opinion-DLVRADIO.png\",\"contentUrl\":\"https:\\\/\\\/dlvradio.es\\\/wp-content\\\/uploads\\\/2024\\\/06\\\/Opinion-DLVRADIO.png\",\"width\":1500,\"height\":1500,\"caption\":\"\u00bfEsta fiesta qui\u00e9n la paga?\"},{\"@type\":\"BreadcrumbList\",\"@id\":\"https:\\\/\\\/dlvradio.es\\\/a-falta-de-profes-buenos-son-polis\\\/#breadcrumb\",\"itemListElement\":[{\"@type\":\"ListItem\",\"position\":1,\"name\":\"Inicio\",\"item\":\"https:\\\/\\\/dlvradio.es\\\/\"},{\"@type\":\"ListItem\",\"position\":2,\"name\":\"A falta de \u201cprofes\u201d buenos son \u201cpolis\u201d.\"}]},{\"@type\":\"WebSite\",\"@id\":\"https:\\\/\\\/dlvradio.es\\\/#website\",\"url\":\"https:\\\/\\\/dlvradio.es\\\/\",\"name\":\"DLVRADIO\",\"description\":\"Somos un medio de comunicaci\u00f3n alternativo a los medios tradicionales\",\"publisher\":{\"@id\":\"https:\\\/\\\/dlvradio.es\\\/#organization\"},\"potentialAction\":[{\"@type\":\"SearchAction\",\"target\":{\"@type\":\"EntryPoint\",\"urlTemplate\":\"https:\\\/\\\/dlvradio.es\\\/?s={search_term_string}\"},\"query-input\":{\"@type\":\"PropertyValueSpecification\",\"valueRequired\":true,\"valueName\":\"search_term_string\"}}],\"inLanguage\":\"en-US\"},{\"@type\":\"Organization\",\"@id\":\"https:\\\/\\\/dlvradio.es\\\/#organization\",\"name\":\"DLVRADIO\",\"url\":\"https:\\\/\\\/dlvradio.es\\\/\",\"logo\":{\"@type\":\"ImageObject\",\"inLanguage\":\"en-US\",\"@id\":\"https:\\\/\\\/dlvradio.es\\\/#\\\/schema\\\/logo\\\/image\\\/\",\"url\":\"\",\"contentUrl\":\"\",\"caption\":\"DLVRADIO\"},\"image\":{\"@id\":\"https:\\\/\\\/dlvradio.es\\\/#\\\/schema\\\/logo\\\/image\\\/\"},\"sameAs\":[\"https:\\\/\\\/www.facebook.com\\\/RadioDLVradio\\\/\",\"https:\\\/\\\/x.com\\\/RadioDlvradio\",\"https:\\\/\\\/www.instagram.com\\\/radiodlvradio\\\/\"]},{\"@type\":\"Person\",\"@id\":\"https:\\\/\\\/dlvradio.es\\\/#\\\/schema\\\/person\\\/6ee60897fbb7fb4ad6634c73f4be87fa\",\"name\":\"doominio\",\"sameAs\":[\"https:\\\/\\\/dlvradio.es\"]}]}<\/script>\n<!-- \/ Yoast SEO plugin. -->","yoast_head_json":{"title":"A falta de \u201cprofes\u201d buenos son \u201cpolis\u201d. - DLVRADIO","description":"\u201cNi los ni\u00f1os inmigrantes ni los ni\u00f1os pobres son los culpables de que la administraci\u00f3n catalana haya decidido criar ignorantes, sin la m\u00e1s m\u00ednima","robots":{"index":"index","follow":"follow","max-snippet":"max-snippet:-1","max-image-preview":"max-image-preview:large","max-video-preview":"max-video-preview:-1"},"canonical":"https:\/\/dlvradio.es\/en\/a-falta-de-profes-buenos-son-polis\/","og_locale":"en_US","og_type":"article","og_title":"A falta de \u201cprofes\u201d buenos son \u201cpolis\u201d. - DLVRADIO","og_description":"\u201cNi los ni\u00f1os inmigrantes ni los ni\u00f1os pobres son los culpables de que la administraci\u00f3n catalana haya decidido criar ignorantes, sin la m\u00e1s m\u00ednima","og_url":"https:\/\/dlvradio.es\/en\/a-falta-de-profes-buenos-son-polis\/","og_site_name":"DLVRADIO","article_publisher":"https:\/\/www.facebook.com\/RadioDLVradio\/","article_published_time":"2026-04-26T09:14:02+00:00","og_image":[{"width":1500,"height":1500,"url":"https:\/\/dlvradio.es\/wp-content\/uploads\/2024\/06\/Opinion-DLVRADIO.png","type":"image\/png"}],"author":"doominio","twitter_card":"summary_large_image","twitter_creator":"@RadioDlvradio","twitter_site":"@RadioDlvradio","schema":{"@context":"https:\/\/schema.org","@graph":[{"@type":"Article","@id":"https:\/\/dlvradio.es\/a-falta-de-profes-buenos-son-polis\/#article","isPartOf":{"@id":"https:\/\/dlvradio.es\/a-falta-de-profes-buenos-son-polis\/"},"author":{"name":"doominio","@id":"https:\/\/dlvradio.es\/#\/schema\/person\/6ee60897fbb7fb4ad6634c73f4be87fa"},"headline":"A falta de \u201cprofes\u201d buenos son \u201cpolis\u201d.","datePublished":"2026-04-26T09:14:02+00:00","mainEntityOfPage":{"@id":"https:\/\/dlvradio.es\/a-falta-de-profes-buenos-son-polis\/"},"wordCount":1243,"publisher":{"@id":"https:\/\/dlvradio.es\/#organization"},"image":{"@id":"https:\/\/dlvradio.es\/a-falta-de-profes-buenos-son-polis\/#primaryimage"},"thumbnailUrl":"https:\/\/dlvradio.es\/wp-content\/uploads\/2024\/06\/Opinion-DLVRADIO.png","keywords":["Catalu\u00f1a","leyes","opini\u00f3n"],"articleSection":["Opini\u00f3n"],"inLanguage":"en-US"},{"@type":"WebPage","@id":"https:\/\/dlvradio.es\/a-falta-de-profes-buenos-son-polis\/","url":"https:\/\/dlvradio.es\/a-falta-de-profes-buenos-son-polis\/","name":"A falta de \u201cprofes\u201d buenos son \u201cpolis\u201d. - DLVRADIO","isPartOf":{"@id":"https:\/\/dlvradio.es\/#website"},"primaryImageOfPage":{"@id":"https:\/\/dlvradio.es\/a-falta-de-profes-buenos-son-polis\/#primaryimage"},"image":{"@id":"https:\/\/dlvradio.es\/a-falta-de-profes-buenos-son-polis\/#primaryimage"},"thumbnailUrl":"https:\/\/dlvradio.es\/wp-content\/uploads\/2024\/06\/Opinion-DLVRADIO.png","datePublished":"2026-04-26T09:14:02+00:00","description":"\u201cNi los ni\u00f1os inmigrantes ni los ni\u00f1os pobres son los culpables de que la administraci\u00f3n catalana haya decidido criar ignorantes, sin la m\u00e1s m\u00ednima","breadcrumb":{"@id":"https:\/\/dlvradio.es\/a-falta-de-profes-buenos-son-polis\/#breadcrumb"},"inLanguage":"en-US","potentialAction":[{"@type":"ReadAction","target":["https:\/\/dlvradio.es\/a-falta-de-profes-buenos-son-polis\/"]}]},{"@type":"ImageObject","inLanguage":"en-US","@id":"https:\/\/dlvradio.es\/a-falta-de-profes-buenos-son-polis\/#primaryimage","url":"https:\/\/dlvradio.es\/wp-content\/uploads\/2024\/06\/Opinion-DLVRADIO.png","contentUrl":"https:\/\/dlvradio.es\/wp-content\/uploads\/2024\/06\/Opinion-DLVRADIO.png","width":1500,"height":1500,"caption":"\u00bfEsta fiesta qui\u00e9n la paga?"},{"@type":"BreadcrumbList","@id":"https:\/\/dlvradio.es\/a-falta-de-profes-buenos-son-polis\/#breadcrumb","itemListElement":[{"@type":"ListItem","position":1,"name":"Inicio","item":"https:\/\/dlvradio.es\/"},{"@type":"ListItem","position":2,"name":"A falta de \u201cprofes\u201d buenos son \u201cpolis\u201d."}]},{"@type":"WebSite","@id":"https:\/\/dlvradio.es\/#website","url":"https:\/\/dlvradio.es\/","name":"DLVRADIO","description":"We are an alternative media to traditional media","publisher":{"@id":"https:\/\/dlvradio.es\/#organization"},"potentialAction":[{"@type":"SearchAction","target":{"@type":"EntryPoint","urlTemplate":"https:\/\/dlvradio.es\/?s={search_term_string}"},"query-input":{"@type":"PropertyValueSpecification","valueRequired":true,"valueName":"search_term_string"}}],"inLanguage":"en-US"},{"@type":"Organization","@id":"https:\/\/dlvradio.es\/#organization","name":"DLVRADIO","url":"https:\/\/dlvradio.es\/","logo":{"@type":"ImageObject","inLanguage":"en-US","@id":"https:\/\/dlvradio.es\/#\/schema\/logo\/image\/","url":"","contentUrl":"","caption":"DLVRADIO"},"image":{"@id":"https:\/\/dlvradio.es\/#\/schema\/logo\/image\/"},"sameAs":["https:\/\/www.facebook.com\/RadioDLVradio\/","https:\/\/x.com\/RadioDlvradio","https:\/\/www.instagram.com\/radiodlvradio\/"]},{"@type":"Person","@id":"https:\/\/dlvradio.es\/#\/schema\/person\/6ee60897fbb7fb4ad6634c73f4be87fa","name":"doominio","sameAs":["https:\/\/dlvradio.es"]}]}},"_links":{"self":[{"href":"https:\/\/dlvradio.es\/en\/wp-json\/wp\/v2\/posts\/79006","targetHints":{"allow":["GET"]}}],"collection":[{"href":"https:\/\/dlvradio.es\/en\/wp-json\/wp\/v2\/posts"}],"about":[{"href":"https:\/\/dlvradio.es\/en\/wp-json\/wp\/v2\/types\/post"}],"author":[{"embeddable":true,"href":"https:\/\/dlvradio.es\/en\/wp-json\/wp\/v2\/users\/1"}],"replies":[{"embeddable":true,"href":"https:\/\/dlvradio.es\/en\/wp-json\/wp\/v2\/comments?post=79006"}],"version-history":[{"count":1,"href":"https:\/\/dlvradio.es\/en\/wp-json\/wp\/v2\/posts\/79006\/revisions"}],"predecessor-version":[{"id":79007,"href":"https:\/\/dlvradio.es\/en\/wp-json\/wp\/v2\/posts\/79006\/revisions\/79007"}],"wp:featuredmedia":[{"embeddable":true,"href":"https:\/\/dlvradio.es\/en\/wp-json\/wp\/v2\/media\/73053"}],"wp:attachment":[{"href":"https:\/\/dlvradio.es\/en\/wp-json\/wp\/v2\/media?parent=79006"}],"wp:term":[{"taxonomy":"category","embeddable":true,"href":"https:\/\/dlvradio.es\/en\/wp-json\/wp\/v2\/categories?post=79006"},{"taxonomy":"post_tag","embeddable":true,"href":"https:\/\/dlvradio.es\/en\/wp-json\/wp\/v2\/tags?post=79006"}],"curies":[{"name":"wp","href":"https:\/\/api.w.org\/{rel}","templated":true}]}}