{"id":79008,"date":"2026-04-26T18:40:11","date_gmt":"2026-04-26T16:40:11","guid":{"rendered":"https:\/\/dlvradio.es\/?p=79008"},"modified":"2026-04-26T18:40:11","modified_gmt":"2026-04-26T16:40:11","slug":"en-el-aniversario-de-la-tragedia-de-chernobil-las-organizaciones-antinucleares-anuncian-una-accion-para-exigir-la-jubilacion-nuclear","status":"publish","type":"post","link":"https:\/\/dlvradio.es\/en\/en-el-aniversario-de-la-tragedia-de-chernobil-las-organizaciones-antinucleares-anuncian-una-accion-para-exigir-la-jubilacion-nuclear\/","title":{"rendered":"En el aniversario de la tragedia de Chern\u00f3bil las organizaciones antinucleares anuncian una acci\u00f3n para exigir la jubilaci\u00f3n nuclear"},"content":{"rendered":"<h3><strong>En el aniversario de la tragedia de Chern\u00f3bil las organizaciones antinucleares anuncian una acci\u00f3n para exigir la jubilaci\u00f3n nuclear<\/strong><\/h3>\n<ul>\n<li><strong><em>Una acci\u00f3n reivindicativa reclamar\u00e1 el 23 de mayo el cumplimiento estricto del cierre de Almaraz en noviembre de 2027 y el fin definitivo de la energ\u00eda nuclear en Espa\u00f1a para 2035.<\/em><\/strong><\/li>\n<li><strong><em>La convocatoria coincide con el aniversario del accidente de Chern\u00f3bil, lo que las organizaciones consideran un recordatorio oportuno sobre los riesgos de largo plazo asociados a la energ\u00eda nuclear.<\/em><\/strong><\/li>\n<\/ul>\n<p>El viernes 23 de mayo, a las 18:00 en la Plaza San Juan de la Cruz (Nuevos Ministerios, Madrid), el Movimiento Ib\u00e9rico Antinuclear, Ecologistas en Acci\u00f3n y otras organizaciones ecologistas y sociales convocan a la ciudadan\u00eda a una acci\u00f3n reivindicativa a las puertas del Ministerio para la Transici\u00f3n Ecol\u00f3gica y el Reto Demogr\u00e1fico para exigir la jubilaci\u00f3n nuclear. La convocatoria exige el cumplimiento estricto del cierre de Almaraz en noviembre de 2027 y el fin definitivo de la energ\u00eda nuclear en Espa\u00f1a para 2035.<\/p>\n<p>Las organizaciones convocantes se\u00f1alan que la nuclear es una energ\u00eda cara, insegura e innecesaria. Encarece el precio de la luz, es incompatible con una gesti\u00f3n eficiente de una red el\u00e9ctrica basada en renovables, y desv\u00eda fondos que deber\u00edan ir a la transici\u00f3n energ\u00e9tica. Denuncian adem\u00e1s como la \u00fanica raz\u00f3n de su continuidad es que son fundamentales para que las empresas propietarias Iberdrola, Endesa y Naturgy mantengan el control sobre el mercado el\u00e9ctrico y sobre la pol\u00edtica energ\u00e9tica del estado.<\/p>\n<p>En los \u00faltimos meses el sector nuclear ha pasado a la ofensiva con propaganda enga\u00f1osa. Las el\u00e9ctricas han desplegado una campa\u00f1a publicitaria sin precedentes para forzar la pr\u00f3rroga de sus plantas y presionar al ministerio. El movimiento antinuclear advierte de lo que viene: cruces de informes, anuncios de pol\u00edticos reduciendo tasas u ofreciendo dinero p\u00fablico, peticiones de las empresas de beneficios adicionales, modificaciones postergadas y nuevas ventanas de oportunidad fabricadas para seguir reclamando subvenciones p\u00fablicas. Las organizaciones se\u00f1alan que no es la primera vez y recuerdan que el cierre de Garo\u00f1a se convirti\u00f3 en una agon\u00eda durante meses, hasta que finalmente el gobierno de Mariano Rajoy y el ministro \u00c1lvaro Nadal la cerraron por cara e innecesaria.<\/p>\n<p>Las organizaciones recuerdan que la evaluaci\u00f3n estrat\u00e9gica del Plan Nacional Integrado de Energ\u00eda y Clima del Gobierno de Espa\u00f1a reconoce que prolongar las nucleares retrasar\u00eda el desarrollo de las renovables y encarecer\u00eda la transici\u00f3n a medio y largo plazo. Todo ello sin contar con que el sector nuclear espa\u00f1ol sigue dependiendo del uranio ruso para funcionar o que no existe una respuesta satisfactoria a los residuos nucleares, mientras persisten cementerios nucleares como El Cabril o residuos de alta actividad como los resultantes del accidente nuclear de Vandell\u00f3s I.<\/p>\n<p>Por todas estas razones, el movimiento antinuclear sale a la calle. El Ministerio para la Transici\u00f3n Ecol\u00f3gica y el Reto Demogr\u00e1fico debe cumplir con sus propios compromisos y no ceder ante la propaganda de las el\u00e9ctricas. El calendario de cierre existe. Fue pactado y debe cumplirse.<\/p>\n<p>El 23 de mayo, a las puertas del ministerio, la ciudadan\u00eda celebrar\u00e1 que un futuro sin riesgo nuclear es posible. Sin dependencia de las grandes corporaciones. Sin encarecimientos innecesarios de la factura de la luz. Con una transici\u00f3n energ\u00e9tica real.<\/p>\n<p><strong>Chern\u00f3bil, cuarenta a\u00f1os despu\u00e9s<\/strong><\/p>\n<p>La convocatoria coincide con el aniversario del accidente de Chern\u00f3bil, lo que las organizaciones consideran un recordatorio oportuno sobre los riesgos de largo plazo asociados a la energ\u00eda nuclear.<\/p>\n<p>Cuarenta a\u00f1os despu\u00e9s de la cat\u00e1strofe, la zona de exclusi\u00f3n de 2.600 km\u00b2 sigue siendo radiactivamente activa. En las ruinas del reactor 4 se conservan, seg\u00fan los datos disponibles, 400 kilogramos de plutonio, m\u00e1s de cien toneladas de combustible nuclear fundido y treinta y cinco de polvo radiactivo. Solo una parte del combustible gastado ha podido trasladarse a contenedores de refrigeraci\u00f3n pasiva; el resto sigue en piscinas que requieren enfriamiento continuo. Las aguas subterr\u00e1neas de la zona presentan tambi\u00e9n niveles detectables de radiactividad, y la vigilancia del territorio se considera una necesidad permanente para la seguridad del resto de Ucrania.<\/p>\n<p>En 2022, durante cinco semanas, tropas rusas ocuparon las instalaciones, generando preocupaci\u00f3n internacional por la refrigeraci\u00f3n de las piscinas de combustible. El 14 de febrero de 2025, un impacto de dron abri\u00f3 un agujero de 15 metros cuadrados en la cubierta exterior del nuevo sarc\u00f3fago \u2013el denominado Arco de Chern\u00f3bil\u2013, provocando un incendio que se prolong\u00f3 durante casi tres semanas. La Agencia Internacional de Energ\u00eda At\u00f3mica (AIEA) determin\u00f3 que la estructura hab\u00eda perdido sus funciones principales de seguridad y confinamiento. La restauraci\u00f3n completa se prev\u00e9 para 2030.<\/p>\n<p>Las organizaciones convocantes se\u00f1alan que estos hechos ilustran la vulnerabilidad estructural de las instalaciones nucleares ante situaciones de conflicto armado o accidentes graves, y los consideran un argumento adicional para avanzar en el cierre ordenado y planificado de las centrales espa\u00f1olas.<\/p>\n<p><strong>Actividades previstas<\/strong><\/p>\n<p>Barcelona, 24 de abril de 17:00 a 21:00, Casal de Barri Transformadors (Carrer Ausi\u00e0s Marc, 60) Sant Jordi Social, firma de libro autobiogr\u00e1fico de Paca Blanco y charla antinuclear.<\/p>\n<p>Madrid, 26 de abril a las 12:00, Plaza de las Pe\u00f1uelas Asamblea abierta antinuclear.<\/p>\n<p>Salamanca, 26 de abril a las 13:00, Plaza Mayor, concentraci\u00f3n antinuclear.<\/p>\n<p>Zaragoza, 28 de abril a las 19:00, Centro Social Librer\u00eda \u201cLa Pantera Rossa\u201d (Calle San Vicente de Paul n\u00b0 28), firma de libro autobiogr\u00e1fico de Paca Blanco y charla antinuclear.<\/p>\n<p>Huesca, 30 de abril, AAVV del Barrio de Santiago (Av. de la Paz, 8), firma de libro autobiogr\u00e1fico de Paca Blanco y charla antinuclear.<\/p>","protected":false},"excerpt":{"rendered":"<p>En el aniversario de la tragedia de Chern\u00f3bil las organizaciones antinucleares anuncian una acci\u00f3n para exigir la jubilaci\u00f3n nuclear Una acci\u00f3n reivindicativa reclamar\u00e1 el 23 de mayo el cumplimiento estricto del cierre de Almaraz en noviembre de 2027 y el fin definitivo de la energ\u00eda nuclear en Espa\u00f1a para 2035. La convocatoria coincide con el [&hellip;]<\/p>\n","protected":false},"author":1,"featured_media":79009,"comment_status":"closed","ping_status":"closed","sticky":false,"template":"","format":"standard","meta":{"_acf_changed":false,"footnotes":""},"categories":[2711,2593],"tags":[2478,2507],"class_list":["post-79008","post","type-post","status-publish","format-standard","has-post-thumbnail","hentry","category-emergencia-climatica","category-internacional","tag-ecologia","tag-internacional"],"acf":[],"yoast_head":"<!-- This site is optimized with the Yoast SEO plugin v27.4 - https:\/\/yoast.com\/product\/yoast-seo-wordpress\/ -->\n<title>En el aniversario de la tragedia de Chern\u00f3bil las organizaciones antinucleares anuncian una acci\u00f3n para exigir la jubilaci\u00f3n nuclear - DLVRADIO<\/title>\n<meta name=\"description\" content=\"En el aniversario de la tragedia de Chern\u00f3bil las organizaciones antinucleares anuncian una acci\u00f3n para exigir la jubilaci\u00f3n nuclear Una acci\u00f3n\" \/>\n<meta name=\"robots\" content=\"index, follow, max-snippet:-1, max-image-preview:large, max-video-preview:-1\" \/>\n<link rel=\"canonical\" href=\"https:\/\/dlvradio.es\/en\/en-el-aniversario-de-la-tragedia-de-chernobil-las-organizaciones-antinucleares-anuncian-una-accion-para-exigir-la-jubilacion-nuclear\/\" \/>\n<meta property=\"og:locale\" content=\"en_US\" \/>\n<meta property=\"og:type\" content=\"article\" \/>\n<meta property=\"og:title\" content=\"En el aniversario de la tragedia de Chern\u00f3bil las organizaciones antinucleares anuncian una acci\u00f3n para exigir la jubilaci\u00f3n nuclear - DLVRADIO\" \/>\n<meta property=\"og:description\" content=\"En el aniversario de la tragedia de Chern\u00f3bil las organizaciones antinucleares anuncian una acci\u00f3n para exigir la jubilaci\u00f3n nuclear Una acci\u00f3n\" \/>\n<meta property=\"og:url\" content=\"https:\/\/dlvradio.es\/en\/en-el-aniversario-de-la-tragedia-de-chernobil-las-organizaciones-antinucleares-anuncian-una-accion-para-exigir-la-jubilacion-nuclear\/\" \/>\n<meta property=\"og:site_name\" content=\"DLVRADIO\" \/>\n<meta property=\"article:publisher\" content=\"https:\/\/www.facebook.com\/RadioDLVradio\/\" \/>\n<meta property=\"article:published_time\" content=\"2026-04-26T16:40:11+00:00\" \/>\n<meta property=\"og:image\" content=\"https:\/\/dlvradio.es\/wp-content\/uploads\/2026\/04\/dlvradio-1500-x-1500-px-5-768x768.png\" \/>\n\t<meta property=\"og:image:width\" content=\"768\" \/>\n\t<meta property=\"og:image:height\" content=\"768\" \/>\n\t<meta property=\"og:image:type\" content=\"image\/png\" \/>\n<meta name=\"author\" content=\"doominio\" \/>\n<meta name=\"twitter:card\" content=\"summary_large_image\" \/>\n<meta name=\"twitter:creator\" content=\"@RadioDlvradio\" \/>\n<meta name=\"twitter:site\" content=\"@RadioDlvradio\" \/>\n<script type=\"application\/ld+json\" class=\"yoast-schema-graph\">{\"@context\":\"https:\\\/\\\/schema.org\",\"@graph\":[{\"@type\":\"Article\",\"@id\":\"https:\\\/\\\/dlvradio.es\\\/en-el-aniversario-de-la-tragedia-de-chernobil-las-organizaciones-antinucleares-anuncian-una-accion-para-exigir-la-jubilacion-nuclear\\\/#article\",\"isPartOf\":{\"@id\":\"https:\\\/\\\/dlvradio.es\\\/en-el-aniversario-de-la-tragedia-de-chernobil-las-organizaciones-antinucleares-anuncian-una-accion-para-exigir-la-jubilacion-nuclear\\\/\"},\"author\":{\"name\":\"doominio\",\"@id\":\"https:\\\/\\\/dlvradio.es\\\/#\\\/schema\\\/person\\\/6ee60897fbb7fb4ad6634c73f4be87fa\"},\"headline\":\"En el aniversario de la tragedia de Chern\u00f3bil las organizaciones antinucleares anuncian una acci\u00f3n para exigir la jubilaci\u00f3n nuclear\",\"datePublished\":\"2026-04-26T16:40:11+00:00\",\"mainEntityOfPage\":{\"@id\":\"https:\\\/\\\/dlvradio.es\\\/en-el-aniversario-de-la-tragedia-de-chernobil-las-organizaciones-antinucleares-anuncian-una-accion-para-exigir-la-jubilacion-nuclear\\\/\"},\"wordCount\":985,\"publisher\":{\"@id\":\"https:\\\/\\\/dlvradio.es\\\/#organization\"},\"image\":{\"@id\":\"https:\\\/\\\/dlvradio.es\\\/en-el-aniversario-de-la-tragedia-de-chernobil-las-organizaciones-antinucleares-anuncian-una-accion-para-exigir-la-jubilacion-nuclear\\\/#primaryimage\"},\"thumbnailUrl\":\"https:\\\/\\\/dlvradio.es\\\/wp-content\\\/uploads\\\/2026\\\/04\\\/dlvradio-1500-x-1500-px-5.png\",\"keywords\":[\"ecolog\u00eda\",\"internacional\"],\"articleSection\":[\"Emergencia clim\u00e1tica\",\"Internacional\"],\"inLanguage\":\"en-US\"},{\"@type\":\"WebPage\",\"@id\":\"https:\\\/\\\/dlvradio.es\\\/en-el-aniversario-de-la-tragedia-de-chernobil-las-organizaciones-antinucleares-anuncian-una-accion-para-exigir-la-jubilacion-nuclear\\\/\",\"url\":\"https:\\\/\\\/dlvradio.es\\\/en-el-aniversario-de-la-tragedia-de-chernobil-las-organizaciones-antinucleares-anuncian-una-accion-para-exigir-la-jubilacion-nuclear\\\/\",\"name\":\"En el aniversario de la tragedia de Chern\u00f3bil las organizaciones antinucleares anuncian una acci\u00f3n para exigir la jubilaci\u00f3n nuclear - DLVRADIO\",\"isPartOf\":{\"@id\":\"https:\\\/\\\/dlvradio.es\\\/#website\"},\"primaryImageOfPage\":{\"@id\":\"https:\\\/\\\/dlvradio.es\\\/en-el-aniversario-de-la-tragedia-de-chernobil-las-organizaciones-antinucleares-anuncian-una-accion-para-exigir-la-jubilacion-nuclear\\\/#primaryimage\"},\"image\":{\"@id\":\"https:\\\/\\\/dlvradio.es\\\/en-el-aniversario-de-la-tragedia-de-chernobil-las-organizaciones-antinucleares-anuncian-una-accion-para-exigir-la-jubilacion-nuclear\\\/#primaryimage\"},\"thumbnailUrl\":\"https:\\\/\\\/dlvradio.es\\\/wp-content\\\/uploads\\\/2026\\\/04\\\/dlvradio-1500-x-1500-px-5.png\",\"datePublished\":\"2026-04-26T16:40:11+00:00\",\"description\":\"En el aniversario de la tragedia de Chern\u00f3bil las organizaciones antinucleares anuncian una acci\u00f3n para exigir la jubilaci\u00f3n nuclear Una acci\u00f3n\",\"breadcrumb\":{\"@id\":\"https:\\\/\\\/dlvradio.es\\\/en-el-aniversario-de-la-tragedia-de-chernobil-las-organizaciones-antinucleares-anuncian-una-accion-para-exigir-la-jubilacion-nuclear\\\/#breadcrumb\"},\"inLanguage\":\"en-US\",\"potentialAction\":[{\"@type\":\"ReadAction\",\"target\":[\"https:\\\/\\\/dlvradio.es\\\/en-el-aniversario-de-la-tragedia-de-chernobil-las-organizaciones-antinucleares-anuncian-una-accion-para-exigir-la-jubilacion-nuclear\\\/\"]}]},{\"@type\":\"ImageObject\",\"inLanguage\":\"en-US\",\"@id\":\"https:\\\/\\\/dlvradio.es\\\/en-el-aniversario-de-la-tragedia-de-chernobil-las-organizaciones-antinucleares-anuncian-una-accion-para-exigir-la-jubilacion-nuclear\\\/#primaryimage\",\"url\":\"https:\\\/\\\/dlvradio.es\\\/wp-content\\\/uploads\\\/2026\\\/04\\\/dlvradio-1500-x-1500-px-5.png\",\"contentUrl\":\"https:\\\/\\\/dlvradio.es\\\/wp-content\\\/uploads\\\/2026\\\/04\\\/dlvradio-1500-x-1500-px-5.png\",\"width\":1500,\"height\":1500,\"caption\":\"En el aniversario de la tragedia de Chern\u00f3bil las organizaciones antinucleares anuncian una acci\u00f3n para exigir la jubilaci\u00f3n nuclear\"},{\"@type\":\"BreadcrumbList\",\"@id\":\"https:\\\/\\\/dlvradio.es\\\/en-el-aniversario-de-la-tragedia-de-chernobil-las-organizaciones-antinucleares-anuncian-una-accion-para-exigir-la-jubilacion-nuclear\\\/#breadcrumb\",\"itemListElement\":[{\"@type\":\"ListItem\",\"position\":1,\"name\":\"Inicio\",\"item\":\"https:\\\/\\\/dlvradio.es\\\/\"},{\"@type\":\"ListItem\",\"position\":2,\"name\":\"En el aniversario de la tragedia de Chern\u00f3bil las organizaciones antinucleares anuncian una acci\u00f3n para exigir la jubilaci\u00f3n nuclear\"}]},{\"@type\":\"WebSite\",\"@id\":\"https:\\\/\\\/dlvradio.es\\\/#website\",\"url\":\"https:\\\/\\\/dlvradio.es\\\/\",\"name\":\"DLVRADIO\",\"description\":\"Somos un medio de comunicaci\u00f3n alternativo a los medios tradicionales\",\"publisher\":{\"@id\":\"https:\\\/\\\/dlvradio.es\\\/#organization\"},\"potentialAction\":[{\"@type\":\"SearchAction\",\"target\":{\"@type\":\"EntryPoint\",\"urlTemplate\":\"https:\\\/\\\/dlvradio.es\\\/?s={search_term_string}\"},\"query-input\":{\"@type\":\"PropertyValueSpecification\",\"valueRequired\":true,\"valueName\":\"search_term_string\"}}],\"inLanguage\":\"en-US\"},{\"@type\":\"Organization\",\"@id\":\"https:\\\/\\\/dlvradio.es\\\/#organization\",\"name\":\"DLVRADIO\",\"url\":\"https:\\\/\\\/dlvradio.es\\\/\",\"logo\":{\"@type\":\"ImageObject\",\"inLanguage\":\"en-US\",\"@id\":\"https:\\\/\\\/dlvradio.es\\\/#\\\/schema\\\/logo\\\/image\\\/\",\"url\":\"\",\"contentUrl\":\"\",\"caption\":\"DLVRADIO\"},\"image\":{\"@id\":\"https:\\\/\\\/dlvradio.es\\\/#\\\/schema\\\/logo\\\/image\\\/\"},\"sameAs\":[\"https:\\\/\\\/www.facebook.com\\\/RadioDLVradio\\\/\",\"https:\\\/\\\/x.com\\\/RadioDlvradio\",\"https:\\\/\\\/www.instagram.com\\\/radiodlvradio\\\/\"]},{\"@type\":\"Person\",\"@id\":\"https:\\\/\\\/dlvradio.es\\\/#\\\/schema\\\/person\\\/6ee60897fbb7fb4ad6634c73f4be87fa\",\"name\":\"doominio\",\"sameAs\":[\"https:\\\/\\\/dlvradio.es\"]}]}<\/script>\n<!-- \/ Yoast SEO plugin. -->","yoast_head_json":{"title":"En el aniversario de la tragedia de Chern\u00f3bil las organizaciones antinucleares anuncian una acci\u00f3n para exigir la jubilaci\u00f3n nuclear - DLVRADIO","description":"En el aniversario de la tragedia de Chern\u00f3bil las organizaciones antinucleares anuncian una acci\u00f3n para exigir la jubilaci\u00f3n nuclear Una acci\u00f3n","robots":{"index":"index","follow":"follow","max-snippet":"max-snippet:-1","max-image-preview":"max-image-preview:large","max-video-preview":"max-video-preview:-1"},"canonical":"https:\/\/dlvradio.es\/en\/en-el-aniversario-de-la-tragedia-de-chernobil-las-organizaciones-antinucleares-anuncian-una-accion-para-exigir-la-jubilacion-nuclear\/","og_locale":"en_US","og_type":"article","og_title":"En el aniversario de la tragedia de Chern\u00f3bil las organizaciones antinucleares anuncian una acci\u00f3n para exigir la jubilaci\u00f3n nuclear - DLVRADIO","og_description":"En el aniversario de la tragedia de Chern\u00f3bil las organizaciones antinucleares anuncian una acci\u00f3n para exigir la jubilaci\u00f3n nuclear Una acci\u00f3n","og_url":"https:\/\/dlvradio.es\/en\/en-el-aniversario-de-la-tragedia-de-chernobil-las-organizaciones-antinucleares-anuncian-una-accion-para-exigir-la-jubilacion-nuclear\/","og_site_name":"DLVRADIO","article_publisher":"https:\/\/www.facebook.com\/RadioDLVradio\/","article_published_time":"2026-04-26T16:40:11+00:00","og_image":[{"width":768,"height":768,"url":"https:\/\/dlvradio.es\/wp-content\/uploads\/2026\/04\/dlvradio-1500-x-1500-px-5-768x768.png","type":"image\/png"}],"author":"doominio","twitter_card":"summary_large_image","twitter_creator":"@RadioDlvradio","twitter_site":"@RadioDlvradio","schema":{"@context":"https:\/\/schema.org","@graph":[{"@type":"Article","@id":"https:\/\/dlvradio.es\/en-el-aniversario-de-la-tragedia-de-chernobil-las-organizaciones-antinucleares-anuncian-una-accion-para-exigir-la-jubilacion-nuclear\/#article","isPartOf":{"@id":"https:\/\/dlvradio.es\/en-el-aniversario-de-la-tragedia-de-chernobil-las-organizaciones-antinucleares-anuncian-una-accion-para-exigir-la-jubilacion-nuclear\/"},"author":{"name":"doominio","@id":"https:\/\/dlvradio.es\/#\/schema\/person\/6ee60897fbb7fb4ad6634c73f4be87fa"},"headline":"En el aniversario de la tragedia de Chern\u00f3bil las organizaciones antinucleares anuncian una acci\u00f3n para exigir la jubilaci\u00f3n nuclear","datePublished":"2026-04-26T16:40:11+00:00","mainEntityOfPage":{"@id":"https:\/\/dlvradio.es\/en-el-aniversario-de-la-tragedia-de-chernobil-las-organizaciones-antinucleares-anuncian-una-accion-para-exigir-la-jubilacion-nuclear\/"},"wordCount":985,"publisher":{"@id":"https:\/\/dlvradio.es\/#organization"},"image":{"@id":"https:\/\/dlvradio.es\/en-el-aniversario-de-la-tragedia-de-chernobil-las-organizaciones-antinucleares-anuncian-una-accion-para-exigir-la-jubilacion-nuclear\/#primaryimage"},"thumbnailUrl":"https:\/\/dlvradio.es\/wp-content\/uploads\/2026\/04\/dlvradio-1500-x-1500-px-5.png","keywords":["ecolog\u00eda","internacional"],"articleSection":["Emergencia clim\u00e1tica","Internacional"],"inLanguage":"en-US"},{"@type":"WebPage","@id":"https:\/\/dlvradio.es\/en-el-aniversario-de-la-tragedia-de-chernobil-las-organizaciones-antinucleares-anuncian-una-accion-para-exigir-la-jubilacion-nuclear\/","url":"https:\/\/dlvradio.es\/en-el-aniversario-de-la-tragedia-de-chernobil-las-organizaciones-antinucleares-anuncian-una-accion-para-exigir-la-jubilacion-nuclear\/","name":"En el aniversario de la tragedia de Chern\u00f3bil las organizaciones antinucleares anuncian una acci\u00f3n para exigir la jubilaci\u00f3n nuclear - DLVRADIO","isPartOf":{"@id":"https:\/\/dlvradio.es\/#website"},"primaryImageOfPage":{"@id":"https:\/\/dlvradio.es\/en-el-aniversario-de-la-tragedia-de-chernobil-las-organizaciones-antinucleares-anuncian-una-accion-para-exigir-la-jubilacion-nuclear\/#primaryimage"},"image":{"@id":"https:\/\/dlvradio.es\/en-el-aniversario-de-la-tragedia-de-chernobil-las-organizaciones-antinucleares-anuncian-una-accion-para-exigir-la-jubilacion-nuclear\/#primaryimage"},"thumbnailUrl":"https:\/\/dlvradio.es\/wp-content\/uploads\/2026\/04\/dlvradio-1500-x-1500-px-5.png","datePublished":"2026-04-26T16:40:11+00:00","description":"En el aniversario de la tragedia de Chern\u00f3bil las organizaciones antinucleares anuncian una acci\u00f3n para exigir la jubilaci\u00f3n nuclear Una acci\u00f3n","breadcrumb":{"@id":"https:\/\/dlvradio.es\/en-el-aniversario-de-la-tragedia-de-chernobil-las-organizaciones-antinucleares-anuncian-una-accion-para-exigir-la-jubilacion-nuclear\/#breadcrumb"},"inLanguage":"en-US","potentialAction":[{"@type":"ReadAction","target":["https:\/\/dlvradio.es\/en-el-aniversario-de-la-tragedia-de-chernobil-las-organizaciones-antinucleares-anuncian-una-accion-para-exigir-la-jubilacion-nuclear\/"]}]},{"@type":"ImageObject","inLanguage":"en-US","@id":"https:\/\/dlvradio.es\/en-el-aniversario-de-la-tragedia-de-chernobil-las-organizaciones-antinucleares-anuncian-una-accion-para-exigir-la-jubilacion-nuclear\/#primaryimage","url":"https:\/\/dlvradio.es\/wp-content\/uploads\/2026\/04\/dlvradio-1500-x-1500-px-5.png","contentUrl":"https:\/\/dlvradio.es\/wp-content\/uploads\/2026\/04\/dlvradio-1500-x-1500-px-5.png","width":1500,"height":1500,"caption":"En el aniversario de la tragedia de Chern\u00f3bil las organizaciones antinucleares anuncian una acci\u00f3n para exigir la jubilaci\u00f3n nuclear"},{"@type":"BreadcrumbList","@id":"https:\/\/dlvradio.es\/en-el-aniversario-de-la-tragedia-de-chernobil-las-organizaciones-antinucleares-anuncian-una-accion-para-exigir-la-jubilacion-nuclear\/#breadcrumb","itemListElement":[{"@type":"ListItem","position":1,"name":"Inicio","item":"https:\/\/dlvradio.es\/"},{"@type":"ListItem","position":2,"name":"En el aniversario de la tragedia de Chern\u00f3bil las organizaciones antinucleares anuncian una acci\u00f3n para exigir la jubilaci\u00f3n nuclear"}]},{"@type":"WebSite","@id":"https:\/\/dlvradio.es\/#website","url":"https:\/\/dlvradio.es\/","name":"DLVRADIO","description":"We are an alternative media to traditional media","publisher":{"@id":"https:\/\/dlvradio.es\/#organization"},"potentialAction":[{"@type":"SearchAction","target":{"@type":"EntryPoint","urlTemplate":"https:\/\/dlvradio.es\/?s={search_term_string}"},"query-input":{"@type":"PropertyValueSpecification","valueRequired":true,"valueName":"search_term_string"}}],"inLanguage":"en-US"},{"@type":"Organization","@id":"https:\/\/dlvradio.es\/#organization","name":"DLVRADIO","url":"https:\/\/dlvradio.es\/","logo":{"@type":"ImageObject","inLanguage":"en-US","@id":"https:\/\/dlvradio.es\/#\/schema\/logo\/image\/","url":"","contentUrl":"","caption":"DLVRADIO"},"image":{"@id":"https:\/\/dlvradio.es\/#\/schema\/logo\/image\/"},"sameAs":["https:\/\/www.facebook.com\/RadioDLVradio\/","https:\/\/x.com\/RadioDlvradio","https:\/\/www.instagram.com\/radiodlvradio\/"]},{"@type":"Person","@id":"https:\/\/dlvradio.es\/#\/schema\/person\/6ee60897fbb7fb4ad6634c73f4be87fa","name":"doominio","sameAs":["https:\/\/dlvradio.es"]}]}},"_links":{"self":[{"href":"https:\/\/dlvradio.es\/en\/wp-json\/wp\/v2\/posts\/79008","targetHints":{"allow":["GET"]}}],"collection":[{"href":"https:\/\/dlvradio.es\/en\/wp-json\/wp\/v2\/posts"}],"about":[{"href":"https:\/\/dlvradio.es\/en\/wp-json\/wp\/v2\/types\/post"}],"author":[{"embeddable":true,"href":"https:\/\/dlvradio.es\/en\/wp-json\/wp\/v2\/users\/1"}],"replies":[{"embeddable":true,"href":"https:\/\/dlvradio.es\/en\/wp-json\/wp\/v2\/comments?post=79008"}],"version-history":[{"count":1,"href":"https:\/\/dlvradio.es\/en\/wp-json\/wp\/v2\/posts\/79008\/revisions"}],"predecessor-version":[{"id":79010,"href":"https:\/\/dlvradio.es\/en\/wp-json\/wp\/v2\/posts\/79008\/revisions\/79010"}],"wp:featuredmedia":[{"embeddable":true,"href":"https:\/\/dlvradio.es\/en\/wp-json\/wp\/v2\/media\/79009"}],"wp:attachment":[{"href":"https:\/\/dlvradio.es\/en\/wp-json\/wp\/v2\/media?parent=79008"}],"wp:term":[{"taxonomy":"category","embeddable":true,"href":"https:\/\/dlvradio.es\/en\/wp-json\/wp\/v2\/categories?post=79008"},{"taxonomy":"post_tag","embeddable":true,"href":"https:\/\/dlvradio.es\/en\/wp-json\/wp\/v2\/tags?post=79008"}],"curies":[{"name":"wp","href":"https:\/\/api.w.org\/{rel}","templated":true}]}}