{"id":79011,"date":"2026-04-26T18:52:28","date_gmt":"2026-04-26T16:52:28","guid":{"rendered":"https:\/\/dlvradio.es\/?p=79011"},"modified":"2026-04-26T18:52:28","modified_gmt":"2026-04-26T16:52:28","slug":"conferencia-de-santa-marta-mas-de-340-organizaciones-alertan","status":"publish","type":"post","link":"https:\/\/dlvradio.es\/en\/conferencia-de-santa-marta-mas-de-340-organizaciones-alertan\/","title":{"rendered":"Conferencia de Santa Marta: M\u00e1s de 340 organizaciones alertan"},"content":{"rendered":"<h3><strong>Conferencia de Santa Marta: M\u00e1s de 340 organizaciones alertan de que los tribunales de arbitraje internacionales amenazan la transici\u00f3n ecol\u00f3gica y la democracia<\/strong><\/h3>\n<ul>\n<li><strong><em>En el marco de la cita de Santa Marta (Colombia), una amplia coalici\u00f3n internacional llama a los gobiernos a abandonar el sistema de arbitraje inversor-Estado (ISDS) y construir una alianza global para superarlo.<\/em><\/strong><\/li>\n<li><strong><em>Trabajar por un futuro libre de combustibles f\u00f3siles es incompatible con la existencia de este mecanismo que limita la acci\u00f3n clim\u00e1tica y las pol\u00edticas ambientales de los Estados.<\/em><\/strong><\/li>\n<\/ul>\n<p>Hoy comienza la Primera Conferencia Internacional para la Transici\u00f3n m\u00e1s all\u00e1 de los Combustibles F\u00f3siles, que tendr\u00e1 lugar hasta el 29 de abril en Santa Marta (Colombia), con el objetivo de construir impulso pol\u00edtico y apoyo para crear e implementar v\u00edas concretas hacia la eliminaci\u00f3n progresiva de los combustibles f\u00f3siles a escala global.\u00a0 En este marco, m\u00e1s de 340 organizaciones advierten de que este futuro libre de combustibles f\u00f3siles es incompatible con la existencia de sistemas de soluci\u00f3n de controversias entre inversores y Estados (ISDS, por sus siglas en ingl\u00e9s).<\/p>\n<p>Para ello, las organizaciones, entre las que se encuentra Ecologistas en Acci\u00f3n, han firmado una declaraci\u00f3n conjunta en la que se\u00f1alan que los ISDS, incluidos en cientos de tratados de comercio e inversi\u00f3n, representan una amenaza directa para una transici\u00f3n ecol\u00f3gica justa y para la soberan\u00eda democr\u00e1tica de los pa\u00edses.<\/p>\n<p>Las organizaciones firmantes celebran que este riesgo haya sido incluido entre los temas centrales de la Conferencia de Santa Marta -una iniciativa impulsado por el Gobierno de Colombia y presidida tambi\u00e9n por Pa\u00edses Bajos- pero subrayan la urgencia de adoptar medidas concretas.<\/p>\n<p>El sistema ISDS permite a empresas transnacionales demandar a los Estados en tribunales arbitrales privados cuando consideran que una pol\u00edtica p\u00fablica afecta a sus expectativas de beneficio. Este sistema otorga privilegios extraordinarios a grandes inversores, sin equivalentes para peque\u00f1as empresas, ciudadan\u00eda o comunidades afectadas.<\/p>\n<p>Un ejemplo reciente de este mecanismo es la resoluci\u00f3n final, esta semana, del Centro Internacional de Arreglo de Diferencias Relativas a Inversiones (Ciadi), un organismo de arbitraje internacional que ha resuelto en favor de Telef\u00f3nica el procedimiento que enfrentaba al grupo de telecomunicaciones con el Estado de Colombia. A consecuencia de ello, el Gobierno de Colombia deber\u00e1 pagar m\u00e1s de 500 millones a Telef\u00f3nica por una disputa legal sobre las redes m\u00f3viles desde 1994. Todo ello, en un momento en el que su presidente, Gustavo Petro, ha propuesto formalmente la salida de Colombia del Ciadi, calificando a estos tribunales como organismos que \u201clesionan la soberan\u00eda nacional\u201d.<\/p>\n<p><strong>Freno a la acci\u00f3n clim\u00e1tica<\/strong><\/p>\n<p>Seg\u00fan la declaraci\u00f3n, los impactos del ISDS son amplios y profundos: desde la salud p\u00fablica y los servicios esenciales hasta la regulaci\u00f3n ambiental y la seguridad nacional. Las organizaciones denuncian que se trata de un mecanismo \u201cprofundamente antidemocr\u00e1tico\u201d que socava derechos, soberan\u00eda y autodeterminaci\u00f3n.<\/p>\n<p>En el \u00e1mbito clim\u00e1tico, las consecuencias son especialmente graves. Desde 1998, empresas de combustibles f\u00f3siles y del sector minero han obtenido m\u00e1s de 87.000 millones de d\u00f3lares en compensaciones mediante este sistema. En los \u00faltimos a\u00f1os, adem\u00e1s, han aumentado las demandas contra pol\u00edticas espec\u00edficas de transici\u00f3n energ\u00e9tica, incluyendo medidas de descarbonizaci\u00f3n, restricciones a nuevas licencias de extracci\u00f3n, impuestos a beneficios extraordinarios o prohibiciones al fracking y la explotaci\u00f3n offshore.<\/p>\n<p>Las organizaciones alertan tambi\u00e9n del llamado \u201cefecto de congelaci\u00f3n regulatoria\u201d: el temor a enfrentarse a demandas multimillonarias lleva a muchos gobiernos a retrasar o abandonar pol\u00edticas clim\u00e1ticas necesarias. Este fen\u00f3meno, ya reconocido por diversos pa\u00edses, pone en riesgo la capacidad global para responder a la crisis clim\u00e1tica. Las comunidades m\u00e1s afectadas por el cambio clim\u00e1tico \u2014y por proyectos extractivos\u2014 son, a su vez, las m\u00e1s perjudicadas por este sistema, que limita la capacidad de los Estados para proteger sus territorios y derechos frente a intereses corporativos.<\/p>\n<p>La declaraci\u00f3n recoge las crecientes preocupaciones expresadas por organismos internacionales. Informes recientes han se\u00f1alado la incompatibilidad del ISDS con los compromisos clim\u00e1ticos y de derechos humanos, subrayando que los tratados de inversi\u00f3n deben interpretarse en coherencia con el derecho internacional ambiental y las obligaciones clim\u00e1ticas de los Estados.<\/p>\n<p>Ante este escenario, las m\u00e1s de 340 organizaciones firmantes hacen un llamamiento a los gobiernos para construir una coalici\u00f3n internacional comprometida con salir del ISDS.<\/p>\n<p><strong>Entre las medidas propuestas se incluyen:<\/strong><\/p>\n<p>\u2014 Cancelar o renegociar tratados de inversi\u00f3n para eliminar el ISDS, abordando las cl\u00e1usulas de supervivencia.<\/p>\n<p>\u2014 Coordinarse entre pa\u00edses para facilitar una salida colectiva del sistema.<\/p>\n<p>\u2014 Comprometerse a no firmar nuevos acuerdos que incluyan ISDS.<\/p>\n<p>\u2014 Incorporar su eliminaci\u00f3n en futuros marcos internacionales, como un Tratado sobre Combustibles F\u00f3siles.<\/p>\n<p>\u2014 Impulsar un tratado multilateral que permita avanzar hacia un mundo libre de ISDS.<\/p>\n<p>Las organizaciones concluyen que abandonar este sistema no es solo una cuesti\u00f3n t\u00e9cnica, sino una condici\u00f3n imprescindible para garantizar una transici\u00f3n energ\u00e9tica justa, proteger el inter\u00e9s p\u00fablico y reforzar la democracia frente al poder corporativo.<\/p>","protected":false},"excerpt":{"rendered":"<p>Conferencia de Santa Marta: M\u00e1s de 340 organizaciones alertan de que los tribunales de arbitraje internacionales amenazan la transici\u00f3n ecol\u00f3gica y la democracia En el marco de la cita de Santa Marta (Colombia), una amplia coalici\u00f3n internacional llama a los gobiernos a abandonar el sistema de arbitraje inversor-Estado (ISDS) y construir una alianza global para [&hellip;]<\/p>\n","protected":false},"author":1,"featured_media":79012,"comment_status":"closed","ping_status":"closed","sticky":false,"template":"","format":"standard","meta":{"_acf_changed":false,"footnotes":""},"categories":[2711,2593],"tags":[2478,2507],"class_list":["post-79011","post","type-post","status-publish","format-standard","has-post-thumbnail","hentry","category-emergencia-climatica","category-internacional","tag-ecologia","tag-internacional"],"acf":[],"yoast_head":"<!-- This site is optimized with the Yoast SEO plugin v27.4 - https:\/\/yoast.com\/product\/yoast-seo-wordpress\/ -->\n<title>Conferencia de Santa Marta: M\u00e1s de 340 organizaciones alertan - DLVRADIO<\/title>\n<meta name=\"description\" content=\"Conferencia de Santa Marta: M\u00e1s de 340 organizaciones alertan de que los tribunales de arbitraje internacionales amenazan la transici\u00f3n ecol\u00f3gica y la\" \/>\n<meta name=\"robots\" content=\"index, follow, max-snippet:-1, max-image-preview:large, max-video-preview:-1\" \/>\n<link rel=\"canonical\" href=\"https:\/\/dlvradio.es\/en\/conferencia-de-santa-marta-mas-de-340-organizaciones-alertan\/\" \/>\n<meta property=\"og:locale\" content=\"en_US\" \/>\n<meta property=\"og:type\" content=\"article\" \/>\n<meta property=\"og:title\" content=\"Conferencia de Santa Marta: M\u00e1s de 340 organizaciones alertan - DLVRADIO\" \/>\n<meta property=\"og:description\" content=\"Conferencia de Santa Marta: M\u00e1s de 340 organizaciones alertan de que los tribunales de arbitraje internacionales amenazan la transici\u00f3n ecol\u00f3gica y la\" \/>\n<meta property=\"og:url\" content=\"https:\/\/dlvradio.es\/en\/conferencia-de-santa-marta-mas-de-340-organizaciones-alertan\/\" \/>\n<meta property=\"og:site_name\" content=\"DLVRADIO\" \/>\n<meta property=\"article:publisher\" content=\"https:\/\/www.facebook.com\/RadioDLVradio\/\" \/>\n<meta property=\"article:published_time\" content=\"2026-04-26T16:52:28+00:00\" \/>\n<meta property=\"og:image\" content=\"https:\/\/dlvradio.es\/wp-content\/uploads\/2026\/04\/dlvradio-1500-x-1500-px-1-3-1024x1024.png\" \/>\n\t<meta property=\"og:image:width\" content=\"1024\" \/>\n\t<meta property=\"og:image:height\" content=\"1024\" \/>\n\t<meta property=\"og:image:type\" content=\"image\/png\" \/>\n<meta name=\"author\" content=\"doominio\" \/>\n<meta name=\"twitter:card\" content=\"summary_large_image\" \/>\n<meta name=\"twitter:creator\" content=\"@RadioDlvradio\" \/>\n<meta name=\"twitter:site\" content=\"@RadioDlvradio\" \/>\n<script type=\"application\/ld+json\" class=\"yoast-schema-graph\">{\"@context\":\"https:\\\/\\\/schema.org\",\"@graph\":[{\"@type\":\"Article\",\"@id\":\"https:\\\/\\\/dlvradio.es\\\/conferencia-de-santa-marta-mas-de-340-organizaciones-alertan\\\/#article\",\"isPartOf\":{\"@id\":\"https:\\\/\\\/dlvradio.es\\\/conferencia-de-santa-marta-mas-de-340-organizaciones-alertan\\\/\"},\"author\":{\"name\":\"doominio\",\"@id\":\"https:\\\/\\\/dlvradio.es\\\/#\\\/schema\\\/person\\\/6ee60897fbb7fb4ad6634c73f4be87fa\"},\"headline\":\"Conferencia de Santa Marta: M\u00e1s de 340 organizaciones alertan\",\"datePublished\":\"2026-04-26T16:52:28+00:00\",\"mainEntityOfPage\":{\"@id\":\"https:\\\/\\\/dlvradio.es\\\/conferencia-de-santa-marta-mas-de-340-organizaciones-alertan\\\/\"},\"wordCount\":886,\"publisher\":{\"@id\":\"https:\\\/\\\/dlvradio.es\\\/#organization\"},\"image\":{\"@id\":\"https:\\\/\\\/dlvradio.es\\\/conferencia-de-santa-marta-mas-de-340-organizaciones-alertan\\\/#primaryimage\"},\"thumbnailUrl\":\"https:\\\/\\\/dlvradio.es\\\/wp-content\\\/uploads\\\/2026\\\/04\\\/dlvradio-1500-x-1500-px-1-3.png\",\"keywords\":[\"ecolog\u00eda\",\"internacional\"],\"articleSection\":[\"Emergencia clim\u00e1tica\",\"Internacional\"],\"inLanguage\":\"en-US\"},{\"@type\":\"WebPage\",\"@id\":\"https:\\\/\\\/dlvradio.es\\\/conferencia-de-santa-marta-mas-de-340-organizaciones-alertan\\\/\",\"url\":\"https:\\\/\\\/dlvradio.es\\\/conferencia-de-santa-marta-mas-de-340-organizaciones-alertan\\\/\",\"name\":\"Conferencia de Santa Marta: M\u00e1s de 340 organizaciones alertan - DLVRADIO\",\"isPartOf\":{\"@id\":\"https:\\\/\\\/dlvradio.es\\\/#website\"},\"primaryImageOfPage\":{\"@id\":\"https:\\\/\\\/dlvradio.es\\\/conferencia-de-santa-marta-mas-de-340-organizaciones-alertan\\\/#primaryimage\"},\"image\":{\"@id\":\"https:\\\/\\\/dlvradio.es\\\/conferencia-de-santa-marta-mas-de-340-organizaciones-alertan\\\/#primaryimage\"},\"thumbnailUrl\":\"https:\\\/\\\/dlvradio.es\\\/wp-content\\\/uploads\\\/2026\\\/04\\\/dlvradio-1500-x-1500-px-1-3.png\",\"datePublished\":\"2026-04-26T16:52:28+00:00\",\"description\":\"Conferencia de Santa Marta: M\u00e1s de 340 organizaciones alertan de que los tribunales de arbitraje internacionales amenazan la transici\u00f3n ecol\u00f3gica y la\",\"breadcrumb\":{\"@id\":\"https:\\\/\\\/dlvradio.es\\\/conferencia-de-santa-marta-mas-de-340-organizaciones-alertan\\\/#breadcrumb\"},\"inLanguage\":\"en-US\",\"potentialAction\":[{\"@type\":\"ReadAction\",\"target\":[\"https:\\\/\\\/dlvradio.es\\\/conferencia-de-santa-marta-mas-de-340-organizaciones-alertan\\\/\"]}]},{\"@type\":\"ImageObject\",\"inLanguage\":\"en-US\",\"@id\":\"https:\\\/\\\/dlvradio.es\\\/conferencia-de-santa-marta-mas-de-340-organizaciones-alertan\\\/#primaryimage\",\"url\":\"https:\\\/\\\/dlvradio.es\\\/wp-content\\\/uploads\\\/2026\\\/04\\\/dlvradio-1500-x-1500-px-1-3.png\",\"contentUrl\":\"https:\\\/\\\/dlvradio.es\\\/wp-content\\\/uploads\\\/2026\\\/04\\\/dlvradio-1500-x-1500-px-1-3.png\",\"width\":1500,\"height\":1500,\"caption\":\"Conferencia de Santa Marta: M\u00e1s de 340 organizaciones alertan\"},{\"@type\":\"BreadcrumbList\",\"@id\":\"https:\\\/\\\/dlvradio.es\\\/conferencia-de-santa-marta-mas-de-340-organizaciones-alertan\\\/#breadcrumb\",\"itemListElement\":[{\"@type\":\"ListItem\",\"position\":1,\"name\":\"Inicio\",\"item\":\"https:\\\/\\\/dlvradio.es\\\/\"},{\"@type\":\"ListItem\",\"position\":2,\"name\":\"Conferencia de Santa Marta: M\u00e1s de 340 organizaciones alertan\"}]},{\"@type\":\"WebSite\",\"@id\":\"https:\\\/\\\/dlvradio.es\\\/#website\",\"url\":\"https:\\\/\\\/dlvradio.es\\\/\",\"name\":\"DLVRADIO\",\"description\":\"Somos un medio de comunicaci\u00f3n alternativo a los medios tradicionales\",\"publisher\":{\"@id\":\"https:\\\/\\\/dlvradio.es\\\/#organization\"},\"potentialAction\":[{\"@type\":\"SearchAction\",\"target\":{\"@type\":\"EntryPoint\",\"urlTemplate\":\"https:\\\/\\\/dlvradio.es\\\/?s={search_term_string}\"},\"query-input\":{\"@type\":\"PropertyValueSpecification\",\"valueRequired\":true,\"valueName\":\"search_term_string\"}}],\"inLanguage\":\"en-US\"},{\"@type\":\"Organization\",\"@id\":\"https:\\\/\\\/dlvradio.es\\\/#organization\",\"name\":\"DLVRADIO\",\"url\":\"https:\\\/\\\/dlvradio.es\\\/\",\"logo\":{\"@type\":\"ImageObject\",\"inLanguage\":\"en-US\",\"@id\":\"https:\\\/\\\/dlvradio.es\\\/#\\\/schema\\\/logo\\\/image\\\/\",\"url\":\"\",\"contentUrl\":\"\",\"caption\":\"DLVRADIO\"},\"image\":{\"@id\":\"https:\\\/\\\/dlvradio.es\\\/#\\\/schema\\\/logo\\\/image\\\/\"},\"sameAs\":[\"https:\\\/\\\/www.facebook.com\\\/RadioDLVradio\\\/\",\"https:\\\/\\\/x.com\\\/RadioDlvradio\",\"https:\\\/\\\/www.instagram.com\\\/radiodlvradio\\\/\"]},{\"@type\":\"Person\",\"@id\":\"https:\\\/\\\/dlvradio.es\\\/#\\\/schema\\\/person\\\/6ee60897fbb7fb4ad6634c73f4be87fa\",\"name\":\"doominio\",\"sameAs\":[\"https:\\\/\\\/dlvradio.es\"]}]}<\/script>\n<!-- \/ Yoast SEO plugin. -->","yoast_head_json":{"title":"Conferencia de Santa Marta: M\u00e1s de 340 organizaciones alertan - DLVRADIO","description":"Conferencia de Santa Marta: M\u00e1s de 340 organizaciones alertan de que los tribunales de arbitraje internacionales amenazan la transici\u00f3n ecol\u00f3gica y la","robots":{"index":"index","follow":"follow","max-snippet":"max-snippet:-1","max-image-preview":"max-image-preview:large","max-video-preview":"max-video-preview:-1"},"canonical":"https:\/\/dlvradio.es\/en\/conferencia-de-santa-marta-mas-de-340-organizaciones-alertan\/","og_locale":"en_US","og_type":"article","og_title":"Conferencia de Santa Marta: M\u00e1s de 340 organizaciones alertan - DLVRADIO","og_description":"Conferencia de Santa Marta: M\u00e1s de 340 organizaciones alertan de que los tribunales de arbitraje internacionales amenazan la transici\u00f3n ecol\u00f3gica y la","og_url":"https:\/\/dlvradio.es\/en\/conferencia-de-santa-marta-mas-de-340-organizaciones-alertan\/","og_site_name":"DLVRADIO","article_publisher":"https:\/\/www.facebook.com\/RadioDLVradio\/","article_published_time":"2026-04-26T16:52:28+00:00","og_image":[{"width":1024,"height":1024,"url":"https:\/\/dlvradio.es\/wp-content\/uploads\/2026\/04\/dlvradio-1500-x-1500-px-1-3-1024x1024.png","type":"image\/png"}],"author":"doominio","twitter_card":"summary_large_image","twitter_creator":"@RadioDlvradio","twitter_site":"@RadioDlvradio","schema":{"@context":"https:\/\/schema.org","@graph":[{"@type":"Article","@id":"https:\/\/dlvradio.es\/conferencia-de-santa-marta-mas-de-340-organizaciones-alertan\/#article","isPartOf":{"@id":"https:\/\/dlvradio.es\/conferencia-de-santa-marta-mas-de-340-organizaciones-alertan\/"},"author":{"name":"doominio","@id":"https:\/\/dlvradio.es\/#\/schema\/person\/6ee60897fbb7fb4ad6634c73f4be87fa"},"headline":"Conferencia de Santa Marta: M\u00e1s de 340 organizaciones alertan","datePublished":"2026-04-26T16:52:28+00:00","mainEntityOfPage":{"@id":"https:\/\/dlvradio.es\/conferencia-de-santa-marta-mas-de-340-organizaciones-alertan\/"},"wordCount":886,"publisher":{"@id":"https:\/\/dlvradio.es\/#organization"},"image":{"@id":"https:\/\/dlvradio.es\/conferencia-de-santa-marta-mas-de-340-organizaciones-alertan\/#primaryimage"},"thumbnailUrl":"https:\/\/dlvradio.es\/wp-content\/uploads\/2026\/04\/dlvradio-1500-x-1500-px-1-3.png","keywords":["ecolog\u00eda","internacional"],"articleSection":["Emergencia clim\u00e1tica","Internacional"],"inLanguage":"en-US"},{"@type":"WebPage","@id":"https:\/\/dlvradio.es\/conferencia-de-santa-marta-mas-de-340-organizaciones-alertan\/","url":"https:\/\/dlvradio.es\/conferencia-de-santa-marta-mas-de-340-organizaciones-alertan\/","name":"Conferencia de Santa Marta: M\u00e1s de 340 organizaciones alertan - DLVRADIO","isPartOf":{"@id":"https:\/\/dlvradio.es\/#website"},"primaryImageOfPage":{"@id":"https:\/\/dlvradio.es\/conferencia-de-santa-marta-mas-de-340-organizaciones-alertan\/#primaryimage"},"image":{"@id":"https:\/\/dlvradio.es\/conferencia-de-santa-marta-mas-de-340-organizaciones-alertan\/#primaryimage"},"thumbnailUrl":"https:\/\/dlvradio.es\/wp-content\/uploads\/2026\/04\/dlvradio-1500-x-1500-px-1-3.png","datePublished":"2026-04-26T16:52:28+00:00","description":"Conferencia de Santa Marta: M\u00e1s de 340 organizaciones alertan de que los tribunales de arbitraje internacionales amenazan la transici\u00f3n ecol\u00f3gica y la","breadcrumb":{"@id":"https:\/\/dlvradio.es\/conferencia-de-santa-marta-mas-de-340-organizaciones-alertan\/#breadcrumb"},"inLanguage":"en-US","potentialAction":[{"@type":"ReadAction","target":["https:\/\/dlvradio.es\/conferencia-de-santa-marta-mas-de-340-organizaciones-alertan\/"]}]},{"@type":"ImageObject","inLanguage":"en-US","@id":"https:\/\/dlvradio.es\/conferencia-de-santa-marta-mas-de-340-organizaciones-alertan\/#primaryimage","url":"https:\/\/dlvradio.es\/wp-content\/uploads\/2026\/04\/dlvradio-1500-x-1500-px-1-3.png","contentUrl":"https:\/\/dlvradio.es\/wp-content\/uploads\/2026\/04\/dlvradio-1500-x-1500-px-1-3.png","width":1500,"height":1500,"caption":"Conferencia de Santa Marta: M\u00e1s de 340 organizaciones alertan"},{"@type":"BreadcrumbList","@id":"https:\/\/dlvradio.es\/conferencia-de-santa-marta-mas-de-340-organizaciones-alertan\/#breadcrumb","itemListElement":[{"@type":"ListItem","position":1,"name":"Inicio","item":"https:\/\/dlvradio.es\/"},{"@type":"ListItem","position":2,"name":"Conferencia de Santa Marta: M\u00e1s de 340 organizaciones alertan"}]},{"@type":"WebSite","@id":"https:\/\/dlvradio.es\/#website","url":"https:\/\/dlvradio.es\/","name":"DLVRADIO","description":"We are an alternative media to traditional media","publisher":{"@id":"https:\/\/dlvradio.es\/#organization"},"potentialAction":[{"@type":"SearchAction","target":{"@type":"EntryPoint","urlTemplate":"https:\/\/dlvradio.es\/?s={search_term_string}"},"query-input":{"@type":"PropertyValueSpecification","valueRequired":true,"valueName":"search_term_string"}}],"inLanguage":"en-US"},{"@type":"Organization","@id":"https:\/\/dlvradio.es\/#organization","name":"DLVRADIO","url":"https:\/\/dlvradio.es\/","logo":{"@type":"ImageObject","inLanguage":"en-US","@id":"https:\/\/dlvradio.es\/#\/schema\/logo\/image\/","url":"","contentUrl":"","caption":"DLVRADIO"},"image":{"@id":"https:\/\/dlvradio.es\/#\/schema\/logo\/image\/"},"sameAs":["https:\/\/www.facebook.com\/RadioDLVradio\/","https:\/\/x.com\/RadioDlvradio","https:\/\/www.instagram.com\/radiodlvradio\/"]},{"@type":"Person","@id":"https:\/\/dlvradio.es\/#\/schema\/person\/6ee60897fbb7fb4ad6634c73f4be87fa","name":"doominio","sameAs":["https:\/\/dlvradio.es"]}]}},"_links":{"self":[{"href":"https:\/\/dlvradio.es\/en\/wp-json\/wp\/v2\/posts\/79011","targetHints":{"allow":["GET"]}}],"collection":[{"href":"https:\/\/dlvradio.es\/en\/wp-json\/wp\/v2\/posts"}],"about":[{"href":"https:\/\/dlvradio.es\/en\/wp-json\/wp\/v2\/types\/post"}],"author":[{"embeddable":true,"href":"https:\/\/dlvradio.es\/en\/wp-json\/wp\/v2\/users\/1"}],"replies":[{"embeddable":true,"href":"https:\/\/dlvradio.es\/en\/wp-json\/wp\/v2\/comments?post=79011"}],"version-history":[{"count":1,"href":"https:\/\/dlvradio.es\/en\/wp-json\/wp\/v2\/posts\/79011\/revisions"}],"predecessor-version":[{"id":79013,"href":"https:\/\/dlvradio.es\/en\/wp-json\/wp\/v2\/posts\/79011\/revisions\/79013"}],"wp:featuredmedia":[{"embeddable":true,"href":"https:\/\/dlvradio.es\/en\/wp-json\/wp\/v2\/media\/79012"}],"wp:attachment":[{"href":"https:\/\/dlvradio.es\/en\/wp-json\/wp\/v2\/media?parent=79011"}],"wp:term":[{"taxonomy":"category","embeddable":true,"href":"https:\/\/dlvradio.es\/en\/wp-json\/wp\/v2\/categories?post=79011"},{"taxonomy":"post_tag","embeddable":true,"href":"https:\/\/dlvradio.es\/en\/wp-json\/wp\/v2\/tags?post=79011"}],"curies":[{"name":"wp","href":"https:\/\/api.w.org\/{rel}","templated":true}]}}