{"id":79014,"date":"2026-04-27T12:11:23","date_gmt":"2026-04-27T10:11:23","guid":{"rendered":"https:\/\/dlvradio.es\/?p=79014"},"modified":"2026-04-27T12:12:09","modified_gmt":"2026-04-27T10:12:09","slug":"proyecto-de-real-decreto-para-la-creacion-de-un-listado-positivo-de-animales-de-compania","status":"publish","type":"post","link":"https:\/\/dlvradio.es\/en\/proyecto-de-real-decreto-para-la-creacion-de-un-listado-positivo-de-animales-de-compania\/","title":{"rendered":"Proyecto de Real Decreto para la creaci\u00f3n de un Listado Positivo de animales de compa\u00f1\u00eda"},"content":{"rendered":"<h3><strong>Organizaciones de protecci\u00f3n animal y de conservaci\u00f3n de la naturaleza celebran la publicaci\u00f3n del Proyecto de Real Decreto para la creaci\u00f3n de un Listado Positivo de animales de compa\u00f1\u00eda<\/strong><\/h3>\n<ul>\n<li><strong><em>El proyecto normativo se encuentra en tr\u00e1mite de informaci\u00f3n p\u00fablica y el plazo para env\u00edo de aportaciones estar\u00e1 abierto hasta el 8 de mayo.<\/em><\/strong><\/li>\n<li><strong><em>AHE, CRARC, Coalici\u00f3n para el Listado Positivo, Ecologistas en Acci\u00f3n, SECEM, GREFA, SEO\/BirdLife y WWF Espa\u00f1a apoyan este paso adelante en la legislaci\u00f3n.<\/em><\/strong><\/li>\n<\/ul>\n<p>Organizaciones de protecci\u00f3n animal y de conservaci\u00f3n de la naturaleza como Asociaci\u00f3n Herpetol\u00f3gica Espa\u00f1ola (AHE), Centro de Recuperaci\u00f3n de Anfibios y Reptiles de Catalu\u00f1a (CRARC), Coalici\u00f3n para el Listado Positivo (formada por ANDA, FAADA y AAP Primadomus), Ecologistas en Acci\u00f3n, Grupo de Rehabilitaci\u00f3n de la Fauna Aut\u00f3ctona y su H\u00e1bitat (GREFA), Sociedad Espa\u00f1ola para la Conservaci\u00f3n y Estudio de los Mam\u00edferos (SECEM), SEO\/BirdLife y WWF Espa\u00f1a, aplauden la publicaci\u00f3n por parte del Gobierno del Real Decreto que regular\u00e1 la creaci\u00f3n de un Listado Positivo de animales de compa\u00f1\u00eda.<\/p>\n<p>Las organizaciones respaldan y apoyan firmemente la creaci\u00f3n de este listado como una herramienta preventiva clave, ya recogida en la ley 7\/2023 de protecci\u00f3n de los derechos y el bienestar de los animales, para asegurar que las especies mantenidas como animales de compa\u00f1\u00eda puedan vivir en condiciones adecuadas de bienestar y no supongan riesgos para la biodiversidad, la salud o la seguridad de las personas.<\/p>\n<p>El Listado Positivo permitir\u00e1 valorar, objetivamente, los riesgos relativos a la invasividad y conservaci\u00f3n de las especies, la seguridad ciudadana, la salud p\u00fablica y el bienestar de los animales. En consecuencia, establecer\u00e1, bas\u00e1ndose en criterios cient\u00edficos, las especies que se puedan mantener en el hogar, quedando prohibida la tenencia de todas las dem\u00e1s.<\/p>\n<p>Desde las organizaciones se\u00f1aladas, se participar\u00e1 en el proceso de consulta abierto por el Gobierno para mejorar el texto propuesto en aspectos importantes, tales como las excepciones planteadas, la transparencia del proceso en todas sus fases y el seguimiento de los criterios aplicables a las especies objeto de estudio.<\/p>\n<p><strong>Una herramienta preventiva que debe estar basada en criterios cient\u00edficos<\/strong><\/p>\n<p>La tenencia de especies ex\u00f3ticas como animales de compa\u00f1\u00eda ha crecido en los \u00faltimos a\u00f1os, generando problemas graves de conservaci\u00f3n y de sanidad. Algunas mascotas,\u00a0 al escaparse o\u00a0 abandonarse en la naturaleza al no poder atender sus necesidades, pueden convertirse en especies invasoras y amenazar la supervivencia de las especies silvestres de flora y fauna aut\u00f3ctonas. Algunos ejemplos conocidos de mascotas en el pasado que hoy est\u00e1n prohibidas por su car\u00e1cter invasor son el gal\u00e1pago de florida, el mapache o la cotorra argentina. Adem\u00e1s, la tenencia de mascotas ex\u00f3ticas sin limitaciones supone un riesgo para la salud p\u00fablica porque algunos\u00a0 de estos animales pueden actuar como portadores de enfermedades zoon\u00f3ticas; para la seguridad ciudadana por su posible naturaleza depredadora, agresiva o venenosa; as\u00ed como para la salud y seguridad de otros animales.<\/p>\n<p>El Listado Positivo busca prevenir nuevos problemas en el futuro, no generar restricciones innecesarias, y permitir\u00e1 limitar la tenencia a un n\u00famero reducido de especies que sean seguras y adecuadas, facilitando el control por parte de las autoridades y evitando el comercio de animales que puedan sufrir en cautividad o convertirse en un problema ambiental.<\/p>\n<p><strong>Sin impacto negativo en los animales de compa\u00f1\u00eda actuales<\/strong><\/p>\n<p>Las organizaciones recuerdan tambi\u00e9n que este listado no afectar\u00e1 a la inmensa mayor\u00eda de los animales actualmente presentes en los hogares espa\u00f1oles. Aparte de los perros, gatos y hurones que ya son considerados animales de compa\u00f1\u00eda, es de esperar que otras especies como muchos peces tropicales, canarios, conejos, cobayas o h\u00e1msters puedan mantenerse con normalidad.<\/p>\n<p>Por otro lado, el listado no tendr\u00e1 car\u00e1cter retroactivo, es decir, los animales cuya tenencia pase a estar prohibida que ya est\u00e9n en los hogares, podr\u00e1n mantenerse informando a las autoridades.<\/p>","protected":false},"excerpt":{"rendered":"<p>Organizaciones de protecci\u00f3n animal y de conservaci\u00f3n de la naturaleza celebran la publicaci\u00f3n del Proyecto de Real Decreto para la creaci\u00f3n de un Listado Positivo de animales de compa\u00f1\u00eda El proyecto normativo se encuentra en tr\u00e1mite de informaci\u00f3n p\u00fablica y el plazo para env\u00edo de aportaciones estar\u00e1 abierto hasta el 8 de mayo. AHE, CRARC, [&hellip;]<\/p>\n","protected":false},"author":1,"featured_media":79015,"comment_status":"closed","ping_status":"closed","sticky":false,"template":"","format":"standard","meta":{"_acf_changed":false,"footnotes":""},"categories":[2711],"tags":[2478,2466,2566],"class_list":["post-79014","post","type-post","status-publish","format-standard","has-post-thumbnail","hentry","category-emergencia-climatica","tag-ecologia","tag-espana","tag-leyes"],"acf":[],"yoast_head":"<!-- This site is optimized with the Yoast SEO plugin v27.4 - https:\/\/yoast.com\/product\/yoast-seo-wordpress\/ -->\n<title>Proyecto de Real Decreto para la creaci\u00f3n de un Listado Positivo de animales de compa\u00f1\u00eda - DLVRADIO<\/title>\n<meta name=\"description\" content=\"Organizaciones de protecci\u00f3n animal y de conservaci\u00f3n de la naturaleza celebran la publicaci\u00f3n del Proyecto de Real Decreto para la creaci\u00f3n de un Listado\" \/>\n<meta name=\"robots\" content=\"index, follow, max-snippet:-1, max-image-preview:large, max-video-preview:-1\" \/>\n<link rel=\"canonical\" href=\"https:\/\/dlvradio.es\/en\/proyecto-de-real-decreto-para-la-creacion-de-un-listado-positivo-de-animales-de-compania\/\" \/>\n<meta property=\"og:locale\" content=\"en_US\" \/>\n<meta property=\"og:type\" content=\"article\" \/>\n<meta property=\"og:title\" content=\"Proyecto de Real Decreto para la creaci\u00f3n de un Listado Positivo de animales de compa\u00f1\u00eda - DLVRADIO\" \/>\n<meta property=\"og:description\" content=\"Organizaciones de protecci\u00f3n animal y de conservaci\u00f3n de la naturaleza celebran la publicaci\u00f3n del Proyecto de Real Decreto para la creaci\u00f3n de un Listado\" \/>\n<meta property=\"og:url\" content=\"https:\/\/dlvradio.es\/en\/proyecto-de-real-decreto-para-la-creacion-de-un-listado-positivo-de-animales-de-compania\/\" \/>\n<meta property=\"og:site_name\" content=\"DLVRADIO\" \/>\n<meta property=\"article:publisher\" content=\"https:\/\/www.facebook.com\/RadioDLVradio\/\" \/>\n<meta property=\"article:published_time\" content=\"2026-04-27T10:11:23+00:00\" \/>\n<meta property=\"article:modified_time\" content=\"2026-04-27T10:12:09+00:00\" \/>\n<meta property=\"og:image\" content=\"https:\/\/dlvradio.es\/wp-content\/uploads\/2026\/04\/dlvradio-1500-x-1500-px-6.png\" \/>\n\t<meta property=\"og:image:width\" content=\"1500\" \/>\n\t<meta property=\"og:image:height\" content=\"1500\" \/>\n\t<meta property=\"og:image:type\" content=\"image\/png\" \/>\n<meta name=\"author\" content=\"doominio\" \/>\n<meta name=\"twitter:card\" content=\"summary_large_image\" \/>\n<meta name=\"twitter:creator\" content=\"@RadioDlvradio\" \/>\n<meta name=\"twitter:site\" content=\"@RadioDlvradio\" \/>\n<script type=\"application\/ld+json\" class=\"yoast-schema-graph\">{\"@context\":\"https:\\\/\\\/schema.org\",\"@graph\":[{\"@type\":\"Article\",\"@id\":\"https:\\\/\\\/dlvradio.es\\\/proyecto-de-real-decreto-para-la-creacion-de-un-listado-positivo-de-animales-de-compania\\\/#article\",\"isPartOf\":{\"@id\":\"https:\\\/\\\/dlvradio.es\\\/proyecto-de-real-decreto-para-la-creacion-de-un-listado-positivo-de-animales-de-compania\\\/\"},\"author\":{\"name\":\"doominio\",\"@id\":\"https:\\\/\\\/dlvradio.es\\\/#\\\/schema\\\/person\\\/6ee60897fbb7fb4ad6634c73f4be87fa\"},\"headline\":\"Proyecto de Real Decreto para la creaci\u00f3n de un Listado Positivo de animales de compa\u00f1\u00eda\",\"datePublished\":\"2026-04-27T10:11:23+00:00\",\"dateModified\":\"2026-04-27T10:12:09+00:00\",\"mainEntityOfPage\":{\"@id\":\"https:\\\/\\\/dlvradio.es\\\/proyecto-de-real-decreto-para-la-creacion-de-un-listado-positivo-de-animales-de-compania\\\/\"},\"wordCount\":704,\"publisher\":{\"@id\":\"https:\\\/\\\/dlvradio.es\\\/#organization\"},\"image\":{\"@id\":\"https:\\\/\\\/dlvradio.es\\\/proyecto-de-real-decreto-para-la-creacion-de-un-listado-positivo-de-animales-de-compania\\\/#primaryimage\"},\"thumbnailUrl\":\"https:\\\/\\\/dlvradio.es\\\/wp-content\\\/uploads\\\/2026\\\/04\\\/dlvradio-1500-x-1500-px-6.png\",\"keywords\":[\"ecolog\u00eda\",\"Espa\u00f1a\",\"leyes\"],\"articleSection\":[\"Emergencia clim\u00e1tica\"],\"inLanguage\":\"en-US\"},{\"@type\":\"WebPage\",\"@id\":\"https:\\\/\\\/dlvradio.es\\\/proyecto-de-real-decreto-para-la-creacion-de-un-listado-positivo-de-animales-de-compania\\\/\",\"url\":\"https:\\\/\\\/dlvradio.es\\\/proyecto-de-real-decreto-para-la-creacion-de-un-listado-positivo-de-animales-de-compania\\\/\",\"name\":\"Proyecto de Real Decreto para la creaci\u00f3n de un Listado Positivo de animales de compa\u00f1\u00eda - DLVRADIO\",\"isPartOf\":{\"@id\":\"https:\\\/\\\/dlvradio.es\\\/#website\"},\"primaryImageOfPage\":{\"@id\":\"https:\\\/\\\/dlvradio.es\\\/proyecto-de-real-decreto-para-la-creacion-de-un-listado-positivo-de-animales-de-compania\\\/#primaryimage\"},\"image\":{\"@id\":\"https:\\\/\\\/dlvradio.es\\\/proyecto-de-real-decreto-para-la-creacion-de-un-listado-positivo-de-animales-de-compania\\\/#primaryimage\"},\"thumbnailUrl\":\"https:\\\/\\\/dlvradio.es\\\/wp-content\\\/uploads\\\/2026\\\/04\\\/dlvradio-1500-x-1500-px-6.png\",\"datePublished\":\"2026-04-27T10:11:23+00:00\",\"dateModified\":\"2026-04-27T10:12:09+00:00\",\"description\":\"Organizaciones de protecci\u00f3n animal y de conservaci\u00f3n de la naturaleza celebran la publicaci\u00f3n del Proyecto de Real Decreto para la creaci\u00f3n de un Listado\",\"breadcrumb\":{\"@id\":\"https:\\\/\\\/dlvradio.es\\\/proyecto-de-real-decreto-para-la-creacion-de-un-listado-positivo-de-animales-de-compania\\\/#breadcrumb\"},\"inLanguage\":\"en-US\",\"potentialAction\":[{\"@type\":\"ReadAction\",\"target\":[\"https:\\\/\\\/dlvradio.es\\\/proyecto-de-real-decreto-para-la-creacion-de-un-listado-positivo-de-animales-de-compania\\\/\"]}]},{\"@type\":\"ImageObject\",\"inLanguage\":\"en-US\",\"@id\":\"https:\\\/\\\/dlvradio.es\\\/proyecto-de-real-decreto-para-la-creacion-de-un-listado-positivo-de-animales-de-compania\\\/#primaryimage\",\"url\":\"https:\\\/\\\/dlvradio.es\\\/wp-content\\\/uploads\\\/2026\\\/04\\\/dlvradio-1500-x-1500-px-6.png\",\"contentUrl\":\"https:\\\/\\\/dlvradio.es\\\/wp-content\\\/uploads\\\/2026\\\/04\\\/dlvradio-1500-x-1500-px-6.png\",\"width\":1500,\"height\":1500},{\"@type\":\"BreadcrumbList\",\"@id\":\"https:\\\/\\\/dlvradio.es\\\/proyecto-de-real-decreto-para-la-creacion-de-un-listado-positivo-de-animales-de-compania\\\/#breadcrumb\",\"itemListElement\":[{\"@type\":\"ListItem\",\"position\":1,\"name\":\"Inicio\",\"item\":\"https:\\\/\\\/dlvradio.es\\\/\"},{\"@type\":\"ListItem\",\"position\":2,\"name\":\"Proyecto de Real Decreto para la creaci\u00f3n de un Listado Positivo de animales de compa\u00f1\u00eda\"}]},{\"@type\":\"WebSite\",\"@id\":\"https:\\\/\\\/dlvradio.es\\\/#website\",\"url\":\"https:\\\/\\\/dlvradio.es\\\/\",\"name\":\"DLVRADIO\",\"description\":\"Somos un medio de comunicaci\u00f3n alternativo a los medios tradicionales\",\"publisher\":{\"@id\":\"https:\\\/\\\/dlvradio.es\\\/#organization\"},\"potentialAction\":[{\"@type\":\"SearchAction\",\"target\":{\"@type\":\"EntryPoint\",\"urlTemplate\":\"https:\\\/\\\/dlvradio.es\\\/?s={search_term_string}\"},\"query-input\":{\"@type\":\"PropertyValueSpecification\",\"valueRequired\":true,\"valueName\":\"search_term_string\"}}],\"inLanguage\":\"en-US\"},{\"@type\":\"Organization\",\"@id\":\"https:\\\/\\\/dlvradio.es\\\/#organization\",\"name\":\"DLVRADIO\",\"url\":\"https:\\\/\\\/dlvradio.es\\\/\",\"logo\":{\"@type\":\"ImageObject\",\"inLanguage\":\"en-US\",\"@id\":\"https:\\\/\\\/dlvradio.es\\\/#\\\/schema\\\/logo\\\/image\\\/\",\"url\":\"\",\"contentUrl\":\"\",\"caption\":\"DLVRADIO\"},\"image\":{\"@id\":\"https:\\\/\\\/dlvradio.es\\\/#\\\/schema\\\/logo\\\/image\\\/\"},\"sameAs\":[\"https:\\\/\\\/www.facebook.com\\\/RadioDLVradio\\\/\",\"https:\\\/\\\/x.com\\\/RadioDlvradio\",\"https:\\\/\\\/www.instagram.com\\\/radiodlvradio\\\/\"]},{\"@type\":\"Person\",\"@id\":\"https:\\\/\\\/dlvradio.es\\\/#\\\/schema\\\/person\\\/6ee60897fbb7fb4ad6634c73f4be87fa\",\"name\":\"doominio\",\"sameAs\":[\"https:\\\/\\\/dlvradio.es\"]}]}<\/script>\n<!-- \/ Yoast SEO plugin. -->","yoast_head_json":{"title":"Proyecto de Real Decreto para la creaci\u00f3n de un Listado Positivo de animales de compa\u00f1\u00eda - DLVRADIO","description":"Organizaciones de protecci\u00f3n animal y de conservaci\u00f3n de la naturaleza celebran la publicaci\u00f3n del Proyecto de Real Decreto para la creaci\u00f3n de un Listado","robots":{"index":"index","follow":"follow","max-snippet":"max-snippet:-1","max-image-preview":"max-image-preview:large","max-video-preview":"max-video-preview:-1"},"canonical":"https:\/\/dlvradio.es\/en\/proyecto-de-real-decreto-para-la-creacion-de-un-listado-positivo-de-animales-de-compania\/","og_locale":"en_US","og_type":"article","og_title":"Proyecto de Real Decreto para la creaci\u00f3n de un Listado Positivo de animales de compa\u00f1\u00eda - DLVRADIO","og_description":"Organizaciones de protecci\u00f3n animal y de conservaci\u00f3n de la naturaleza celebran la publicaci\u00f3n del Proyecto de Real Decreto para la creaci\u00f3n de un Listado","og_url":"https:\/\/dlvradio.es\/en\/proyecto-de-real-decreto-para-la-creacion-de-un-listado-positivo-de-animales-de-compania\/","og_site_name":"DLVRADIO","article_publisher":"https:\/\/www.facebook.com\/RadioDLVradio\/","article_published_time":"2026-04-27T10:11:23+00:00","article_modified_time":"2026-04-27T10:12:09+00:00","og_image":[{"width":1500,"height":1500,"url":"https:\/\/dlvradio.es\/wp-content\/uploads\/2026\/04\/dlvradio-1500-x-1500-px-6.png","type":"image\/png"}],"author":"doominio","twitter_card":"summary_large_image","twitter_creator":"@RadioDlvradio","twitter_site":"@RadioDlvradio","schema":{"@context":"https:\/\/schema.org","@graph":[{"@type":"Article","@id":"https:\/\/dlvradio.es\/proyecto-de-real-decreto-para-la-creacion-de-un-listado-positivo-de-animales-de-compania\/#article","isPartOf":{"@id":"https:\/\/dlvradio.es\/proyecto-de-real-decreto-para-la-creacion-de-un-listado-positivo-de-animales-de-compania\/"},"author":{"name":"doominio","@id":"https:\/\/dlvradio.es\/#\/schema\/person\/6ee60897fbb7fb4ad6634c73f4be87fa"},"headline":"Proyecto de Real Decreto para la creaci\u00f3n de un Listado Positivo de animales de compa\u00f1\u00eda","datePublished":"2026-04-27T10:11:23+00:00","dateModified":"2026-04-27T10:12:09+00:00","mainEntityOfPage":{"@id":"https:\/\/dlvradio.es\/proyecto-de-real-decreto-para-la-creacion-de-un-listado-positivo-de-animales-de-compania\/"},"wordCount":704,"publisher":{"@id":"https:\/\/dlvradio.es\/#organization"},"image":{"@id":"https:\/\/dlvradio.es\/proyecto-de-real-decreto-para-la-creacion-de-un-listado-positivo-de-animales-de-compania\/#primaryimage"},"thumbnailUrl":"https:\/\/dlvradio.es\/wp-content\/uploads\/2026\/04\/dlvradio-1500-x-1500-px-6.png","keywords":["ecolog\u00eda","Espa\u00f1a","leyes"],"articleSection":["Emergencia clim\u00e1tica"],"inLanguage":"en-US"},{"@type":"WebPage","@id":"https:\/\/dlvradio.es\/proyecto-de-real-decreto-para-la-creacion-de-un-listado-positivo-de-animales-de-compania\/","url":"https:\/\/dlvradio.es\/proyecto-de-real-decreto-para-la-creacion-de-un-listado-positivo-de-animales-de-compania\/","name":"Proyecto de Real Decreto para la creaci\u00f3n de un Listado Positivo de animales de compa\u00f1\u00eda - DLVRADIO","isPartOf":{"@id":"https:\/\/dlvradio.es\/#website"},"primaryImageOfPage":{"@id":"https:\/\/dlvradio.es\/proyecto-de-real-decreto-para-la-creacion-de-un-listado-positivo-de-animales-de-compania\/#primaryimage"},"image":{"@id":"https:\/\/dlvradio.es\/proyecto-de-real-decreto-para-la-creacion-de-un-listado-positivo-de-animales-de-compania\/#primaryimage"},"thumbnailUrl":"https:\/\/dlvradio.es\/wp-content\/uploads\/2026\/04\/dlvradio-1500-x-1500-px-6.png","datePublished":"2026-04-27T10:11:23+00:00","dateModified":"2026-04-27T10:12:09+00:00","description":"Organizaciones de protecci\u00f3n animal y de conservaci\u00f3n de la naturaleza celebran la publicaci\u00f3n del Proyecto de Real Decreto para la creaci\u00f3n de un Listado","breadcrumb":{"@id":"https:\/\/dlvradio.es\/proyecto-de-real-decreto-para-la-creacion-de-un-listado-positivo-de-animales-de-compania\/#breadcrumb"},"inLanguage":"en-US","potentialAction":[{"@type":"ReadAction","target":["https:\/\/dlvradio.es\/proyecto-de-real-decreto-para-la-creacion-de-un-listado-positivo-de-animales-de-compania\/"]}]},{"@type":"ImageObject","inLanguage":"en-US","@id":"https:\/\/dlvradio.es\/proyecto-de-real-decreto-para-la-creacion-de-un-listado-positivo-de-animales-de-compania\/#primaryimage","url":"https:\/\/dlvradio.es\/wp-content\/uploads\/2026\/04\/dlvradio-1500-x-1500-px-6.png","contentUrl":"https:\/\/dlvradio.es\/wp-content\/uploads\/2026\/04\/dlvradio-1500-x-1500-px-6.png","width":1500,"height":1500},{"@type":"BreadcrumbList","@id":"https:\/\/dlvradio.es\/proyecto-de-real-decreto-para-la-creacion-de-un-listado-positivo-de-animales-de-compania\/#breadcrumb","itemListElement":[{"@type":"ListItem","position":1,"name":"Inicio","item":"https:\/\/dlvradio.es\/"},{"@type":"ListItem","position":2,"name":"Proyecto de Real Decreto para la creaci\u00f3n de un Listado Positivo de animales de compa\u00f1\u00eda"}]},{"@type":"WebSite","@id":"https:\/\/dlvradio.es\/#website","url":"https:\/\/dlvradio.es\/","name":"DLVRADIO","description":"We are an alternative media to traditional media","publisher":{"@id":"https:\/\/dlvradio.es\/#organization"},"potentialAction":[{"@type":"SearchAction","target":{"@type":"EntryPoint","urlTemplate":"https:\/\/dlvradio.es\/?s={search_term_string}"},"query-input":{"@type":"PropertyValueSpecification","valueRequired":true,"valueName":"search_term_string"}}],"inLanguage":"en-US"},{"@type":"Organization","@id":"https:\/\/dlvradio.es\/#organization","name":"DLVRADIO","url":"https:\/\/dlvradio.es\/","logo":{"@type":"ImageObject","inLanguage":"en-US","@id":"https:\/\/dlvradio.es\/#\/schema\/logo\/image\/","url":"","contentUrl":"","caption":"DLVRADIO"},"image":{"@id":"https:\/\/dlvradio.es\/#\/schema\/logo\/image\/"},"sameAs":["https:\/\/www.facebook.com\/RadioDLVradio\/","https:\/\/x.com\/RadioDlvradio","https:\/\/www.instagram.com\/radiodlvradio\/"]},{"@type":"Person","@id":"https:\/\/dlvradio.es\/#\/schema\/person\/6ee60897fbb7fb4ad6634c73f4be87fa","name":"doominio","sameAs":["https:\/\/dlvradio.es"]}]}},"_links":{"self":[{"href":"https:\/\/dlvradio.es\/en\/wp-json\/wp\/v2\/posts\/79014","targetHints":{"allow":["GET"]}}],"collection":[{"href":"https:\/\/dlvradio.es\/en\/wp-json\/wp\/v2\/posts"}],"about":[{"href":"https:\/\/dlvradio.es\/en\/wp-json\/wp\/v2\/types\/post"}],"author":[{"embeddable":true,"href":"https:\/\/dlvradio.es\/en\/wp-json\/wp\/v2\/users\/1"}],"replies":[{"embeddable":true,"href":"https:\/\/dlvradio.es\/en\/wp-json\/wp\/v2\/comments?post=79014"}],"version-history":[{"count":2,"href":"https:\/\/dlvradio.es\/en\/wp-json\/wp\/v2\/posts\/79014\/revisions"}],"predecessor-version":[{"id":79017,"href":"https:\/\/dlvradio.es\/en\/wp-json\/wp\/v2\/posts\/79014\/revisions\/79017"}],"wp:featuredmedia":[{"embeddable":true,"href":"https:\/\/dlvradio.es\/en\/wp-json\/wp\/v2\/media\/79015"}],"wp:attachment":[{"href":"https:\/\/dlvradio.es\/en\/wp-json\/wp\/v2\/media?parent=79014"}],"wp:term":[{"taxonomy":"category","embeddable":true,"href":"https:\/\/dlvradio.es\/en\/wp-json\/wp\/v2\/categories?post=79014"},{"taxonomy":"post_tag","embeddable":true,"href":"https:\/\/dlvradio.es\/en\/wp-json\/wp\/v2\/tags?post=79014"}],"curies":[{"name":"wp","href":"https:\/\/api.w.org\/{rel}","templated":true}]}}