{"id":79018,"date":"2026-04-27T21:13:48","date_gmt":"2026-04-27T19:13:48","guid":{"rendered":"https:\/\/dlvradio.es\/?p=79018"},"modified":"2026-04-27T21:13:48","modified_gmt":"2026-04-27T19:13:48","slug":"martes-28-04-a-las-2130h-necesita-europa-un-ejercito-propio-el-mundo-post-otan","status":"publish","type":"post","link":"https:\/\/dlvradio.es\/en\/martes-28-04-a-las-2130h-necesita-europa-un-ejercito-propio-el-mundo-post-otan\/","title":{"rendered":"Martes 28\/04 a las 21:30h. \u00ab\u00bfNecesita Europa un ej\u00e9rcito propio? El mundo post OTAN\u00bb"},"content":{"rendered":"<p>El martes 28 de abril a las 21:30h en directo emitiremos nuestra tertulia de #ElDecreto especial <strong>\u00ab\u00bfNecesita Europa un ej\u00e9rcito propio? El mundo post OTAN\u00bb<\/strong>. Esta semana hablaremos de un tema que lleva tiempo coment\u00e1ndose, y ahora m\u00e1s despu\u00e9s de lo de Israel e EE. UU. En Oriente Medio. Podr\u00e9is verlo y escucharlo en nuestra web y redes. Os recordamos que pod\u00e9is participar en el en directo a trav\u00e9s del chat.<br \/>\nOs esperamos como cada semana.<\/p>\n<p><iframe title=\"&quot;\u00bfNecesita Europa un ej\u00e9rcito propio? El mundo post OTAN&quot;\" width=\"800\" height=\"450\" src=\"https:\/\/www.youtube.com\/embed\/-o3W9iap1-g?feature=oembed\" frameborder=\"0\" allow=\"accelerometer; autoplay; clipboard-write; encrypted-media; gyroscope; picture-in-picture; web-share\" referrerpolicy=\"strict-origin-when-cross-origin\" allowfullscreen><\/iframe><\/p>","protected":false},"excerpt":{"rendered":"<p>El martes 28 de abril a las 21:30h en directo emitiremos nuestra tertulia de #ElDecreto especial \u00ab\u00bfNecesita Europa un ej\u00e9rcito propio? El mundo post OTAN\u00bb. Esta semana hablaremos de un tema que lleva tiempo coment\u00e1ndose, y ahora m\u00e1s despu\u00e9s de lo de Israel e EE. UU. En Oriente Medio. Podr\u00e9is verlo y escucharlo en nuestra [&hellip;]<\/p>\n","protected":false},"author":1,"featured_media":79019,"comment_status":"closed","ping_status":"closed","sticky":false,"template":"","format":"standard","meta":{"_acf_changed":false,"footnotes":""},"categories":[2766],"tags":[2489,2608],"class_list":["post-79018","post","type-post","status-publish","format-standard","has-post-thumbnail","hentry","category-el-decreto","tag-tertulia","tag-union-europea"],"acf":[],"yoast_head":"<!-- This site is optimized with the Yoast SEO plugin v27.4 - https:\/\/yoast.com\/product\/yoast-seo-wordpress\/ -->\n<title>Martes 28\/04 a las 21:30h. &quot;\u00bfNecesita Europa un ej\u00e9rcito propio? El mundo post OTAN&quot; - DLVRADIO<\/title>\n<meta name=\"description\" content=\"El martes 28 de abril a las 21:30h en directo emitiremos nuestra tertulia de #ElDecreto especial &quot;\u00bfNecesita Europa un ej\u00e9rcito propio? El mundo post\" \/>\n<meta name=\"robots\" content=\"index, follow, max-snippet:-1, max-image-preview:large, max-video-preview:-1\" \/>\n<link rel=\"canonical\" href=\"https:\/\/dlvradio.es\/en\/martes-28-04-a-las-2130h-necesita-europa-un-ejercito-propio-el-mundo-post-otan\/\" \/>\n<meta property=\"og:locale\" content=\"en_US\" \/>\n<meta property=\"og:type\" content=\"article\" \/>\n<meta property=\"og:title\" content=\"Martes 28\/04 a las 21:30h. &quot;\u00bfNecesita Europa un ej\u00e9rcito propio? El mundo post OTAN&quot; - DLVRADIO\" \/>\n<meta property=\"og:description\" content=\"El martes 28 de abril a las 21:30h en directo emitiremos nuestra tertulia de #ElDecreto especial &quot;\u00bfNecesita Europa un ej\u00e9rcito propio? El mundo post\" \/>\n<meta property=\"og:url\" content=\"https:\/\/dlvradio.es\/en\/martes-28-04-a-las-2130h-necesita-europa-un-ejercito-propio-el-mundo-post-otan\/\" \/>\n<meta property=\"og:site_name\" content=\"DLVRADIO\" \/>\n<meta property=\"article:publisher\" content=\"https:\/\/www.facebook.com\/RadioDLVradio\/\" \/>\n<meta property=\"article:published_time\" content=\"2026-04-27T19:13:48+00:00\" \/>\n<meta property=\"og:image\" content=\"https:\/\/dlvradio.es\/wp-content\/uploads\/2026\/04\/Tertulias-video-www.dlvradio.es-1400-x-1400-px-2-1024x1024.png\" \/>\n\t<meta property=\"og:image:width\" content=\"1024\" \/>\n\t<meta property=\"og:image:height\" content=\"1024\" \/>\n\t<meta property=\"og:image:type\" content=\"image\/png\" \/>\n<meta name=\"author\" content=\"doominio\" \/>\n<meta name=\"twitter:card\" content=\"summary_large_image\" \/>\n<meta name=\"twitter:creator\" content=\"@RadioDlvradio\" \/>\n<meta name=\"twitter:site\" content=\"@RadioDlvradio\" \/>\n<script type=\"application\/ld+json\" class=\"yoast-schema-graph\">{\"@context\":\"https:\\\/\\\/schema.org\",\"@graph\":[{\"@type\":\"Article\",\"@id\":\"https:\\\/\\\/dlvradio.es\\\/martes-28-04-a-las-2130h-necesita-europa-un-ejercito-propio-el-mundo-post-otan\\\/#article\",\"isPartOf\":{\"@id\":\"https:\\\/\\\/dlvradio.es\\\/martes-28-04-a-las-2130h-necesita-europa-un-ejercito-propio-el-mundo-post-otan\\\/\"},\"author\":{\"name\":\"doominio\",\"@id\":\"https:\\\/\\\/dlvradio.es\\\/#\\\/schema\\\/person\\\/6ee60897fbb7fb4ad6634c73f4be87fa\"},\"headline\":\"Martes 28\\\/04 a las 21:30h. \u00ab\u00bfNecesita Europa un ej\u00e9rcito propio? El mundo post OTAN\u00bb\",\"datePublished\":\"2026-04-27T19:13:48+00:00\",\"mainEntityOfPage\":{\"@id\":\"https:\\\/\\\/dlvradio.es\\\/martes-28-04-a-las-2130h-necesita-europa-un-ejercito-propio-el-mundo-post-otan\\\/\"},\"wordCount\":106,\"publisher\":{\"@id\":\"https:\\\/\\\/dlvradio.es\\\/#organization\"},\"image\":{\"@id\":\"https:\\\/\\\/dlvradio.es\\\/martes-28-04-a-las-2130h-necesita-europa-un-ejercito-propio-el-mundo-post-otan\\\/#primaryimage\"},\"thumbnailUrl\":\"https:\\\/\\\/dlvradio.es\\\/wp-content\\\/uploads\\\/2026\\\/04\\\/Tertulias-video-www.dlvradio.es-1400-x-1400-px-2.png\",\"keywords\":[\"Tertulia\",\"uni\u00f3n europea\"],\"articleSection\":[\"El Decreto\"],\"inLanguage\":\"en-US\"},{\"@type\":\"WebPage\",\"@id\":\"https:\\\/\\\/dlvradio.es\\\/martes-28-04-a-las-2130h-necesita-europa-un-ejercito-propio-el-mundo-post-otan\\\/\",\"url\":\"https:\\\/\\\/dlvradio.es\\\/martes-28-04-a-las-2130h-necesita-europa-un-ejercito-propio-el-mundo-post-otan\\\/\",\"name\":\"Martes 28\\\/04 a las 21:30h. \\\"\u00bfNecesita Europa un ej\u00e9rcito propio? El mundo post OTAN\\\" - DLVRADIO\",\"isPartOf\":{\"@id\":\"https:\\\/\\\/dlvradio.es\\\/#website\"},\"primaryImageOfPage\":{\"@id\":\"https:\\\/\\\/dlvradio.es\\\/martes-28-04-a-las-2130h-necesita-europa-un-ejercito-propio-el-mundo-post-otan\\\/#primaryimage\"},\"image\":{\"@id\":\"https:\\\/\\\/dlvradio.es\\\/martes-28-04-a-las-2130h-necesita-europa-un-ejercito-propio-el-mundo-post-otan\\\/#primaryimage\"},\"thumbnailUrl\":\"https:\\\/\\\/dlvradio.es\\\/wp-content\\\/uploads\\\/2026\\\/04\\\/Tertulias-video-www.dlvradio.es-1400-x-1400-px-2.png\",\"datePublished\":\"2026-04-27T19:13:48+00:00\",\"description\":\"El martes 28 de abril a las 21:30h en directo emitiremos nuestra tertulia de #ElDecreto especial \\\"\u00bfNecesita Europa un ej\u00e9rcito propio? El mundo post\",\"breadcrumb\":{\"@id\":\"https:\\\/\\\/dlvradio.es\\\/martes-28-04-a-las-2130h-necesita-europa-un-ejercito-propio-el-mundo-post-otan\\\/#breadcrumb\"},\"inLanguage\":\"en-US\",\"potentialAction\":[{\"@type\":\"ReadAction\",\"target\":[\"https:\\\/\\\/dlvradio.es\\\/martes-28-04-a-las-2130h-necesita-europa-un-ejercito-propio-el-mundo-post-otan\\\/\"]}]},{\"@type\":\"ImageObject\",\"inLanguage\":\"en-US\",\"@id\":\"https:\\\/\\\/dlvradio.es\\\/martes-28-04-a-las-2130h-necesita-europa-un-ejercito-propio-el-mundo-post-otan\\\/#primaryimage\",\"url\":\"https:\\\/\\\/dlvradio.es\\\/wp-content\\\/uploads\\\/2026\\\/04\\\/Tertulias-video-www.dlvradio.es-1400-x-1400-px-2.png\",\"contentUrl\":\"https:\\\/\\\/dlvradio.es\\\/wp-content\\\/uploads\\\/2026\\\/04\\\/Tertulias-video-www.dlvradio.es-1400-x-1400-px-2.png\",\"width\":1400,\"height\":1400,\"caption\":\"Martes 28\\\/04 a las 21:30h. \\\"\u00bfNecesita Europa un ej\u00e9rcito propio? El mundo post OTAN\\\"\"},{\"@type\":\"BreadcrumbList\",\"@id\":\"https:\\\/\\\/dlvradio.es\\\/martes-28-04-a-las-2130h-necesita-europa-un-ejercito-propio-el-mundo-post-otan\\\/#breadcrumb\",\"itemListElement\":[{\"@type\":\"ListItem\",\"position\":1,\"name\":\"Inicio\",\"item\":\"https:\\\/\\\/dlvradio.es\\\/\"},{\"@type\":\"ListItem\",\"position\":2,\"name\":\"Martes 28\\\/04 a las 21:30h. \u00ab\u00bfNecesita Europa un ej\u00e9rcito propio? El mundo post OTAN\u00bb\"}]},{\"@type\":\"WebSite\",\"@id\":\"https:\\\/\\\/dlvradio.es\\\/#website\",\"url\":\"https:\\\/\\\/dlvradio.es\\\/\",\"name\":\"DLVRADIO\",\"description\":\"Somos un medio de comunicaci\u00f3n alternativo a los medios tradicionales\",\"publisher\":{\"@id\":\"https:\\\/\\\/dlvradio.es\\\/#organization\"},\"potentialAction\":[{\"@type\":\"SearchAction\",\"target\":{\"@type\":\"EntryPoint\",\"urlTemplate\":\"https:\\\/\\\/dlvradio.es\\\/?s={search_term_string}\"},\"query-input\":{\"@type\":\"PropertyValueSpecification\",\"valueRequired\":true,\"valueName\":\"search_term_string\"}}],\"inLanguage\":\"en-US\"},{\"@type\":\"Organization\",\"@id\":\"https:\\\/\\\/dlvradio.es\\\/#organization\",\"name\":\"DLVRADIO\",\"url\":\"https:\\\/\\\/dlvradio.es\\\/\",\"logo\":{\"@type\":\"ImageObject\",\"inLanguage\":\"en-US\",\"@id\":\"https:\\\/\\\/dlvradio.es\\\/#\\\/schema\\\/logo\\\/image\\\/\",\"url\":\"\",\"contentUrl\":\"\",\"caption\":\"DLVRADIO\"},\"image\":{\"@id\":\"https:\\\/\\\/dlvradio.es\\\/#\\\/schema\\\/logo\\\/image\\\/\"},\"sameAs\":[\"https:\\\/\\\/www.facebook.com\\\/RadioDLVradio\\\/\",\"https:\\\/\\\/x.com\\\/RadioDlvradio\",\"https:\\\/\\\/www.instagram.com\\\/radiodlvradio\\\/\"]},{\"@type\":\"Person\",\"@id\":\"https:\\\/\\\/dlvradio.es\\\/#\\\/schema\\\/person\\\/6ee60897fbb7fb4ad6634c73f4be87fa\",\"name\":\"doominio\",\"sameAs\":[\"https:\\\/\\\/dlvradio.es\"]}]}<\/script>\n<!-- \/ Yoast SEO plugin. -->","yoast_head_json":{"title":"Martes 28\/04 a las 21:30h. \"\u00bfNecesita Europa un ej\u00e9rcito propio? El mundo post OTAN\" - DLVRADIO","description":"El martes 28 de abril a las 21:30h en directo emitiremos nuestra tertulia de #ElDecreto especial \"\u00bfNecesita Europa un ej\u00e9rcito propio? El mundo post","robots":{"index":"index","follow":"follow","max-snippet":"max-snippet:-1","max-image-preview":"max-image-preview:large","max-video-preview":"max-video-preview:-1"},"canonical":"https:\/\/dlvradio.es\/en\/martes-28-04-a-las-2130h-necesita-europa-un-ejercito-propio-el-mundo-post-otan\/","og_locale":"en_US","og_type":"article","og_title":"Martes 28\/04 a las 21:30h. \"\u00bfNecesita Europa un ej\u00e9rcito propio? El mundo post OTAN\" - DLVRADIO","og_description":"El martes 28 de abril a las 21:30h en directo emitiremos nuestra tertulia de #ElDecreto especial \"\u00bfNecesita Europa un ej\u00e9rcito propio? El mundo post","og_url":"https:\/\/dlvradio.es\/en\/martes-28-04-a-las-2130h-necesita-europa-un-ejercito-propio-el-mundo-post-otan\/","og_site_name":"DLVRADIO","article_publisher":"https:\/\/www.facebook.com\/RadioDLVradio\/","article_published_time":"2026-04-27T19:13:48+00:00","og_image":[{"width":1024,"height":1024,"url":"https:\/\/dlvradio.es\/wp-content\/uploads\/2026\/04\/Tertulias-video-www.dlvradio.es-1400-x-1400-px-2-1024x1024.png","type":"image\/png"}],"author":"doominio","twitter_card":"summary_large_image","twitter_creator":"@RadioDlvradio","twitter_site":"@RadioDlvradio","schema":{"@context":"https:\/\/schema.org","@graph":[{"@type":"Article","@id":"https:\/\/dlvradio.es\/martes-28-04-a-las-2130h-necesita-europa-un-ejercito-propio-el-mundo-post-otan\/#article","isPartOf":{"@id":"https:\/\/dlvradio.es\/martes-28-04-a-las-2130h-necesita-europa-un-ejercito-propio-el-mundo-post-otan\/"},"author":{"name":"doominio","@id":"https:\/\/dlvradio.es\/#\/schema\/person\/6ee60897fbb7fb4ad6634c73f4be87fa"},"headline":"Martes 28\/04 a las 21:30h. \u00ab\u00bfNecesita Europa un ej\u00e9rcito propio? El mundo post OTAN\u00bb","datePublished":"2026-04-27T19:13:48+00:00","mainEntityOfPage":{"@id":"https:\/\/dlvradio.es\/martes-28-04-a-las-2130h-necesita-europa-un-ejercito-propio-el-mundo-post-otan\/"},"wordCount":106,"publisher":{"@id":"https:\/\/dlvradio.es\/#organization"},"image":{"@id":"https:\/\/dlvradio.es\/martes-28-04-a-las-2130h-necesita-europa-un-ejercito-propio-el-mundo-post-otan\/#primaryimage"},"thumbnailUrl":"https:\/\/dlvradio.es\/wp-content\/uploads\/2026\/04\/Tertulias-video-www.dlvradio.es-1400-x-1400-px-2.png","keywords":["Tertulia","uni\u00f3n europea"],"articleSection":["El Decreto"],"inLanguage":"en-US"},{"@type":"WebPage","@id":"https:\/\/dlvradio.es\/martes-28-04-a-las-2130h-necesita-europa-un-ejercito-propio-el-mundo-post-otan\/","url":"https:\/\/dlvradio.es\/martes-28-04-a-las-2130h-necesita-europa-un-ejercito-propio-el-mundo-post-otan\/","name":"Martes 28\/04 a las 21:30h. \"\u00bfNecesita Europa un ej\u00e9rcito propio? El mundo post OTAN\" - DLVRADIO","isPartOf":{"@id":"https:\/\/dlvradio.es\/#website"},"primaryImageOfPage":{"@id":"https:\/\/dlvradio.es\/martes-28-04-a-las-2130h-necesita-europa-un-ejercito-propio-el-mundo-post-otan\/#primaryimage"},"image":{"@id":"https:\/\/dlvradio.es\/martes-28-04-a-las-2130h-necesita-europa-un-ejercito-propio-el-mundo-post-otan\/#primaryimage"},"thumbnailUrl":"https:\/\/dlvradio.es\/wp-content\/uploads\/2026\/04\/Tertulias-video-www.dlvradio.es-1400-x-1400-px-2.png","datePublished":"2026-04-27T19:13:48+00:00","description":"El martes 28 de abril a las 21:30h en directo emitiremos nuestra tertulia de #ElDecreto especial \"\u00bfNecesita Europa un ej\u00e9rcito propio? El mundo post","breadcrumb":{"@id":"https:\/\/dlvradio.es\/martes-28-04-a-las-2130h-necesita-europa-un-ejercito-propio-el-mundo-post-otan\/#breadcrumb"},"inLanguage":"en-US","potentialAction":[{"@type":"ReadAction","target":["https:\/\/dlvradio.es\/martes-28-04-a-las-2130h-necesita-europa-un-ejercito-propio-el-mundo-post-otan\/"]}]},{"@type":"ImageObject","inLanguage":"en-US","@id":"https:\/\/dlvradio.es\/martes-28-04-a-las-2130h-necesita-europa-un-ejercito-propio-el-mundo-post-otan\/#primaryimage","url":"https:\/\/dlvradio.es\/wp-content\/uploads\/2026\/04\/Tertulias-video-www.dlvradio.es-1400-x-1400-px-2.png","contentUrl":"https:\/\/dlvradio.es\/wp-content\/uploads\/2026\/04\/Tertulias-video-www.dlvradio.es-1400-x-1400-px-2.png","width":1400,"height":1400,"caption":"Martes 28\/04 a las 21:30h. \"\u00bfNecesita Europa un ej\u00e9rcito propio? El mundo post OTAN\""},{"@type":"BreadcrumbList","@id":"https:\/\/dlvradio.es\/martes-28-04-a-las-2130h-necesita-europa-un-ejercito-propio-el-mundo-post-otan\/#breadcrumb","itemListElement":[{"@type":"ListItem","position":1,"name":"Inicio","item":"https:\/\/dlvradio.es\/"},{"@type":"ListItem","position":2,"name":"Martes 28\/04 a las 21:30h. \u00ab\u00bfNecesita Europa un ej\u00e9rcito propio? El mundo post OTAN\u00bb"}]},{"@type":"WebSite","@id":"https:\/\/dlvradio.es\/#website","url":"https:\/\/dlvradio.es\/","name":"DLVRADIO","description":"We are an alternative media to traditional media","publisher":{"@id":"https:\/\/dlvradio.es\/#organization"},"potentialAction":[{"@type":"SearchAction","target":{"@type":"EntryPoint","urlTemplate":"https:\/\/dlvradio.es\/?s={search_term_string}"},"query-input":{"@type":"PropertyValueSpecification","valueRequired":true,"valueName":"search_term_string"}}],"inLanguage":"en-US"},{"@type":"Organization","@id":"https:\/\/dlvradio.es\/#organization","name":"DLVRADIO","url":"https:\/\/dlvradio.es\/","logo":{"@type":"ImageObject","inLanguage":"en-US","@id":"https:\/\/dlvradio.es\/#\/schema\/logo\/image\/","url":"","contentUrl":"","caption":"DLVRADIO"},"image":{"@id":"https:\/\/dlvradio.es\/#\/schema\/logo\/image\/"},"sameAs":["https:\/\/www.facebook.com\/RadioDLVradio\/","https:\/\/x.com\/RadioDlvradio","https:\/\/www.instagram.com\/radiodlvradio\/"]},{"@type":"Person","@id":"https:\/\/dlvradio.es\/#\/schema\/person\/6ee60897fbb7fb4ad6634c73f4be87fa","name":"doominio","sameAs":["https:\/\/dlvradio.es"]}]}},"_links":{"self":[{"href":"https:\/\/dlvradio.es\/en\/wp-json\/wp\/v2\/posts\/79018","targetHints":{"allow":["GET"]}}],"collection":[{"href":"https:\/\/dlvradio.es\/en\/wp-json\/wp\/v2\/posts"}],"about":[{"href":"https:\/\/dlvradio.es\/en\/wp-json\/wp\/v2\/types\/post"}],"author":[{"embeddable":true,"href":"https:\/\/dlvradio.es\/en\/wp-json\/wp\/v2\/users\/1"}],"replies":[{"embeddable":true,"href":"https:\/\/dlvradio.es\/en\/wp-json\/wp\/v2\/comments?post=79018"}],"version-history":[{"count":1,"href":"https:\/\/dlvradio.es\/en\/wp-json\/wp\/v2\/posts\/79018\/revisions"}],"predecessor-version":[{"id":79020,"href":"https:\/\/dlvradio.es\/en\/wp-json\/wp\/v2\/posts\/79018\/revisions\/79020"}],"wp:featuredmedia":[{"embeddable":true,"href":"https:\/\/dlvradio.es\/en\/wp-json\/wp\/v2\/media\/79019"}],"wp:attachment":[{"href":"https:\/\/dlvradio.es\/en\/wp-json\/wp\/v2\/media?parent=79018"}],"wp:term":[{"taxonomy":"category","embeddable":true,"href":"https:\/\/dlvradio.es\/en\/wp-json\/wp\/v2\/categories?post=79018"},{"taxonomy":"post_tag","embeddable":true,"href":"https:\/\/dlvradio.es\/en\/wp-json\/wp\/v2\/tags?post=79018"}],"curies":[{"name":"wp","href":"https:\/\/api.w.org\/{rel}","templated":true}]}}