{"id":79024,"date":"2026-04-30T09:00:13","date_gmt":"2026-04-30T07:00:13","guid":{"rendered":"https:\/\/dlvradio.es\/?p=79024"},"modified":"2026-04-28T19:02:08","modified_gmt":"2026-04-28T17:02:08","slug":"dolores-vazquez-y-nosotras","status":"publish","type":"post","link":"https:\/\/dlvradio.es\/en\/dolores-vazquez-y-nosotras\/","title":{"rendered":"Dolores V\u00e1zquez y nosotras"},"content":{"rendered":"<p style=\"text-align: center;\"><strong><i class=\"fas fa-quote-left\" style=\"solid\"><\/i>Nosotras, las feministas, comprendemos a la perfecci\u00f3n el mecanismo mental de una sociedad que crey\u00f3 hace 26 a\u00f1os que Dolores V\u00e1zquez, una mujer conocidamente lesbiana, de mediana edad y con un puesto de trabajo de poder como directora del Hotel Sult\u00e1n de Marbella, fuera se\u00f1alada, acusada formalmente y condenada por un asesinato que nunca cometi\u00f3 y sobre el que no hab\u00eda ninguna prueba contra ella.<i class=\"fas fa-quote-right\" style=\"solid\"><\/i><\/strong><\/p>\n<p style=\"text-align: left;\">Como mujer que desafiaba las normas morales de la sociedad espa\u00f1ola de 1999 se le consider\u00f3 la bruja del cuento. Quienes miraban hacia ella deseaban verla encerrada, deseaban que fuera la culpable y NO quer\u00edan buscar m\u00e1s. Ten\u00edan claro que aquella se\u00f1ora de 48 a\u00f1os hab\u00eda matado a una adolescente. Las televisiones y la prensa ayudaron a construir aquel relato que nadaba en contra de la l\u00f3gica, pues en casos como este el 99,9 % el culpable es un hombre. Una muchedumbre enfurecida deseaba que una mujer fuera la mala mal\u00edsima, aunque solo fuera una vez, pero como casi siempre pasa, el asesino era un hombre y con antecedentes.<\/p>\n<p>Las pruebas no importaron, la l\u00f3gica tampoco, se dej\u00f3 la raz\u00f3n de lado y se apel\u00f3 a los sentimientos, a las emociones, al sufrimiento de una madre. Dolores era una lesbiana de esas que pueden vivir sin hombres y cobrar m\u00e1s que muchos y no bajar la mirada ni retractarse de sus palabras cuando tiene seguridad de lo que dice. Una mujer que pens\u00f3 que se impondr\u00eda la verdad como finalmente pas\u00f3, aunque hubo que esperar tanto que Dolores vivi\u00f3 m\u00e1s de 500 d\u00edas entre rejas y Sonia Carabantes fue asesinada por Tony King, el asesino de Roc\u00edo Vanninkhof, que viendo lo sencillo que le hab\u00eda salido el asesinato y la ineptitud de la justicia espa\u00f1ola continuo quit\u00e1ndole la vida a otra adolescente que caminaba de noche.<\/p>\n<p>Pienso en Dolores y pienso en todas nosotras, las feministas, que luchamos contra la estupidez humana, la manipulaci\u00f3n, la exaltaci\u00f3n de las emociones por encima de la raz\u00f3n. Pienso en todas las veces que me han dicho que esas que no quieren la Ley Trans son unas burguesas que cobramos del estado y que no tenemos raz\u00f3n porque los trans sufren mucho. Pienso en las v\u00edctimas que se va a llevar por delante la poca capacidad de la gente de an\u00e1lisis, la infantilizaci\u00f3n en la que nos movemos, el odio a las mujeres que dicen que <strong>NO<\/strong>, las que tenemos valor de sobra para llevarle la contraria a quien sea preciso. Las que no nos adaptamos, las que no buscamos ser aceptadas por la masa sino que queremos cambiar el mundo para que este sea un lugar mejor.<\/p>\n<p>Dolores V\u00e1zquez representaba el estereotipo de mujer que la sociedad todav\u00eda odia, pero la sociedad no es un fantasma, act\u00faa a trav\u00e9s de las personas porque las personas son la sociedad, act\u00faa a trav\u00e9s de cada una de las palabras que dicen para aplastarte, de los movimientos de sus caras cuando se tuercen mientras t\u00fa hablas, a\u00fan m\u00e1s cuando tienes toda la raz\u00f3n del mundo. Ese odio que sufri\u00f3 Dolores en una dosis muy concentrada se dispersa entre todas nosotras cuando nos negamos a aceptar el \u201c<em>credo quer\u201d<\/em>, cuando nos negamos a aceptar que exista la prostituci\u00f3n \u201c<em>buena<\/em>\u201d, cuando nos negamos a aceptar ser usadas como m\u00e1quinas de parir para malas personas. No va a ser eterno lo que estamos sufriendo, antes o despu\u00e9s podremos se\u00f1alar las irresponsabilidades, temeridades, locuras, amenazas y dolor que nos est\u00e1 provocando a todas el no parar de decir la verdad cuando una mayor\u00eda se niega a verla.<\/p>\n<p>Se arrepentir\u00e1n antes o despu\u00e9s de lo que est\u00e1n haciendo y se har\u00e1 visible lo evidente. Nosotras, tenemos la raz\u00f3n.<\/p>\n<p><strong>Iria Bragado<\/strong>\u00a0\u2013 activista social, feminista y poeta.<\/p>","protected":false},"excerpt":{"rendered":"<p>Nosotras, las feministas, comprendemos a la perfecci\u00f3n el mecanismo mental de una sociedad que crey\u00f3 hace 26 a\u00f1os que Dolores V\u00e1zquez, una mujer conocidamente lesbiana, de mediana edad y con un puesto de trabajo de poder como directora del Hotel Sult\u00e1n de Marbella, fuera se\u00f1alada, acusada formalmente y condenada por un asesinato que nunca cometi\u00f3 [&hellip;]<\/p>\n","protected":false},"author":1,"featured_media":78392,"comment_status":"closed","ping_status":"closed","sticky":false,"template":"","format":"standard","meta":{"_acf_changed":false,"footnotes":""},"categories":[2470,2461],"tags":[2471,2502,2469],"class_list":["post-79024","post","type-post","status-publish","format-standard","has-post-thumbnail","hentry","category-feminismo","category-opinion","tag-feminismo","tag-mujer","tag-opinion"],"acf":[],"yoast_head":"<!-- This site is optimized with the Yoast SEO plugin v27.4 - https:\/\/yoast.com\/product\/yoast-seo-wordpress\/ -->\n<title>Dolores V\u00e1zquez y nosotras - DLVRADIO<\/title>\n<meta name=\"description\" content=\"Nosotras, las feministas, comprendemos a la perfecci\u00f3n el mecanismo mental de una sociedad que crey\u00f3 hace 26 a\u00f1os que Dolores V\u00e1zquez, una mujer\" \/>\n<meta name=\"robots\" content=\"index, follow, max-snippet:-1, max-image-preview:large, max-video-preview:-1\" \/>\n<link rel=\"canonical\" href=\"https:\/\/dlvradio.es\/en\/dolores-vazquez-y-nosotras\/\" \/>\n<meta property=\"og:locale\" content=\"en_US\" \/>\n<meta property=\"og:type\" content=\"article\" \/>\n<meta property=\"og:title\" content=\"Dolores V\u00e1zquez y nosotras - DLVRADIO\" \/>\n<meta property=\"og:description\" content=\"Nosotras, las feministas, comprendemos a la perfecci\u00f3n el mecanismo mental de una sociedad que crey\u00f3 hace 26 a\u00f1os que Dolores V\u00e1zquez, una mujer\" \/>\n<meta property=\"og:url\" content=\"https:\/\/dlvradio.es\/en\/dolores-vazquez-y-nosotras\/\" \/>\n<meta property=\"og:site_name\" content=\"DLVRADIO\" \/>\n<meta property=\"article:publisher\" content=\"https:\/\/www.facebook.com\/RadioDLVradio\/\" \/>\n<meta property=\"article:published_time\" content=\"2026-04-30T07:00:13+00:00\" \/>\n<meta property=\"og:image\" content=\"https:\/\/dlvradio.es\/wp-content\/uploads\/2025\/12\/Opinion-DLVRADIO-1024x1024.png\" \/>\n\t<meta property=\"og:image:width\" content=\"1024\" \/>\n\t<meta property=\"og:image:height\" content=\"1024\" \/>\n\t<meta property=\"og:image:type\" content=\"image\/png\" \/>\n<meta name=\"author\" content=\"doominio\" \/>\n<meta name=\"twitter:card\" content=\"summary_large_image\" \/>\n<meta name=\"twitter:creator\" content=\"@RadioDlvradio\" \/>\n<meta name=\"twitter:site\" content=\"@RadioDlvradio\" \/>\n<script type=\"application\/ld+json\" class=\"yoast-schema-graph\">{\"@context\":\"https:\\\/\\\/schema.org\",\"@graph\":[{\"@type\":\"Article\",\"@id\":\"https:\\\/\\\/dlvradio.es\\\/dolores-vazquez-y-nosotras\\\/#article\",\"isPartOf\":{\"@id\":\"https:\\\/\\\/dlvradio.es\\\/dolores-vazquez-y-nosotras\\\/\"},\"author\":{\"name\":\"doominio\",\"@id\":\"https:\\\/\\\/dlvradio.es\\\/#\\\/schema\\\/person\\\/6ee60897fbb7fb4ad6634c73f4be87fa\"},\"headline\":\"Dolores V\u00e1zquez y nosotras\",\"datePublished\":\"2026-04-30T07:00:13+00:00\",\"mainEntityOfPage\":{\"@id\":\"https:\\\/\\\/dlvradio.es\\\/dolores-vazquez-y-nosotras\\\/\"},\"wordCount\":682,\"publisher\":{\"@id\":\"https:\\\/\\\/dlvradio.es\\\/#organization\"},\"image\":{\"@id\":\"https:\\\/\\\/dlvradio.es\\\/dolores-vazquez-y-nosotras\\\/#primaryimage\"},\"thumbnailUrl\":\"https:\\\/\\\/dlvradio.es\\\/wp-content\\\/uploads\\\/2025\\\/12\\\/Opinion-DLVRADIO.png\",\"keywords\":[\"feminismo\",\"Mujer\",\"opini\u00f3n\"],\"articleSection\":[\"Feminismo\",\"Opini\u00f3n\"],\"inLanguage\":\"en-US\"},{\"@type\":\"WebPage\",\"@id\":\"https:\\\/\\\/dlvradio.es\\\/dolores-vazquez-y-nosotras\\\/\",\"url\":\"https:\\\/\\\/dlvradio.es\\\/dolores-vazquez-y-nosotras\\\/\",\"name\":\"Dolores V\u00e1zquez y nosotras - DLVRADIO\",\"isPartOf\":{\"@id\":\"https:\\\/\\\/dlvradio.es\\\/#website\"},\"primaryImageOfPage\":{\"@id\":\"https:\\\/\\\/dlvradio.es\\\/dolores-vazquez-y-nosotras\\\/#primaryimage\"},\"image\":{\"@id\":\"https:\\\/\\\/dlvradio.es\\\/dolores-vazquez-y-nosotras\\\/#primaryimage\"},\"thumbnailUrl\":\"https:\\\/\\\/dlvradio.es\\\/wp-content\\\/uploads\\\/2025\\\/12\\\/Opinion-DLVRADIO.png\",\"datePublished\":\"2026-04-30T07:00:13+00:00\",\"description\":\"Nosotras, las feministas, comprendemos a la perfecci\u00f3n el mecanismo mental de una sociedad que crey\u00f3 hace 26 a\u00f1os que Dolores V\u00e1zquez, una mujer\",\"breadcrumb\":{\"@id\":\"https:\\\/\\\/dlvradio.es\\\/dolores-vazquez-y-nosotras\\\/#breadcrumb\"},\"inLanguage\":\"en-US\",\"potentialAction\":[{\"@type\":\"ReadAction\",\"target\":[\"https:\\\/\\\/dlvradio.es\\\/dolores-vazquez-y-nosotras\\\/\"]}]},{\"@type\":\"ImageObject\",\"inLanguage\":\"en-US\",\"@id\":\"https:\\\/\\\/dlvradio.es\\\/dolores-vazquez-y-nosotras\\\/#primaryimage\",\"url\":\"https:\\\/\\\/dlvradio.es\\\/wp-content\\\/uploads\\\/2025\\\/12\\\/Opinion-DLVRADIO.png\",\"contentUrl\":\"https:\\\/\\\/dlvradio.es\\\/wp-content\\\/uploads\\\/2025\\\/12\\\/Opinion-DLVRADIO.png\",\"width\":1500,\"height\":1500,\"caption\":\"Es de vital importancia que los reincidentes por violencia machista no vuelvan a pisar la calle\"},{\"@type\":\"BreadcrumbList\",\"@id\":\"https:\\\/\\\/dlvradio.es\\\/dolores-vazquez-y-nosotras\\\/#breadcrumb\",\"itemListElement\":[{\"@type\":\"ListItem\",\"position\":1,\"name\":\"Inicio\",\"item\":\"https:\\\/\\\/dlvradio.es\\\/\"},{\"@type\":\"ListItem\",\"position\":2,\"name\":\"Dolores V\u00e1zquez y nosotras\"}]},{\"@type\":\"WebSite\",\"@id\":\"https:\\\/\\\/dlvradio.es\\\/#website\",\"url\":\"https:\\\/\\\/dlvradio.es\\\/\",\"name\":\"DLVRADIO\",\"description\":\"Somos un medio de comunicaci\u00f3n alternativo a los medios tradicionales\",\"publisher\":{\"@id\":\"https:\\\/\\\/dlvradio.es\\\/#organization\"},\"potentialAction\":[{\"@type\":\"SearchAction\",\"target\":{\"@type\":\"EntryPoint\",\"urlTemplate\":\"https:\\\/\\\/dlvradio.es\\\/?s={search_term_string}\"},\"query-input\":{\"@type\":\"PropertyValueSpecification\",\"valueRequired\":true,\"valueName\":\"search_term_string\"}}],\"inLanguage\":\"en-US\"},{\"@type\":\"Organization\",\"@id\":\"https:\\\/\\\/dlvradio.es\\\/#organization\",\"name\":\"DLVRADIO\",\"url\":\"https:\\\/\\\/dlvradio.es\\\/\",\"logo\":{\"@type\":\"ImageObject\",\"inLanguage\":\"en-US\",\"@id\":\"https:\\\/\\\/dlvradio.es\\\/#\\\/schema\\\/logo\\\/image\\\/\",\"url\":\"\",\"contentUrl\":\"\",\"caption\":\"DLVRADIO\"},\"image\":{\"@id\":\"https:\\\/\\\/dlvradio.es\\\/#\\\/schema\\\/logo\\\/image\\\/\"},\"sameAs\":[\"https:\\\/\\\/www.facebook.com\\\/RadioDLVradio\\\/\",\"https:\\\/\\\/x.com\\\/RadioDlvradio\",\"https:\\\/\\\/www.instagram.com\\\/radiodlvradio\\\/\"]},{\"@type\":\"Person\",\"@id\":\"https:\\\/\\\/dlvradio.es\\\/#\\\/schema\\\/person\\\/6ee60897fbb7fb4ad6634c73f4be87fa\",\"name\":\"doominio\",\"sameAs\":[\"https:\\\/\\\/dlvradio.es\"]}]}<\/script>\n<!-- \/ Yoast SEO plugin. -->","yoast_head_json":{"title":"Dolores V\u00e1zquez y nosotras - DLVRADIO","description":"Nosotras, las feministas, comprendemos a la perfecci\u00f3n el mecanismo mental de una sociedad que crey\u00f3 hace 26 a\u00f1os que Dolores V\u00e1zquez, una mujer","robots":{"index":"index","follow":"follow","max-snippet":"max-snippet:-1","max-image-preview":"max-image-preview:large","max-video-preview":"max-video-preview:-1"},"canonical":"https:\/\/dlvradio.es\/en\/dolores-vazquez-y-nosotras\/","og_locale":"en_US","og_type":"article","og_title":"Dolores V\u00e1zquez y nosotras - DLVRADIO","og_description":"Nosotras, las feministas, comprendemos a la perfecci\u00f3n el mecanismo mental de una sociedad que crey\u00f3 hace 26 a\u00f1os que Dolores V\u00e1zquez, una mujer","og_url":"https:\/\/dlvradio.es\/en\/dolores-vazquez-y-nosotras\/","og_site_name":"DLVRADIO","article_publisher":"https:\/\/www.facebook.com\/RadioDLVradio\/","article_published_time":"2026-04-30T07:00:13+00:00","og_image":[{"width":1024,"height":1024,"url":"https:\/\/dlvradio.es\/wp-content\/uploads\/2025\/12\/Opinion-DLVRADIO-1024x1024.png","type":"image\/png"}],"author":"doominio","twitter_card":"summary_large_image","twitter_creator":"@RadioDlvradio","twitter_site":"@RadioDlvradio","schema":{"@context":"https:\/\/schema.org","@graph":[{"@type":"Article","@id":"https:\/\/dlvradio.es\/dolores-vazquez-y-nosotras\/#article","isPartOf":{"@id":"https:\/\/dlvradio.es\/dolores-vazquez-y-nosotras\/"},"author":{"name":"doominio","@id":"https:\/\/dlvradio.es\/#\/schema\/person\/6ee60897fbb7fb4ad6634c73f4be87fa"},"headline":"Dolores V\u00e1zquez y nosotras","datePublished":"2026-04-30T07:00:13+00:00","mainEntityOfPage":{"@id":"https:\/\/dlvradio.es\/dolores-vazquez-y-nosotras\/"},"wordCount":682,"publisher":{"@id":"https:\/\/dlvradio.es\/#organization"},"image":{"@id":"https:\/\/dlvradio.es\/dolores-vazquez-y-nosotras\/#primaryimage"},"thumbnailUrl":"https:\/\/dlvradio.es\/wp-content\/uploads\/2025\/12\/Opinion-DLVRADIO.png","keywords":["feminismo","Mujer","opini\u00f3n"],"articleSection":["Feminismo","Opini\u00f3n"],"inLanguage":"en-US"},{"@type":"WebPage","@id":"https:\/\/dlvradio.es\/dolores-vazquez-y-nosotras\/","url":"https:\/\/dlvradio.es\/dolores-vazquez-y-nosotras\/","name":"Dolores V\u00e1zquez y nosotras - DLVRADIO","isPartOf":{"@id":"https:\/\/dlvradio.es\/#website"},"primaryImageOfPage":{"@id":"https:\/\/dlvradio.es\/dolores-vazquez-y-nosotras\/#primaryimage"},"image":{"@id":"https:\/\/dlvradio.es\/dolores-vazquez-y-nosotras\/#primaryimage"},"thumbnailUrl":"https:\/\/dlvradio.es\/wp-content\/uploads\/2025\/12\/Opinion-DLVRADIO.png","datePublished":"2026-04-30T07:00:13+00:00","description":"Nosotras, las feministas, comprendemos a la perfecci\u00f3n el mecanismo mental de una sociedad que crey\u00f3 hace 26 a\u00f1os que Dolores V\u00e1zquez, una mujer","breadcrumb":{"@id":"https:\/\/dlvradio.es\/dolores-vazquez-y-nosotras\/#breadcrumb"},"inLanguage":"en-US","potentialAction":[{"@type":"ReadAction","target":["https:\/\/dlvradio.es\/dolores-vazquez-y-nosotras\/"]}]},{"@type":"ImageObject","inLanguage":"en-US","@id":"https:\/\/dlvradio.es\/dolores-vazquez-y-nosotras\/#primaryimage","url":"https:\/\/dlvradio.es\/wp-content\/uploads\/2025\/12\/Opinion-DLVRADIO.png","contentUrl":"https:\/\/dlvradio.es\/wp-content\/uploads\/2025\/12\/Opinion-DLVRADIO.png","width":1500,"height":1500,"caption":"Es de vital importancia que los reincidentes por violencia machista no vuelvan a pisar la calle"},{"@type":"BreadcrumbList","@id":"https:\/\/dlvradio.es\/dolores-vazquez-y-nosotras\/#breadcrumb","itemListElement":[{"@type":"ListItem","position":1,"name":"Inicio","item":"https:\/\/dlvradio.es\/"},{"@type":"ListItem","position":2,"name":"Dolores V\u00e1zquez y nosotras"}]},{"@type":"WebSite","@id":"https:\/\/dlvradio.es\/#website","url":"https:\/\/dlvradio.es\/","name":"DLVRADIO","description":"We are an alternative media to traditional media","publisher":{"@id":"https:\/\/dlvradio.es\/#organization"},"potentialAction":[{"@type":"SearchAction","target":{"@type":"EntryPoint","urlTemplate":"https:\/\/dlvradio.es\/?s={search_term_string}"},"query-input":{"@type":"PropertyValueSpecification","valueRequired":true,"valueName":"search_term_string"}}],"inLanguage":"en-US"},{"@type":"Organization","@id":"https:\/\/dlvradio.es\/#organization","name":"DLVRADIO","url":"https:\/\/dlvradio.es\/","logo":{"@type":"ImageObject","inLanguage":"en-US","@id":"https:\/\/dlvradio.es\/#\/schema\/logo\/image\/","url":"","contentUrl":"","caption":"DLVRADIO"},"image":{"@id":"https:\/\/dlvradio.es\/#\/schema\/logo\/image\/"},"sameAs":["https:\/\/www.facebook.com\/RadioDLVradio\/","https:\/\/x.com\/RadioDlvradio","https:\/\/www.instagram.com\/radiodlvradio\/"]},{"@type":"Person","@id":"https:\/\/dlvradio.es\/#\/schema\/person\/6ee60897fbb7fb4ad6634c73f4be87fa","name":"doominio","sameAs":["https:\/\/dlvradio.es"]}]}},"_links":{"self":[{"href":"https:\/\/dlvradio.es\/en\/wp-json\/wp\/v2\/posts\/79024","targetHints":{"allow":["GET"]}}],"collection":[{"href":"https:\/\/dlvradio.es\/en\/wp-json\/wp\/v2\/posts"}],"about":[{"href":"https:\/\/dlvradio.es\/en\/wp-json\/wp\/v2\/types\/post"}],"author":[{"embeddable":true,"href":"https:\/\/dlvradio.es\/en\/wp-json\/wp\/v2\/users\/1"}],"replies":[{"embeddable":true,"href":"https:\/\/dlvradio.es\/en\/wp-json\/wp\/v2\/comments?post=79024"}],"version-history":[{"count":1,"href":"https:\/\/dlvradio.es\/en\/wp-json\/wp\/v2\/posts\/79024\/revisions"}],"predecessor-version":[{"id":79025,"href":"https:\/\/dlvradio.es\/en\/wp-json\/wp\/v2\/posts\/79024\/revisions\/79025"}],"wp:featuredmedia":[{"embeddable":true,"href":"https:\/\/dlvradio.es\/en\/wp-json\/wp\/v2\/media\/78392"}],"wp:attachment":[{"href":"https:\/\/dlvradio.es\/en\/wp-json\/wp\/v2\/media?parent=79024"}],"wp:term":[{"taxonomy":"category","embeddable":true,"href":"https:\/\/dlvradio.es\/en\/wp-json\/wp\/v2\/categories?post=79024"},{"taxonomy":"post_tag","embeddable":true,"href":"https:\/\/dlvradio.es\/en\/wp-json\/wp\/v2\/tags?post=79024"}],"curies":[{"name":"wp","href":"https:\/\/api.w.org\/{rel}","templated":true}]}}