{"id":79026,"date":"2026-04-29T13:57:43","date_gmt":"2026-04-29T11:57:43","guid":{"rendered":"https:\/\/dlvradio.es\/?p=79026"},"modified":"2026-04-29T13:57:43","modified_gmt":"2026-04-29T11:57:43","slug":"asociaciones-ecologistas-reiteran-su-rechazo-a-la-reapertura-de-aznalcollar","status":"publish","type":"post","link":"https:\/\/dlvradio.es\/en\/asociaciones-ecologistas-reiteran-su-rechazo-a-la-reapertura-de-aznalcollar\/","title":{"rendered":"Asociaciones ecologistas reiteran su rechazo a la reapertura de Aznalc\u00f3llar"},"content":{"rendered":"<h3><strong>Amigas de la Tierra, Ecologistas en Acci\u00f3n, Greenpeace, SEO\/BirdLife y WWF reiteran su rechazo al proyecto de reapertura de la mina de Aznalc\u00f3llar por sus riesgos ambientales<\/strong><\/h3>\n<ul>\n<li><strong><em>Casi 30 a\u00f1os despu\u00e9s de la mayor cat\u00e1strofe ecol\u00f3gica en Andaluc\u00eda provocada por la mina de Boliden en Aznalc\u00f3llar, la ciudadan\u00eda sale a la calle para denunciar la contaminaci\u00f3n procedente de la mina de Cobre de las Cruces en el r\u00edo Guadalquivir.<\/em><\/strong><\/li>\n<li><strong><em>En este aniversario, Amigas de la Tierra, Ecologistas en Acci\u00f3n, Greenpeace, SEO\/BirdLife y WWF muestran su apoyo a las reivindicaciones de la poblaci\u00f3n.<\/em><\/strong><\/li>\n<\/ul>\n<p>El pasado s\u00e1bado, 25 de abril, se cumplieron 28 a\u00f1os de la mayor cat\u00e1strofe ambiental de Andaluc\u00eda hasta la fecha, provocada por la rotura en 1998 de la balsa de lodos t\u00f3xicos de la mina de Boliden, en Aznalc\u00f3llar (Sevilla), que contamin\u00f3 la cuenca del r\u00edo Guadiamar y puso en riesgo extremo al Parque de Do\u00f1ana.<\/p>\n<p>El pr\u00f3ximo 9 de mayo, cofrad\u00edas de pescadores, asociaciones de comerciantes, y ciudadan\u00eda en general de poblaciones ribere\u00f1as del estuario del Guadalquivir, junto con organizaciones ecologistas, se manifestar\u00e1n frente a la desembocadura del Guadalquivir y las costas de Do\u00f1ana para denunciar la contaminaci\u00f3n que los vertidos mineros han provocado en el r\u00edo desde 2009 hasta 2023, por parte de la mina de Cobre Las Cruces.<\/p>\n<p>Y especialmente se manifestar\u00e1n contra los nuevos vertidos t\u00f3xicos autorizados para los proyectos de reapertura de la Mina de Los Frailes, en Aznalc\u00f3llar, y la nueva mina subterr\u00e1nea de Cobre Las Cruces, en Gerena (Sevilla).<\/p>\n<p>En esa manifestaci\u00f3n se exigir\u00e1 a la Junta de Andaluc\u00eda una moratoria para futuros vertidos y la creaci\u00f3n de un Comit\u00e9 de Expertos independientes que se pronuncie sobre la contaminaci\u00f3n por metales pesados en el r\u00edo Guadalquivir como resultado de los vertidos mineros, tal como ya exigieron en abril de 2024 varios alcaldes y alcaldesas de poblaciones ribere\u00f1as, representantes de agricultores, pescadores y mariscadores, as\u00ed como asociaciones de consumidores y consumidoras y las mareas blancas de defensa de la salud, unidos a cient\u00edficos y cient\u00edficas y al Defensor del Pueblo Andaluz.<\/p>\n<p>Asimismo, las organizaciones ecologistas exigen a la Confederaci\u00f3n Hidrogr\u00e1fica del Guadalquivir que no otorgue la concesi\u00f3n de aguas que permitir\u00eda a la empresa Minera Los Frailes vaciar las aguas contaminadas de las cortas mineras de Aznalc\u00f3llar y Los Frailes, cuyo destino final es la Zona de Especial Conservaci\u00f3n del estuario del Guadalquivir, con punto de vertido frente al estadio de La Cartuja, en Sevilla.<\/p>\n<p>Las jornadas cient\u00edficas \u2018El Estuario del Guadalquivir frente a los vertidos mineros\u2019, celebradas en junio de 2024 en la Universidad de Sevilla, advirtieron sobre los riesgos ambientales de los vertidos de metales pesados de las minas Cobre Las Cruces y Aznalc\u00f3llar. Expertos cient\u00edficos solicitaron paralizar las autorizaciones de vertidos, bas\u00e1ndose en estudios que cuestionan la seguridad ambiental y exigen un comit\u00e9 t\u00e9cnico independiente.<\/p>\n<p>Sin embargo, en julio de 2024 la Consejer\u00eda competente otorg\u00f3 la autorizaci\u00f3n ambiental al proyecto de mina subterr\u00e1nea de Minera Los Frailes, incluyendo un vertido t\u00f3xico preoperacional de 17.520 millones de litros de aguas \u00e1cidas con alto contenido en metales pesados, procedentes de las cortas de Aznalc\u00f3llar y Los Frailes, abandonadas desde 2001. Este vaciado se pretende realizar en tan s\u00f3lo 18 meses (m\u00e1s de 30 millones de litros diarios). Tambi\u00e9n se autoriz\u00f3 un vertido de 68.000 millones de litros durante un periodo operativo de 17 a\u00f1os, una vez que concluya el vaciado preoperacional. En mayo de 2025, la Direcci\u00f3n General de Minas otorg\u00f3 la autorizaci\u00f3n minera, incluyendo una planta industrial de obtenci\u00f3n de concentrados de zinc, cobre y plomo.<\/p>\n<p>Las organizaciones ecologistas denuncian, apoy\u00e1ndose en estudios de cient\u00edficos realizados en las Universidades de Sevilla, C\u00e1diz y Granada, que la autorizaci\u00f3n ambiental del proyecto no ha tenido en cuenta la totalidad de los impactos ambientales y socioecon\u00f3micos de la puesta en marcha y ejecuci\u00f3n de la explotaci\u00f3n minera sobre zonas protegidas como el Bajo Guadalquivir, incluidas en la Red Natura 2000, y el Espacio Natural de Do\u00f1ana.<\/p>\n<p>Este vertido contaminar\u00eda seriamente el r\u00edo con metales pesados como ars\u00e9nico, cadmio, plomo, zinc, n\u00edquel y selenio, desde Sevilla hasta la desembocadura en Sanl\u00facar de Barrameda, afectando gravemente los cultivos de arroz de la marisma sevillana y la reserva de pesca de la desembocadura del Guadalquivir, lo que adem\u00e1s pondr\u00eda en riesgo la salud de las\u00a0 personas que consuman estos productos.<\/p>\n<p>Ni el proyecto de la empresa minera ni las autoridades ambientales han tenido en cuenta los efectos acumulativos y sin\u00e9rgicos de estos nuevos vertidos con los anteriores vertidos en la misma zona. As\u00ed, no se ha contemplado el efecto combinado de los vertidos que la mina de Cobre las Cruces ha estado produciendo en la misma \u00e1rea entre 2009 y 2023, cuya ecotoxicidad ya ha sido acreditada. La reapertura de esta mina ya ha recibido autorizaci\u00f3n para nuevos vertidos mineros durante los pr\u00f3ximos 14 a\u00f1os de explotaci\u00f3n subterr\u00e1nea.<\/p>\n<p>Los efectos acumulativos de estos vertidos tampoco se han tenido en cuenta a pesar de producirse en la misma Zona de Especial Conservaci\u00f3n (ZEC), lo que incumplir\u00eda el contenido m\u00ednimo legalmente establecido para un Estudio de Impacto Ambiental. Las evaluaciones de impacto han ignorado adem\u00e1s el complejo contexto hidrodin\u00e1mico y fisicoqu\u00edmico del Estuario del Guadalquivir., por lo que se recomienda, en aplicaci\u00f3n<\/p>\n<p>del principio de precauci\u00f3n y el principio de no-deterioro de la Directiva Marco de Agua, no realizar nuevos vertidos mineros a esta zona protegida.<\/p>\n<p>Seg\u00fan las organizaciones ecologistas, la Junta de Andaluc\u00eda no ha evaluado asimismo la afecci\u00f3n medioambiental del vertido t\u00f3xico en Do\u00f1ana, y ha impedido que el Consejo de Participaci\u00f3n del Espacio Natural de Do\u00f1ana se pronunciase sobre el impacto del proyecto sobre el espacio, como es preceptivo legalmente.<\/p>\n<p>Teniendo en cuenta todo lo anterior, las organizaciones ecologistas demandan:<\/p>\n<ol>\n<li>La suspensi\u00f3n provisional de la tramitaci\u00f3n de la concesi\u00f3n de aguas actualmente en tr\u00e1mite por la Confederaci\u00f3n Hidrogr\u00e1fica del Guadalquivir, en consonancia con los principios de precauci\u00f3n y cautela.<\/li>\n<li>La creaci\u00f3n de una Comisi\u00f3n de Expertos t\u00e9cnicos y cient\u00edficos independientes, siguiendo la propuesta del Defensor del Pueblo Andaluz, a fin de determinar si existe suficiente certeza sobre los riesgos derivados del vertido o resulta necesaria la aplicaci\u00f3n de los principios de precauci\u00f3n y cautela.<\/li>\n<li>Un pronunciamiento por parte de los organismos dependientes del Ministerio para la Transici\u00f3n Ecol\u00f3gica y el Reto Demogr\u00e1fico sobre la posible incidencia de los vertidos previstos en el cumplimiento de los objetivos para 2027 del buen estado de las aguas del Estuario del Guadalquivir acordados con la Uni\u00f3n Europea, tambi\u00e9n en consonancia con lo solicitado por el Defensor del Pueblo Andaluz.<\/li>\n<\/ol>","protected":false},"excerpt":{"rendered":"<p>Amigas de la Tierra, Ecologistas en Acci\u00f3n, Greenpeace, SEO\/BirdLife y WWF reiteran su rechazo al proyecto de reapertura de la mina de Aznalc\u00f3llar por sus riesgos ambientales Casi 30 a\u00f1os despu\u00e9s de la mayor cat\u00e1strofe ecol\u00f3gica en Andaluc\u00eda provocada por la mina de Boliden en Aznalc\u00f3llar, la ciudadan\u00eda sale a la calle para denunciar la [&hellip;]<\/p>\n","protected":false},"author":1,"featured_media":79027,"comment_status":"closed","ping_status":"closed","sticky":false,"template":"","format":"standard","meta":{"_acf_changed":false,"footnotes":""},"categories":[2711],"tags":[2478,2466,2613],"class_list":["post-79026","post","type-post","status-publish","format-standard","has-post-thumbnail","hentry","category-emergencia-climatica","tag-ecologia","tag-espana","tag-sucesos"],"acf":[],"yoast_head":"<!-- This site is optimized with the Yoast SEO plugin v27.4 - https:\/\/yoast.com\/product\/yoast-seo-wordpress\/ -->\n<title>Asociaciones ecologistas reiteran su rechazo a la reapertura de Aznalc\u00f3llar - DLVRADIO<\/title>\n<meta name=\"description\" content=\"Amigas de la Tierra, Ecologistas en Acci\u00f3n, Greenpeace, SEO\/BirdLife y WWF reiteran su rechazo al proyecto de reapertura de la mina de Aznalc\u00f3llar por sus\" \/>\n<meta name=\"robots\" content=\"index, follow, max-snippet:-1, max-image-preview:large, max-video-preview:-1\" \/>\n<link rel=\"canonical\" href=\"https:\/\/dlvradio.es\/en\/asociaciones-ecologistas-reiteran-su-rechazo-a-la-reapertura-de-aznalcollar\/\" \/>\n<meta property=\"og:locale\" content=\"en_US\" \/>\n<meta property=\"og:type\" content=\"article\" \/>\n<meta property=\"og:title\" content=\"Asociaciones ecologistas reiteran su rechazo a la reapertura de Aznalc\u00f3llar - DLVRADIO\" \/>\n<meta property=\"og:description\" content=\"Amigas de la Tierra, Ecologistas en Acci\u00f3n, Greenpeace, SEO\/BirdLife y WWF reiteran su rechazo al proyecto de reapertura de la mina de Aznalc\u00f3llar por sus\" \/>\n<meta property=\"og:url\" content=\"https:\/\/dlvradio.es\/en\/asociaciones-ecologistas-reiteran-su-rechazo-a-la-reapertura-de-aznalcollar\/\" \/>\n<meta property=\"og:site_name\" content=\"DLVRADIO\" \/>\n<meta property=\"article:publisher\" content=\"https:\/\/www.facebook.com\/RadioDLVradio\/\" \/>\n<meta property=\"article:published_time\" content=\"2026-04-29T11:57:43+00:00\" \/>\n<meta property=\"og:image\" content=\"https:\/\/dlvradio.es\/wp-content\/uploads\/2026\/04\/dlvradio-1500-x-1500-px-7-1024x1024.png\" \/>\n\t<meta property=\"og:image:width\" content=\"1024\" \/>\n\t<meta property=\"og:image:height\" content=\"1024\" \/>\n\t<meta property=\"og:image:type\" content=\"image\/png\" \/>\n<meta name=\"author\" content=\"doominio\" \/>\n<meta name=\"twitter:card\" content=\"summary_large_image\" \/>\n<meta name=\"twitter:creator\" content=\"@RadioDlvradio\" \/>\n<meta name=\"twitter:site\" content=\"@RadioDlvradio\" \/>\n<script type=\"application\/ld+json\" class=\"yoast-schema-graph\">{\"@context\":\"https:\\\/\\\/schema.org\",\"@graph\":[{\"@type\":\"Article\",\"@id\":\"https:\\\/\\\/dlvradio.es\\\/asociaciones-ecologistas-reiteran-su-rechazo-a-la-reapertura-de-aznalcollar\\\/#article\",\"isPartOf\":{\"@id\":\"https:\\\/\\\/dlvradio.es\\\/asociaciones-ecologistas-reiteran-su-rechazo-a-la-reapertura-de-aznalcollar\\\/\"},\"author\":{\"name\":\"doominio\",\"@id\":\"https:\\\/\\\/dlvradio.es\\\/#\\\/schema\\\/person\\\/6ee60897fbb7fb4ad6634c73f4be87fa\"},\"headline\":\"Asociaciones ecologistas reiteran su rechazo a la reapertura de Aznalc\u00f3llar\",\"datePublished\":\"2026-04-29T11:57:43+00:00\",\"mainEntityOfPage\":{\"@id\":\"https:\\\/\\\/dlvradio.es\\\/asociaciones-ecologistas-reiteran-su-rechazo-a-la-reapertura-de-aznalcollar\\\/\"},\"wordCount\":1189,\"publisher\":{\"@id\":\"https:\\\/\\\/dlvradio.es\\\/#organization\"},\"image\":{\"@id\":\"https:\\\/\\\/dlvradio.es\\\/asociaciones-ecologistas-reiteran-su-rechazo-a-la-reapertura-de-aznalcollar\\\/#primaryimage\"},\"thumbnailUrl\":\"https:\\\/\\\/dlvradio.es\\\/wp-content\\\/uploads\\\/2026\\\/04\\\/dlvradio-1500-x-1500-px-7.png\",\"keywords\":[\"ecolog\u00eda\",\"Espa\u00f1a\",\"sucesos\"],\"articleSection\":[\"Emergencia clim\u00e1tica\"],\"inLanguage\":\"en-US\"},{\"@type\":\"WebPage\",\"@id\":\"https:\\\/\\\/dlvradio.es\\\/asociaciones-ecologistas-reiteran-su-rechazo-a-la-reapertura-de-aznalcollar\\\/\",\"url\":\"https:\\\/\\\/dlvradio.es\\\/asociaciones-ecologistas-reiteran-su-rechazo-a-la-reapertura-de-aznalcollar\\\/\",\"name\":\"Asociaciones ecologistas reiteran su rechazo a la reapertura de Aznalc\u00f3llar - DLVRADIO\",\"isPartOf\":{\"@id\":\"https:\\\/\\\/dlvradio.es\\\/#website\"},\"primaryImageOfPage\":{\"@id\":\"https:\\\/\\\/dlvradio.es\\\/asociaciones-ecologistas-reiteran-su-rechazo-a-la-reapertura-de-aznalcollar\\\/#primaryimage\"},\"image\":{\"@id\":\"https:\\\/\\\/dlvradio.es\\\/asociaciones-ecologistas-reiteran-su-rechazo-a-la-reapertura-de-aznalcollar\\\/#primaryimage\"},\"thumbnailUrl\":\"https:\\\/\\\/dlvradio.es\\\/wp-content\\\/uploads\\\/2026\\\/04\\\/dlvradio-1500-x-1500-px-7.png\",\"datePublished\":\"2026-04-29T11:57:43+00:00\",\"description\":\"Amigas de la Tierra, Ecologistas en Acci\u00f3n, Greenpeace, SEO\\\/BirdLife y WWF reiteran su rechazo al proyecto de reapertura de la mina de Aznalc\u00f3llar por sus\",\"breadcrumb\":{\"@id\":\"https:\\\/\\\/dlvradio.es\\\/asociaciones-ecologistas-reiteran-su-rechazo-a-la-reapertura-de-aznalcollar\\\/#breadcrumb\"},\"inLanguage\":\"en-US\",\"potentialAction\":[{\"@type\":\"ReadAction\",\"target\":[\"https:\\\/\\\/dlvradio.es\\\/asociaciones-ecologistas-reiteran-su-rechazo-a-la-reapertura-de-aznalcollar\\\/\"]}]},{\"@type\":\"ImageObject\",\"inLanguage\":\"en-US\",\"@id\":\"https:\\\/\\\/dlvradio.es\\\/asociaciones-ecologistas-reiteran-su-rechazo-a-la-reapertura-de-aznalcollar\\\/#primaryimage\",\"url\":\"https:\\\/\\\/dlvradio.es\\\/wp-content\\\/uploads\\\/2026\\\/04\\\/dlvradio-1500-x-1500-px-7.png\",\"contentUrl\":\"https:\\\/\\\/dlvradio.es\\\/wp-content\\\/uploads\\\/2026\\\/04\\\/dlvradio-1500-x-1500-px-7.png\",\"width\":1500,\"height\":1500},{\"@type\":\"BreadcrumbList\",\"@id\":\"https:\\\/\\\/dlvradio.es\\\/asociaciones-ecologistas-reiteran-su-rechazo-a-la-reapertura-de-aznalcollar\\\/#breadcrumb\",\"itemListElement\":[{\"@type\":\"ListItem\",\"position\":1,\"name\":\"Inicio\",\"item\":\"https:\\\/\\\/dlvradio.es\\\/\"},{\"@type\":\"ListItem\",\"position\":2,\"name\":\"Asociaciones ecologistas reiteran su rechazo a la reapertura de Aznalc\u00f3llar\"}]},{\"@type\":\"WebSite\",\"@id\":\"https:\\\/\\\/dlvradio.es\\\/#website\",\"url\":\"https:\\\/\\\/dlvradio.es\\\/\",\"name\":\"DLVRADIO\",\"description\":\"Somos un medio de comunicaci\u00f3n alternativo a los medios tradicionales\",\"publisher\":{\"@id\":\"https:\\\/\\\/dlvradio.es\\\/#organization\"},\"potentialAction\":[{\"@type\":\"SearchAction\",\"target\":{\"@type\":\"EntryPoint\",\"urlTemplate\":\"https:\\\/\\\/dlvradio.es\\\/?s={search_term_string}\"},\"query-input\":{\"@type\":\"PropertyValueSpecification\",\"valueRequired\":true,\"valueName\":\"search_term_string\"}}],\"inLanguage\":\"en-US\"},{\"@type\":\"Organization\",\"@id\":\"https:\\\/\\\/dlvradio.es\\\/#organization\",\"name\":\"DLVRADIO\",\"url\":\"https:\\\/\\\/dlvradio.es\\\/\",\"logo\":{\"@type\":\"ImageObject\",\"inLanguage\":\"en-US\",\"@id\":\"https:\\\/\\\/dlvradio.es\\\/#\\\/schema\\\/logo\\\/image\\\/\",\"url\":\"\",\"contentUrl\":\"\",\"caption\":\"DLVRADIO\"},\"image\":{\"@id\":\"https:\\\/\\\/dlvradio.es\\\/#\\\/schema\\\/logo\\\/image\\\/\"},\"sameAs\":[\"https:\\\/\\\/www.facebook.com\\\/RadioDLVradio\\\/\",\"https:\\\/\\\/x.com\\\/RadioDlvradio\",\"https:\\\/\\\/www.instagram.com\\\/radiodlvradio\\\/\"]},{\"@type\":\"Person\",\"@id\":\"https:\\\/\\\/dlvradio.es\\\/#\\\/schema\\\/person\\\/6ee60897fbb7fb4ad6634c73f4be87fa\",\"name\":\"doominio\",\"sameAs\":[\"https:\\\/\\\/dlvradio.es\"]}]}<\/script>\n<!-- \/ Yoast SEO plugin. -->","yoast_head_json":{"title":"Asociaciones ecologistas reiteran su rechazo a la reapertura de Aznalc\u00f3llar - DLVRADIO","description":"Amigas de la Tierra, Ecologistas en Acci\u00f3n, Greenpeace, SEO\/BirdLife y WWF reiteran su rechazo al proyecto de reapertura de la mina de Aznalc\u00f3llar por sus","robots":{"index":"index","follow":"follow","max-snippet":"max-snippet:-1","max-image-preview":"max-image-preview:large","max-video-preview":"max-video-preview:-1"},"canonical":"https:\/\/dlvradio.es\/en\/asociaciones-ecologistas-reiteran-su-rechazo-a-la-reapertura-de-aznalcollar\/","og_locale":"en_US","og_type":"article","og_title":"Asociaciones ecologistas reiteran su rechazo a la reapertura de Aznalc\u00f3llar - DLVRADIO","og_description":"Amigas de la Tierra, Ecologistas en Acci\u00f3n, Greenpeace, SEO\/BirdLife y WWF reiteran su rechazo al proyecto de reapertura de la mina de Aznalc\u00f3llar por sus","og_url":"https:\/\/dlvradio.es\/en\/asociaciones-ecologistas-reiteran-su-rechazo-a-la-reapertura-de-aznalcollar\/","og_site_name":"DLVRADIO","article_publisher":"https:\/\/www.facebook.com\/RadioDLVradio\/","article_published_time":"2026-04-29T11:57:43+00:00","og_image":[{"width":1024,"height":1024,"url":"https:\/\/dlvradio.es\/wp-content\/uploads\/2026\/04\/dlvradio-1500-x-1500-px-7-1024x1024.png","type":"image\/png"}],"author":"doominio","twitter_card":"summary_large_image","twitter_creator":"@RadioDlvradio","twitter_site":"@RadioDlvradio","schema":{"@context":"https:\/\/schema.org","@graph":[{"@type":"Article","@id":"https:\/\/dlvradio.es\/asociaciones-ecologistas-reiteran-su-rechazo-a-la-reapertura-de-aznalcollar\/#article","isPartOf":{"@id":"https:\/\/dlvradio.es\/asociaciones-ecologistas-reiteran-su-rechazo-a-la-reapertura-de-aznalcollar\/"},"author":{"name":"doominio","@id":"https:\/\/dlvradio.es\/#\/schema\/person\/6ee60897fbb7fb4ad6634c73f4be87fa"},"headline":"Asociaciones ecologistas reiteran su rechazo a la reapertura de Aznalc\u00f3llar","datePublished":"2026-04-29T11:57:43+00:00","mainEntityOfPage":{"@id":"https:\/\/dlvradio.es\/asociaciones-ecologistas-reiteran-su-rechazo-a-la-reapertura-de-aznalcollar\/"},"wordCount":1189,"publisher":{"@id":"https:\/\/dlvradio.es\/#organization"},"image":{"@id":"https:\/\/dlvradio.es\/asociaciones-ecologistas-reiteran-su-rechazo-a-la-reapertura-de-aznalcollar\/#primaryimage"},"thumbnailUrl":"https:\/\/dlvradio.es\/wp-content\/uploads\/2026\/04\/dlvradio-1500-x-1500-px-7.png","keywords":["ecolog\u00eda","Espa\u00f1a","sucesos"],"articleSection":["Emergencia clim\u00e1tica"],"inLanguage":"en-US"},{"@type":"WebPage","@id":"https:\/\/dlvradio.es\/asociaciones-ecologistas-reiteran-su-rechazo-a-la-reapertura-de-aznalcollar\/","url":"https:\/\/dlvradio.es\/asociaciones-ecologistas-reiteran-su-rechazo-a-la-reapertura-de-aznalcollar\/","name":"Asociaciones ecologistas reiteran su rechazo a la reapertura de Aznalc\u00f3llar - DLVRADIO","isPartOf":{"@id":"https:\/\/dlvradio.es\/#website"},"primaryImageOfPage":{"@id":"https:\/\/dlvradio.es\/asociaciones-ecologistas-reiteran-su-rechazo-a-la-reapertura-de-aznalcollar\/#primaryimage"},"image":{"@id":"https:\/\/dlvradio.es\/asociaciones-ecologistas-reiteran-su-rechazo-a-la-reapertura-de-aznalcollar\/#primaryimage"},"thumbnailUrl":"https:\/\/dlvradio.es\/wp-content\/uploads\/2026\/04\/dlvradio-1500-x-1500-px-7.png","datePublished":"2026-04-29T11:57:43+00:00","description":"Amigas de la Tierra, Ecologistas en Acci\u00f3n, Greenpeace, SEO\/BirdLife y WWF reiteran su rechazo al proyecto de reapertura de la mina de Aznalc\u00f3llar por sus","breadcrumb":{"@id":"https:\/\/dlvradio.es\/asociaciones-ecologistas-reiteran-su-rechazo-a-la-reapertura-de-aznalcollar\/#breadcrumb"},"inLanguage":"en-US","potentialAction":[{"@type":"ReadAction","target":["https:\/\/dlvradio.es\/asociaciones-ecologistas-reiteran-su-rechazo-a-la-reapertura-de-aznalcollar\/"]}]},{"@type":"ImageObject","inLanguage":"en-US","@id":"https:\/\/dlvradio.es\/asociaciones-ecologistas-reiteran-su-rechazo-a-la-reapertura-de-aznalcollar\/#primaryimage","url":"https:\/\/dlvradio.es\/wp-content\/uploads\/2026\/04\/dlvradio-1500-x-1500-px-7.png","contentUrl":"https:\/\/dlvradio.es\/wp-content\/uploads\/2026\/04\/dlvradio-1500-x-1500-px-7.png","width":1500,"height":1500},{"@type":"BreadcrumbList","@id":"https:\/\/dlvradio.es\/asociaciones-ecologistas-reiteran-su-rechazo-a-la-reapertura-de-aznalcollar\/#breadcrumb","itemListElement":[{"@type":"ListItem","position":1,"name":"Inicio","item":"https:\/\/dlvradio.es\/"},{"@type":"ListItem","position":2,"name":"Asociaciones ecologistas reiteran su rechazo a la reapertura de Aznalc\u00f3llar"}]},{"@type":"WebSite","@id":"https:\/\/dlvradio.es\/#website","url":"https:\/\/dlvradio.es\/","name":"DLVRADIO","description":"We are an alternative media to traditional media","publisher":{"@id":"https:\/\/dlvradio.es\/#organization"},"potentialAction":[{"@type":"SearchAction","target":{"@type":"EntryPoint","urlTemplate":"https:\/\/dlvradio.es\/?s={search_term_string}"},"query-input":{"@type":"PropertyValueSpecification","valueRequired":true,"valueName":"search_term_string"}}],"inLanguage":"en-US"},{"@type":"Organization","@id":"https:\/\/dlvradio.es\/#organization","name":"DLVRADIO","url":"https:\/\/dlvradio.es\/","logo":{"@type":"ImageObject","inLanguage":"en-US","@id":"https:\/\/dlvradio.es\/#\/schema\/logo\/image\/","url":"","contentUrl":"","caption":"DLVRADIO"},"image":{"@id":"https:\/\/dlvradio.es\/#\/schema\/logo\/image\/"},"sameAs":["https:\/\/www.facebook.com\/RadioDLVradio\/","https:\/\/x.com\/RadioDlvradio","https:\/\/www.instagram.com\/radiodlvradio\/"]},{"@type":"Person","@id":"https:\/\/dlvradio.es\/#\/schema\/person\/6ee60897fbb7fb4ad6634c73f4be87fa","name":"doominio","sameAs":["https:\/\/dlvradio.es"]}]}},"_links":{"self":[{"href":"https:\/\/dlvradio.es\/en\/wp-json\/wp\/v2\/posts\/79026","targetHints":{"allow":["GET"]}}],"collection":[{"href":"https:\/\/dlvradio.es\/en\/wp-json\/wp\/v2\/posts"}],"about":[{"href":"https:\/\/dlvradio.es\/en\/wp-json\/wp\/v2\/types\/post"}],"author":[{"embeddable":true,"href":"https:\/\/dlvradio.es\/en\/wp-json\/wp\/v2\/users\/1"}],"replies":[{"embeddable":true,"href":"https:\/\/dlvradio.es\/en\/wp-json\/wp\/v2\/comments?post=79026"}],"version-history":[{"count":1,"href":"https:\/\/dlvradio.es\/en\/wp-json\/wp\/v2\/posts\/79026\/revisions"}],"predecessor-version":[{"id":79028,"href":"https:\/\/dlvradio.es\/en\/wp-json\/wp\/v2\/posts\/79026\/revisions\/79028"}],"wp:featuredmedia":[{"embeddable":true,"href":"https:\/\/dlvradio.es\/en\/wp-json\/wp\/v2\/media\/79027"}],"wp:attachment":[{"href":"https:\/\/dlvradio.es\/en\/wp-json\/wp\/v2\/media?parent=79026"}],"wp:term":[{"taxonomy":"category","embeddable":true,"href":"https:\/\/dlvradio.es\/en\/wp-json\/wp\/v2\/categories?post=79026"},{"taxonomy":"post_tag","embeddable":true,"href":"https:\/\/dlvradio.es\/en\/wp-json\/wp\/v2\/tags?post=79026"}],"curies":[{"name":"wp","href":"https:\/\/api.w.org\/{rel}","templated":true}]}}