{"id":79032,"date":"2026-05-01T19:14:18","date_gmt":"2026-05-01T17:14:18","guid":{"rendered":"https:\/\/dlvradio.es\/?p=79032"},"modified":"2026-05-01T19:14:18","modified_gmt":"2026-05-01T17:14:18","slug":"la-conferencia-de-santa-marta-da-un-paso-hacia-una-coalicion-de-paises-para-dar-una-salida-justa-a-los-combustibles-fosiles","status":"publish","type":"post","link":"https:\/\/dlvradio.es\/en\/la-conferencia-de-santa-marta-da-un-paso-hacia-una-coalicion-de-paises-para-dar-una-salida-justa-a-los-combustibles-fosiles\/","title":{"rendered":"La conferencia de Santa Marta da un paso hacia una coalici\u00f3n de pa\u00edses para dar una salida justa a los combustibles f\u00f3siles"},"content":{"rendered":"<h3><strong>La conferencia de Santa Marta da un paso hacia una coalici\u00f3n de pa\u00edses para dar una salida justa a los combustibles f\u00f3siles<\/strong><\/h3>\n<ul>\n<li><strong><em>La I Conferencia Internacional para la Transici\u00f3n m\u00e1s all\u00e1 de los Combustibles F\u00f3siles se salda con una segunda convocatoria, la introducci\u00f3n de un comit\u00e9 cient\u00edfico y pasos cautos adelante.<\/em><\/strong><\/li>\n<li><strong><em>Alianza por el Clima y Gas No Es Soluci\u00f3n, redes de las que forma parte Ecologistas en Acci\u00f3n, han participado en la conferencia, tanto en los espacios formales de decisi\u00f3n como en la alternativa Cumbre de los Pueblos, donde la sociedad civil internacional se ha volcado a favor de un Tratado vinculante sobre combustibles f\u00f3siles en un despliegue de coordinaci\u00f3n narrativa.<\/em><\/strong><\/li>\n<\/ul>\n<p>Durante seis d\u00edas, la ciudad caribe\u00f1a de Santa Marta ha sido el epicentro de la pol\u00edtica clim\u00e1tica global. La I Conferencia Internacional para la Transici\u00f3n m\u00e1s all\u00e1 de los Combustibles F\u00f3siles, coorganizada por Colombia y los Pa\u00edses Bajos, ha reunido a m\u00e1s de 50 pa\u00edses, 2.800 personas y centenares de organizaciones de la sociedad civil para abordar lo que durante d\u00e9cadas las negociaciones clim\u00e1ticas internacionales no han sido capaces de hacer: c\u00f3mo planificar, financiar y ejecutar la salida ordenada del petr\u00f3leo, el gas y el carb\u00f3n. La conferencia ha concluido hoy con su segmento de Alto Nivel ministerial.<\/p>\n<p>Irene V\u00e9lez, Ministra de Ambiente y Desarrollo Sostenible de Colombia de Colombia, se\u00f1alaba en las primeras horas de la conferencia el momento hist\u00f3rico que supone este encuentro de Santa Marta y Alianza por el Clima subrayaba, ante estas declaraciones, que la importancia de este espacio \u201cdepender\u00e1 de lo fruct\u00edfero del camino y\u00a0 de si es capaz de consolidarse un instrumento multilateral vinculante capaz de poner fin a los f\u00f3siles\u201d. Gas No Es Soluci\u00f3n reacciona con cauto optimismo, enfatizando que \u201caunque es un paso, es necesario avanzar m\u00e1s r\u00e1pido en compromisos que consigan dejar atr\u00e1s los f\u00f3siles y desmantelen las din\u00e1micas de extractivismo hacia el Sur Global\u201d.<\/p>\n<p><strong>Los resultados de la Conferencia<\/strong><\/p>\n<p>Ambas redes consideran que es necesario continuar los di\u00e1logos avanzados en Santa Marta, por ello acogen con satisfacci\u00f3n el anuncio de una segunda conferencia en Tuvalu el pr\u00f3ximo a\u00f1o.\u00a0 Una buena noticia, dicen, teniendo en cuenta los intentos de algunos pa\u00edses europeos para reducir el debate a una mera recogida de impresiones y de traslado dentro del marco de UNFCCC, con las limitaciones que ello conlleva.\u00a0 Entre el Sur Global han sido muchos los pa\u00edses que han se\u00f1alado la necesidad de un tratado vinculante como forma de avanzar en un camino paralelo pero complementario que sea capaz de nutrir las negociaciones oficiales y poner fin a los f\u00f3siles de una forma r\u00e1pida, justa y equitativa sin pasar por el veto de los pa\u00edses petroleros.<\/p>\n<p><strong>La conferencia cerr\u00f3 con un mandato pol\u00edtico claro pero insuficiente. Los avances se cristalizan en tres elementos concretos:<\/strong><\/p>\n<ol>\n<li><em>La creaci\u00f3n de un panel cient\u00edfico para orientar la transici\u00f3n liderado por el conocido investigador Johan Rockstr\u00f6m.<\/em><\/li>\n<li><em>El reconocimiento en el plenario final de la necesidad de un nuevo instrumento internacional (uno que llene el vac\u00edo de gobernanza que el Acuerdo de Par\u00eds no puede cubrir por s\u00ed solo). Sin embargo, esto no se ha cristalizado en un instrumento concreto, ni en un cronograma para su adopci\u00f3n, sino en una nueva conferencia, que ser\u00e1 alojada por los gobiernos de Irlanda y Tuvalu. En el plenario de alto nivel, varios gobiernos reclamaron obligaciones vinculantes sobre la producci\u00f3n de f\u00f3siles, mecanismos reales de financiaci\u00f3n para la transici\u00f3n y el fin de las reglas de arbitraje que permiten a las empresas f\u00f3siles demandar a los Estados que act\u00faan por el clima.<\/em><\/li>\n<li><em>Un informe final exhaustivo elaborado por los gobiernos coanfitriones, en el que se recopilan las aportaciones de miles de contribuciones escritas, docenas de di\u00e1logos virtuales y numerosas consultas sectoriales presenciales.<\/em><\/li>\n<\/ol>\n<p><strong>El papel del Estado espa\u00f1ol<\/strong><\/p>\n<p>El gobierno de Espa\u00f1a y representantes parlamentarios acudieron a Santa Marta, siendo de los pocos gobiernos que han optado por el m\u00e1s alto nivel de representaci\u00f3n, al estar presente la vicepresidenta tercera del Gobierno y ministra para la Transici\u00f3n Ecol\u00f3gica y el Reto Demogr\u00e1fico, Sara Aagesen, quien intervino en el plenario como facilitadora del bloque dedicado a soberan\u00eda y seguridad energ\u00e9tica.<\/p>\n<p>La ministra Aagesen subray\u00f3 la importancia de actuar de forma colectiva porque \u201ceso nos hace m\u00e1s fuertes: reduce los costes, reduce los riesgos, y se ha destacado algo fundamental, c\u00f3mo trabajar en la financiaci\u00f3n\u201d. Una intervenci\u00f3n que terminaba afirmando que el proceso \u201ces inspirador, no es solo aire fresco, es un futuro prometedor de trabajar por el fin de los combustibles f\u00f3siles de forma conjunta, (\u2026) pod\u00e9is contar con Espa\u00f1a, podeis con el m\u00e1ximo esfuerzo para conseguirlo unidos y con compromiso\u201d.<\/p>\n<p>Javier Andaluz, coordinador de Alianza por el Clima y responsable de Clima y Energ\u00eda de Ecologistas en Acci\u00f3n, declara: \u201cLa convulsi\u00f3n geopol\u00edtica actual no solo nos demuestra el impacto de una econom\u00eda f\u00f3sil, sino la importancia de la solidaridad y de la creaci\u00f3n de un bloque de pa\u00edses diversos capaces de defender el futuro frente a las guerras injustas y la continua degradaci\u00f3n de la vida. Esta conferencia puede ser el primer paso para ello, pero necesitamos un compromiso pol\u00edtico real y valiente que esperamos siga forj\u00e1ndose en Tuvalu\u201d. A\u00f1ade que \u201cnos traemos varios deberes a Espa\u00f1a, reforzar nuestros compromisos no solo con la UNFCCC sino tambi\u00e9n en otras alianzas para poner fin a los subsidios f\u00f3siles (COFFIS), la reforma de la arquitectura financiera internacional y las medidas dom\u00e9sticas necesarias para acelerar esta transformaci\u00f3n global\u201d.<\/p>\n<p><strong>El papel de la sociedad civil<\/strong><\/p>\n<p>Alianza por el Clima y Gas No Es Soluci\u00f3n han participado activamente en la Cumbre de los Pueblos, junto a una coalici\u00f3n global de organizaciones de comunidades de primera l\u00ednea, pueblos ind\u00edgenas, mujeres, j\u00f3venes y trabajadores. La Cumbre de los Pueblos aprob\u00f3 una declaraci\u00f3n que enmarca la crisis clim\u00e1tica como consecuencia directa del capitalismo, el colonialismo y el militarismo, y exige que los pa\u00edses del Norte Global asuman su deuda ecol\u00f3gica con el Sur. En las calles de Santa Marta, cientos de personas, entre ellas comunidades afrodescendientes e ind\u00edgenas de la Sierra Nevada, protagonizaron una marcha que recorri\u00f3 la ciudad hasta la Plaza de Bol\u00edvar bajo el lema \u201cFuturo Libre de Combustibles F\u00f3siles\u201d.<\/p>\n<p>Para Gas No es Soluci\u00f3n esta demostraci\u00f3n de fuerza de la sociedad civil es una se\u00f1al clara de que Santa Marta marca el inicio de un proceso, no su culminaci\u00f3n: \u00abEl mundo ya sabe que la salida de los combustibles f\u00f3siles no es opcional. Santa Marta lo ha dejado claro: hay una mayor\u00eda global que quiere avanzar, que tiene urgencia y que no puede seguir esperando a que los pa\u00edses productores den su visto bueno. Lo que se negocia ahora es c\u00f3mo se hace justa, c\u00f3mo se garantiza que el coste no lo paguen quienes menos responsabilidad tienen, y c\u00f3mo se avanza r\u00e1pido frente a bloqueadores y negacionismo. La pr\u00f3xima parada es Tuvalu, y llegamos con m\u00e1s fuerza y con m\u00e1s claridad sobre lo que necesitamos: un tratado vinculante, financiaci\u00f3n real y compromisos que no se evaporen en el camino\u00bb, concluye Marina Gros Breto, portavoz de Gas No Es Soluci\u00f3n y de Ecologistas en Acci\u00f3n.<\/p>\n<p><strong>Declaraciones:<\/strong><\/p>\n<p><strong>Ester Galende (Campa\u00f1a del Tratado de Combustibles F\u00f3siles)<\/strong>: \u201cEn medio de un escenario geopol\u00edtico convulso, lo que ha ido tomando forma en Santa Marta es un proceso que finalmente equipara la diplomacia con la magnitud de la crisis clim\u00e1tica. El acuerdo para continuar bajo el liderazgo del Pac\u00edfico, con Tuvalu e Irlanda como co-anfitriones de la segunda conferencia, manda un mensaje claro al mundo: la transici\u00f3n m\u00e1s all\u00e1 de los combustibles f\u00f3siles es inevitable. El reto ahora es garantizar que este impulso se traduce en un mecanismo vinculante para eliminar de manera gradual y equitativa la extracci\u00f3n de petr\u00f3leo, gas y carb\u00f3n y as\u00ed contribuir al cumplimiento de los objetivos del Acuerdo de Par\u00eds. Espa\u00f1a debe ser un actor clave en este proceso y desempe\u00f1ar un rol de liderazgo en la construcci\u00f3n de un mundo libre de combustibles f\u00f3siles, m\u00e1s justo y en paz\u201d.<\/p>\n<p><strong>Philippine M\u00e9nager (ECODES)<\/strong>: \u201cSanta Marta marca un cambio de fase: m\u00e1s de 50 gobiernos sit\u00faan la salida de los combustibles f\u00f3siles al centro de la agenda global. El reto ahora es doble: convertir este impulso en pol\u00edticas justas y sostener el impulso hasta la COP 31\u201d.<\/p>\n<p><strong>Irene Rubiera (Ecologistas en Acci\u00f3n)<\/strong>: \u201cTras la hist\u00f3rica opini\u00f3n consultiva emitida este verano por la Corte Internacional de Justicia, la \u00fanica opci\u00f3n coherente con el derecho clim\u00e1tico internacional, los compromisos adquiridos en el marco UNFCCC y el sentido com\u00fan es adoptar un instrumento vinculante que mantenga los f\u00f3siles en el subsuelo\u201d.<\/p>","protected":false},"excerpt":{"rendered":"<p>La conferencia de Santa Marta da un paso hacia una coalici\u00f3n de pa\u00edses para dar una salida justa a los combustibles f\u00f3siles La I Conferencia Internacional para la Transici\u00f3n m\u00e1s all\u00e1 de los Combustibles F\u00f3siles se salda con una segunda convocatoria, la introducci\u00f3n de un comit\u00e9 cient\u00edfico y pasos cautos adelante. Alianza por el Clima [&hellip;]<\/p>\n","protected":false},"author":1,"featured_media":79033,"comment_status":"closed","ping_status":"closed","sticky":false,"template":"","format":"standard","meta":{"_acf_changed":false,"footnotes":""},"categories":[2711,2593],"tags":[2528,2478,2507],"class_list":["post-79032","post","type-post","status-publish","format-standard","has-post-thumbnail","hentry","category-emergencia-climatica","category-internacional","tag-activismo","tag-ecologia","tag-internacional"],"acf":[],"yoast_head":"<!-- This site is optimized with the Yoast SEO plugin v27.4 - https:\/\/yoast.com\/product\/yoast-seo-wordpress\/ -->\n<title>La conferencia de Santa Marta da un paso hacia una coalici\u00f3n de pa\u00edses para dar una salida justa a los combustibles f\u00f3siles - DLVRADIO<\/title>\n<meta name=\"description\" content=\"La conferencia de Santa Marta da un paso hacia una coalici\u00f3n de pa\u00edses para dar una salida justa a los combustibles f\u00f3siles La I Conferencia Internacional\" \/>\n<meta name=\"robots\" content=\"index, follow, max-snippet:-1, max-image-preview:large, max-video-preview:-1\" \/>\n<link rel=\"canonical\" href=\"https:\/\/dlvradio.es\/en\/la-conferencia-de-santa-marta-da-un-paso-hacia-una-coalicion-de-paises-para-dar-una-salida-justa-a-los-combustibles-fosiles\/\" \/>\n<meta property=\"og:locale\" content=\"en_US\" \/>\n<meta property=\"og:type\" content=\"article\" \/>\n<meta property=\"og:title\" content=\"La conferencia de Santa Marta da un paso hacia una coalici\u00f3n de pa\u00edses para dar una salida justa a los combustibles f\u00f3siles - DLVRADIO\" \/>\n<meta property=\"og:description\" content=\"La conferencia de Santa Marta da un paso hacia una coalici\u00f3n de pa\u00edses para dar una salida justa a los combustibles f\u00f3siles La I Conferencia Internacional\" \/>\n<meta property=\"og:url\" content=\"https:\/\/dlvradio.es\/en\/la-conferencia-de-santa-marta-da-un-paso-hacia-una-coalicion-de-paises-para-dar-una-salida-justa-a-los-combustibles-fosiles\/\" \/>\n<meta property=\"og:site_name\" content=\"DLVRADIO\" \/>\n<meta property=\"article:publisher\" content=\"https:\/\/www.facebook.com\/RadioDLVradio\/\" \/>\n<meta property=\"article:published_time\" content=\"2026-05-01T17:14:18+00:00\" \/>\n<meta property=\"og:image\" content=\"https:\/\/dlvradio.es\/wp-content\/uploads\/2026\/05\/dlvradio-1500-x-1500-px.png\" \/>\n\t<meta property=\"og:image:width\" content=\"1500\" \/>\n\t<meta property=\"og:image:height\" content=\"1500\" \/>\n\t<meta property=\"og:image:type\" content=\"image\/png\" \/>\n<meta name=\"author\" content=\"doominio\" \/>\n<meta name=\"twitter:card\" content=\"summary_large_image\" \/>\n<meta name=\"twitter:creator\" content=\"@RadioDlvradio\" \/>\n<meta name=\"twitter:site\" content=\"@RadioDlvradio\" \/>\n<script type=\"application\/ld+json\" class=\"yoast-schema-graph\">{\"@context\":\"https:\\\/\\\/schema.org\",\"@graph\":[{\"@type\":\"Article\",\"@id\":\"https:\\\/\\\/dlvradio.es\\\/la-conferencia-de-santa-marta-da-un-paso-hacia-una-coalicion-de-paises-para-dar-una-salida-justa-a-los-combustibles-fosiles\\\/#article\",\"isPartOf\":{\"@id\":\"https:\\\/\\\/dlvradio.es\\\/la-conferencia-de-santa-marta-da-un-paso-hacia-una-coalicion-de-paises-para-dar-una-salida-justa-a-los-combustibles-fosiles\\\/\"},\"author\":{\"name\":\"doominio\",\"@id\":\"https:\\\/\\\/dlvradio.es\\\/#\\\/schema\\\/person\\\/6ee60897fbb7fb4ad6634c73f4be87fa\"},\"headline\":\"La conferencia de Santa Marta da un paso hacia una coalici\u00f3n de pa\u00edses para dar una salida justa a los combustibles f\u00f3siles\",\"datePublished\":\"2026-05-01T17:14:18+00:00\",\"mainEntityOfPage\":{\"@id\":\"https:\\\/\\\/dlvradio.es\\\/la-conferencia-de-santa-marta-da-un-paso-hacia-una-coalicion-de-paises-para-dar-una-salida-justa-a-los-combustibles-fosiles\\\/\"},\"wordCount\":1595,\"publisher\":{\"@id\":\"https:\\\/\\\/dlvradio.es\\\/#organization\"},\"image\":{\"@id\":\"https:\\\/\\\/dlvradio.es\\\/la-conferencia-de-santa-marta-da-un-paso-hacia-una-coalicion-de-paises-para-dar-una-salida-justa-a-los-combustibles-fosiles\\\/#primaryimage\"},\"thumbnailUrl\":\"https:\\\/\\\/dlvradio.es\\\/wp-content\\\/uploads\\\/2026\\\/05\\\/dlvradio-1500-x-1500-px.png\",\"keywords\":[\"activismo\",\"ecolog\u00eda\",\"internacional\"],\"articleSection\":[\"Emergencia clim\u00e1tica\",\"Internacional\"],\"inLanguage\":\"en-US\"},{\"@type\":\"WebPage\",\"@id\":\"https:\\\/\\\/dlvradio.es\\\/la-conferencia-de-santa-marta-da-un-paso-hacia-una-coalicion-de-paises-para-dar-una-salida-justa-a-los-combustibles-fosiles\\\/\",\"url\":\"https:\\\/\\\/dlvradio.es\\\/la-conferencia-de-santa-marta-da-un-paso-hacia-una-coalicion-de-paises-para-dar-una-salida-justa-a-los-combustibles-fosiles\\\/\",\"name\":\"La conferencia de Santa Marta da un paso hacia una coalici\u00f3n de pa\u00edses para dar una salida justa a los combustibles f\u00f3siles - DLVRADIO\",\"isPartOf\":{\"@id\":\"https:\\\/\\\/dlvradio.es\\\/#website\"},\"primaryImageOfPage\":{\"@id\":\"https:\\\/\\\/dlvradio.es\\\/la-conferencia-de-santa-marta-da-un-paso-hacia-una-coalicion-de-paises-para-dar-una-salida-justa-a-los-combustibles-fosiles\\\/#primaryimage\"},\"image\":{\"@id\":\"https:\\\/\\\/dlvradio.es\\\/la-conferencia-de-santa-marta-da-un-paso-hacia-una-coalicion-de-paises-para-dar-una-salida-justa-a-los-combustibles-fosiles\\\/#primaryimage\"},\"thumbnailUrl\":\"https:\\\/\\\/dlvradio.es\\\/wp-content\\\/uploads\\\/2026\\\/05\\\/dlvradio-1500-x-1500-px.png\",\"datePublished\":\"2026-05-01T17:14:18+00:00\",\"description\":\"La conferencia de Santa Marta da un paso hacia una coalici\u00f3n de pa\u00edses para dar una salida justa a los combustibles f\u00f3siles La I Conferencia Internacional\",\"breadcrumb\":{\"@id\":\"https:\\\/\\\/dlvradio.es\\\/la-conferencia-de-santa-marta-da-un-paso-hacia-una-coalicion-de-paises-para-dar-una-salida-justa-a-los-combustibles-fosiles\\\/#breadcrumb\"},\"inLanguage\":\"en-US\",\"potentialAction\":[{\"@type\":\"ReadAction\",\"target\":[\"https:\\\/\\\/dlvradio.es\\\/la-conferencia-de-santa-marta-da-un-paso-hacia-una-coalicion-de-paises-para-dar-una-salida-justa-a-los-combustibles-fosiles\\\/\"]}]},{\"@type\":\"ImageObject\",\"inLanguage\":\"en-US\",\"@id\":\"https:\\\/\\\/dlvradio.es\\\/la-conferencia-de-santa-marta-da-un-paso-hacia-una-coalicion-de-paises-para-dar-una-salida-justa-a-los-combustibles-fosiles\\\/#primaryimage\",\"url\":\"https:\\\/\\\/dlvradio.es\\\/wp-content\\\/uploads\\\/2026\\\/05\\\/dlvradio-1500-x-1500-px.png\",\"contentUrl\":\"https:\\\/\\\/dlvradio.es\\\/wp-content\\\/uploads\\\/2026\\\/05\\\/dlvradio-1500-x-1500-px.png\",\"width\":1500,\"height\":1500,\"caption\":\"La conferencia de Santa Marta da un paso hacia una coalici\u00f3n de pa\u00edses para dar una salida justa a los combustibles f\u00f3siles\"},{\"@type\":\"BreadcrumbList\",\"@id\":\"https:\\\/\\\/dlvradio.es\\\/la-conferencia-de-santa-marta-da-un-paso-hacia-una-coalicion-de-paises-para-dar-una-salida-justa-a-los-combustibles-fosiles\\\/#breadcrumb\",\"itemListElement\":[{\"@type\":\"ListItem\",\"position\":1,\"name\":\"Inicio\",\"item\":\"https:\\\/\\\/dlvradio.es\\\/\"},{\"@type\":\"ListItem\",\"position\":2,\"name\":\"La conferencia de Santa Marta da un paso hacia una coalici\u00f3n de pa\u00edses para dar una salida justa a los combustibles f\u00f3siles\"}]},{\"@type\":\"WebSite\",\"@id\":\"https:\\\/\\\/dlvradio.es\\\/#website\",\"url\":\"https:\\\/\\\/dlvradio.es\\\/\",\"name\":\"DLVRADIO\",\"description\":\"Somos un medio de comunicaci\u00f3n alternativo a los medios tradicionales\",\"publisher\":{\"@id\":\"https:\\\/\\\/dlvradio.es\\\/#organization\"},\"potentialAction\":[{\"@type\":\"SearchAction\",\"target\":{\"@type\":\"EntryPoint\",\"urlTemplate\":\"https:\\\/\\\/dlvradio.es\\\/?s={search_term_string}\"},\"query-input\":{\"@type\":\"PropertyValueSpecification\",\"valueRequired\":true,\"valueName\":\"search_term_string\"}}],\"inLanguage\":\"en-US\"},{\"@type\":\"Organization\",\"@id\":\"https:\\\/\\\/dlvradio.es\\\/#organization\",\"name\":\"DLVRADIO\",\"url\":\"https:\\\/\\\/dlvradio.es\\\/\",\"logo\":{\"@type\":\"ImageObject\",\"inLanguage\":\"en-US\",\"@id\":\"https:\\\/\\\/dlvradio.es\\\/#\\\/schema\\\/logo\\\/image\\\/\",\"url\":\"\",\"contentUrl\":\"\",\"caption\":\"DLVRADIO\"},\"image\":{\"@id\":\"https:\\\/\\\/dlvradio.es\\\/#\\\/schema\\\/logo\\\/image\\\/\"},\"sameAs\":[\"https:\\\/\\\/www.facebook.com\\\/RadioDLVradio\\\/\",\"https:\\\/\\\/x.com\\\/RadioDlvradio\",\"https:\\\/\\\/www.instagram.com\\\/radiodlvradio\\\/\"]},{\"@type\":\"Person\",\"@id\":\"https:\\\/\\\/dlvradio.es\\\/#\\\/schema\\\/person\\\/6ee60897fbb7fb4ad6634c73f4be87fa\",\"name\":\"doominio\",\"sameAs\":[\"https:\\\/\\\/dlvradio.es\"]}]}<\/script>\n<!-- \/ Yoast SEO plugin. -->","yoast_head_json":{"title":"La conferencia de Santa Marta da un paso hacia una coalici\u00f3n de pa\u00edses para dar una salida justa a los combustibles f\u00f3siles - DLVRADIO","description":"La conferencia de Santa Marta da un paso hacia una coalici\u00f3n de pa\u00edses para dar una salida justa a los combustibles f\u00f3siles La I Conferencia Internacional","robots":{"index":"index","follow":"follow","max-snippet":"max-snippet:-1","max-image-preview":"max-image-preview:large","max-video-preview":"max-video-preview:-1"},"canonical":"https:\/\/dlvradio.es\/en\/la-conferencia-de-santa-marta-da-un-paso-hacia-una-coalicion-de-paises-para-dar-una-salida-justa-a-los-combustibles-fosiles\/","og_locale":"en_US","og_type":"article","og_title":"La conferencia de Santa Marta da un paso hacia una coalici\u00f3n de pa\u00edses para dar una salida justa a los combustibles f\u00f3siles - DLVRADIO","og_description":"La conferencia de Santa Marta da un paso hacia una coalici\u00f3n de pa\u00edses para dar una salida justa a los combustibles f\u00f3siles La I Conferencia Internacional","og_url":"https:\/\/dlvradio.es\/en\/la-conferencia-de-santa-marta-da-un-paso-hacia-una-coalicion-de-paises-para-dar-una-salida-justa-a-los-combustibles-fosiles\/","og_site_name":"DLVRADIO","article_publisher":"https:\/\/www.facebook.com\/RadioDLVradio\/","article_published_time":"2026-05-01T17:14:18+00:00","og_image":[{"width":1500,"height":1500,"url":"https:\/\/dlvradio.es\/wp-content\/uploads\/2026\/05\/dlvradio-1500-x-1500-px.png","type":"image\/png"}],"author":"doominio","twitter_card":"summary_large_image","twitter_creator":"@RadioDlvradio","twitter_site":"@RadioDlvradio","schema":{"@context":"https:\/\/schema.org","@graph":[{"@type":"Article","@id":"https:\/\/dlvradio.es\/la-conferencia-de-santa-marta-da-un-paso-hacia-una-coalicion-de-paises-para-dar-una-salida-justa-a-los-combustibles-fosiles\/#article","isPartOf":{"@id":"https:\/\/dlvradio.es\/la-conferencia-de-santa-marta-da-un-paso-hacia-una-coalicion-de-paises-para-dar-una-salida-justa-a-los-combustibles-fosiles\/"},"author":{"name":"doominio","@id":"https:\/\/dlvradio.es\/#\/schema\/person\/6ee60897fbb7fb4ad6634c73f4be87fa"},"headline":"La conferencia de Santa Marta da un paso hacia una coalici\u00f3n de pa\u00edses para dar una salida justa a los combustibles f\u00f3siles","datePublished":"2026-05-01T17:14:18+00:00","mainEntityOfPage":{"@id":"https:\/\/dlvradio.es\/la-conferencia-de-santa-marta-da-un-paso-hacia-una-coalicion-de-paises-para-dar-una-salida-justa-a-los-combustibles-fosiles\/"},"wordCount":1595,"publisher":{"@id":"https:\/\/dlvradio.es\/#organization"},"image":{"@id":"https:\/\/dlvradio.es\/la-conferencia-de-santa-marta-da-un-paso-hacia-una-coalicion-de-paises-para-dar-una-salida-justa-a-los-combustibles-fosiles\/#primaryimage"},"thumbnailUrl":"https:\/\/dlvradio.es\/wp-content\/uploads\/2026\/05\/dlvradio-1500-x-1500-px.png","keywords":["activismo","ecolog\u00eda","internacional"],"articleSection":["Emergencia clim\u00e1tica","Internacional"],"inLanguage":"en-US"},{"@type":"WebPage","@id":"https:\/\/dlvradio.es\/la-conferencia-de-santa-marta-da-un-paso-hacia-una-coalicion-de-paises-para-dar-una-salida-justa-a-los-combustibles-fosiles\/","url":"https:\/\/dlvradio.es\/la-conferencia-de-santa-marta-da-un-paso-hacia-una-coalicion-de-paises-para-dar-una-salida-justa-a-los-combustibles-fosiles\/","name":"La conferencia de Santa Marta da un paso hacia una coalici\u00f3n de pa\u00edses para dar una salida justa a los combustibles f\u00f3siles - DLVRADIO","isPartOf":{"@id":"https:\/\/dlvradio.es\/#website"},"primaryImageOfPage":{"@id":"https:\/\/dlvradio.es\/la-conferencia-de-santa-marta-da-un-paso-hacia-una-coalicion-de-paises-para-dar-una-salida-justa-a-los-combustibles-fosiles\/#primaryimage"},"image":{"@id":"https:\/\/dlvradio.es\/la-conferencia-de-santa-marta-da-un-paso-hacia-una-coalicion-de-paises-para-dar-una-salida-justa-a-los-combustibles-fosiles\/#primaryimage"},"thumbnailUrl":"https:\/\/dlvradio.es\/wp-content\/uploads\/2026\/05\/dlvradio-1500-x-1500-px.png","datePublished":"2026-05-01T17:14:18+00:00","description":"La conferencia de Santa Marta da un paso hacia una coalici\u00f3n de pa\u00edses para dar una salida justa a los combustibles f\u00f3siles La I Conferencia Internacional","breadcrumb":{"@id":"https:\/\/dlvradio.es\/la-conferencia-de-santa-marta-da-un-paso-hacia-una-coalicion-de-paises-para-dar-una-salida-justa-a-los-combustibles-fosiles\/#breadcrumb"},"inLanguage":"en-US","potentialAction":[{"@type":"ReadAction","target":["https:\/\/dlvradio.es\/la-conferencia-de-santa-marta-da-un-paso-hacia-una-coalicion-de-paises-para-dar-una-salida-justa-a-los-combustibles-fosiles\/"]}]},{"@type":"ImageObject","inLanguage":"en-US","@id":"https:\/\/dlvradio.es\/la-conferencia-de-santa-marta-da-un-paso-hacia-una-coalicion-de-paises-para-dar-una-salida-justa-a-los-combustibles-fosiles\/#primaryimage","url":"https:\/\/dlvradio.es\/wp-content\/uploads\/2026\/05\/dlvradio-1500-x-1500-px.png","contentUrl":"https:\/\/dlvradio.es\/wp-content\/uploads\/2026\/05\/dlvradio-1500-x-1500-px.png","width":1500,"height":1500,"caption":"La conferencia de Santa Marta da un paso hacia una coalici\u00f3n de pa\u00edses para dar una salida justa a los combustibles f\u00f3siles"},{"@type":"BreadcrumbList","@id":"https:\/\/dlvradio.es\/la-conferencia-de-santa-marta-da-un-paso-hacia-una-coalicion-de-paises-para-dar-una-salida-justa-a-los-combustibles-fosiles\/#breadcrumb","itemListElement":[{"@type":"ListItem","position":1,"name":"Inicio","item":"https:\/\/dlvradio.es\/"},{"@type":"ListItem","position":2,"name":"La conferencia de Santa Marta da un paso hacia una coalici\u00f3n de pa\u00edses para dar una salida justa a los combustibles f\u00f3siles"}]},{"@type":"WebSite","@id":"https:\/\/dlvradio.es\/#website","url":"https:\/\/dlvradio.es\/","name":"DLVRADIO","description":"We are an alternative media to traditional media","publisher":{"@id":"https:\/\/dlvradio.es\/#organization"},"potentialAction":[{"@type":"SearchAction","target":{"@type":"EntryPoint","urlTemplate":"https:\/\/dlvradio.es\/?s={search_term_string}"},"query-input":{"@type":"PropertyValueSpecification","valueRequired":true,"valueName":"search_term_string"}}],"inLanguage":"en-US"},{"@type":"Organization","@id":"https:\/\/dlvradio.es\/#organization","name":"DLVRADIO","url":"https:\/\/dlvradio.es\/","logo":{"@type":"ImageObject","inLanguage":"en-US","@id":"https:\/\/dlvradio.es\/#\/schema\/logo\/image\/","url":"","contentUrl":"","caption":"DLVRADIO"},"image":{"@id":"https:\/\/dlvradio.es\/#\/schema\/logo\/image\/"},"sameAs":["https:\/\/www.facebook.com\/RadioDLVradio\/","https:\/\/x.com\/RadioDlvradio","https:\/\/www.instagram.com\/radiodlvradio\/"]},{"@type":"Person","@id":"https:\/\/dlvradio.es\/#\/schema\/person\/6ee60897fbb7fb4ad6634c73f4be87fa","name":"doominio","sameAs":["https:\/\/dlvradio.es"]}]}},"_links":{"self":[{"href":"https:\/\/dlvradio.es\/en\/wp-json\/wp\/v2\/posts\/79032","targetHints":{"allow":["GET"]}}],"collection":[{"href":"https:\/\/dlvradio.es\/en\/wp-json\/wp\/v2\/posts"}],"about":[{"href":"https:\/\/dlvradio.es\/en\/wp-json\/wp\/v2\/types\/post"}],"author":[{"embeddable":true,"href":"https:\/\/dlvradio.es\/en\/wp-json\/wp\/v2\/users\/1"}],"replies":[{"embeddable":true,"href":"https:\/\/dlvradio.es\/en\/wp-json\/wp\/v2\/comments?post=79032"}],"version-history":[{"count":1,"href":"https:\/\/dlvradio.es\/en\/wp-json\/wp\/v2\/posts\/79032\/revisions"}],"predecessor-version":[{"id":79034,"href":"https:\/\/dlvradio.es\/en\/wp-json\/wp\/v2\/posts\/79032\/revisions\/79034"}],"wp:featuredmedia":[{"embeddable":true,"href":"https:\/\/dlvradio.es\/en\/wp-json\/wp\/v2\/media\/79033"}],"wp:attachment":[{"href":"https:\/\/dlvradio.es\/en\/wp-json\/wp\/v2\/media?parent=79032"}],"wp:term":[{"taxonomy":"category","embeddable":true,"href":"https:\/\/dlvradio.es\/en\/wp-json\/wp\/v2\/categories?post=79032"},{"taxonomy":"post_tag","embeddable":true,"href":"https:\/\/dlvradio.es\/en\/wp-json\/wp\/v2\/tags?post=79032"}],"curies":[{"name":"wp","href":"https:\/\/api.w.org\/{rel}","templated":true}]}}