{"id":79036,"date":"2026-05-03T08:00:27","date_gmt":"2026-05-03T06:00:27","guid":{"rendered":"https:\/\/dlvradio.es\/?p=79036"},"modified":"2026-05-03T11:32:24","modified_gmt":"2026-05-03T09:32:24","slug":"la-vuelta-de-michael-o-como-por-fin-hemos-mandado-a-los-wokes-a-tomar-viento","status":"publish","type":"post","link":"https:\/\/dlvradio.es\/en\/la-vuelta-de-michael-o-como-por-fin-hemos-mandado-a-los-wokes-a-tomar-viento\/","title":{"rendered":"La vuelta de Michael o c\u00f3mo, por fin, hemos mandado a los \u201cwokes\u201d a tomar viento"},"content":{"rendered":"<p style=\"text-align: center;\"><strong><i class=\"fas fa-quote-left\" style=\"solid\"><\/i>\u201c<em>Pues felizmente resulta que la calidad de la salud mental de la gente en cuanto a arte y apreciaci\u00f3n de la belleza estaba bastante mejor que lo que los dictados wokes llevan a\u00f1os queriendo imponer, y en masa les hemos dicho a todos esos abonadores de lo horrible que se vayan a pastar con su amargadera. Y lo hemos hecho yendo al cine y celebrando el arte, la m\u00fasica, el baile, lo bonito y la superaci\u00f3n personal\u201d.<i class=\"fas fa-quote-right\" style=\"solid\"><\/i><\/em><\/strong><\/p>\n<p>Estamos asistiendo a la resurrecci\u00f3n m\u00e1s gorda y poderosa imaginable. Mi querido, admirado, mi favorito Michael Jackson ha vuelto y est\u00e1 por todas partes. Sobre todo, en su h\u00e1bitat natural, que es en el n\u00famero uno de todas las listas de m\u00fasica, a pesar de que toda la legi\u00f3n de cr\u00edticos de cine culeros y pagados por los grandes medios salieron al un\u00edsono a denostar este <em>biopic<\/em>, \u201c<em>Michael<\/em>\u201d, en la que su sobrino ha obrado un milagro tan incre\u00edble como evidente: traerlo devuelta<\/p>\n<p>Michael Jacskon, el mejor artista de todos los tiempos, sin nadie que se le acerque ni un poquito, ni a\u00fan ahora que hace m\u00e1s de quince a\u00f1os que est\u00e1 muerto, era el \u00fanico con el talento, el predicamento y el dinero suficiente para enfrentarse a los grandes magnates de la industria de la m\u00fasica a finales de los90\u2019s.<\/p>\n<p>Tambi\u00e9n se ech\u00f3 de enemigos a dictadores, a fabricantes de armas, a los que se estaban (y est\u00e1n) carg\u00e1ndose el planeta, a los usureros y a los maltratadores. Por eso lo amo.<\/p>\n<p>Se plant\u00f3 y les dijo que eran el demonio, literalmente, que eran una banda de explotadores, corruptos y ped\u00f3filos. Y como era verdad y hab\u00eda que desacreditarlo, todo el club de viciosos que ahora conocemos por la bendita desclasificaci\u00f3n de los archivos de Epstein, le acus\u00f3 precisamente de lo que Michael pretend\u00eda denunciar, de lo que ellos m\u00e1s sab\u00edan, de pedofilia, para anular cualquier atisbo de credibilidad de su denuncia.<\/p>\n<p>Pero como Michael era y siempre fue m\u00e1s inocente que el asa de un cubo, finalmente se demostr\u00f3 que todo el asunto de supuesto abuso a menores era una maniobra de desprestigio atroz, precisamente para proteger a los aut\u00e9nticos abusadores. La prensa manipuladora siempre intent\u00f3 no decir esto ni muy alto ni muy claro, incluso hoy.<\/p>\n<p>El Rey del Pop, sobrevivi\u00f3 al mayor ataque nunca visto a un artista y vendi\u00f3 en una hora (cuando a\u00fan no exist\u00eda la estafa de las colas virtuales) todas las entradas para los cincuenta conciertos previstos en su gira de vuelta \u201c<em>This is it<\/em>\u201d en 2009.<\/p>\n<p>Ante la m\u00e1s que probable posibilidad de que Michael volviera a situarse en su trono mundial y desde ah\u00ed pusiera en su sitio a todos los que hab\u00edan intentado jorobarle la vida, los malos a los que se hab\u00eda enfrentado y denunciado, mejor pensaron en darle matarile, porque, adem\u00e1s, sus canciones podr\u00edan valer lo mismo o incluso m\u00e1s, con \u00e9l muerto que vivo.<\/p>\n<p>Y hasta aqu\u00ed los hechos, que son claros y comprobables.<\/p>\n<p>Mientras, hace mucho tiempo que los fans de Michael sabemos que seiba a estrenar su pel\u00edcula y llev\u00e1bamos meses emocionados consumiendo cada segundo de los tr\u00e1ilers que sal\u00edan. Y lleg\u00f3 el estreno. Y no solo no decepcion\u00f3, sino que emocion\u00f3 y nos sumi\u00f3 a todos en una especie de trance de felicidad colectiva porque, por fin, pudimos ir al concierto al que muchos nunca pudimos ir.<\/p>\n<p>Paralelamente, mientras la gente normal esperaba este momento, los cr\u00edticos de cine, los cr\u00edticos de cultura de los grandes medios, o algunos youtubers subvencionados en todo el mundo, se afanaban en denostar la pel\u00edcula (y a \u00e9l), que ha resultado ser el estreno de un biopic m\u00e1s exitoso de la historia del cine y va camino de ser la pel\u00edcula que m\u00e1s recaude del mundo, enfilando ya el camino de los mil millones de d\u00f3lares entaquilla.<\/p>\n<p>Estos cr\u00edticos amargados y feos representan la auto sentida vanguardia intelectual cultural de la plaga <em>Woke<\/em> y canceladora que lleva a\u00f1os destruyendo nuestra sociedad. Gente horrenda que ensalza lo feo, lo s\u00f3rdido y lo deprimente, porque como ellos son feos, deprimentes y s\u00f3rdidos, necesitan que los iconos culturales sean penosos para mantener su presunta superioridad intelectual.<\/p>\n<p>Es obvio pues, que una figura como Michael Jackson, el mayor creador de belleza de la era moderna (m\u00ednimo), es la ant\u00edtesis de esta gentuza, y como quiera que sea, tienen que intentar atacarlo y denostarlo. Por eso repet\u00edan, y a\u00fan repite alguno, que no vale la pena ir a ver esa pel\u00edcula, seguramente pagados por la misma \u00e9lite \u201c<em>epsteniana<\/em>\u201d que lo intent\u00f3 destruir. No vayan, no vaya a ser que nos entre la inspiraci\u00f3n, tal y como ha acontecido. Pero como dec\u00eda aquel, en este caso por suerte aplica lo de <em>\u201clos muertos que vos mat\u00e1is gozan de buena salud\u201d.<\/em><\/p>\n<p>Como dice mi amiga Elena Catal\u00e1n, la salud mental de una sociedad se mide por la calidad de su arte, que, si decae, entramos en guerra. Y no anda errada ya que no hace falta que les haga un repaso del estado actual del arte y especialmente del arte musical, y de c\u00f3mo est\u00e1 el mundo en cuanto conflictos b\u00e9licos.<\/p>\n<p>Bien, pues felizmente resulta que la calidad de la salud mental de la gente en cuanto a arte y apreciaci\u00f3n de la belleza estaba bastante mejor que lo que los dictados <em>wokes<\/em> llevan a\u00f1os queriendo imponer, y en masa les hemos dicho a todos esos abonadores de lo horrible que se vayan a pastar con su amargadera. Y lo hemos hecho yendo al cine y celebrando el arte, la m\u00fasica, el baile, lo bonito y la superaci\u00f3n personal.<\/p>\n<p>No nos interesa ver \u201cSidosa\u201d, ni 20.000 clases de \u201c<em>aberronchos<\/em>\u201d, ni historias de sexualidad tard\u00eda descubierta. Es m\u00e1s, hace mucho que a la gente normal no le interesa nada con quien se acuesta el pr\u00f3jimo. Queremos ver a Michael bailar y cantar, queremos presentarle a nuestros ni\u00f1os y ni\u00f1as a un ser fant\u00e1stico, nacido de un entorno hostil que nunca se dej\u00f3 llevar por la frustraci\u00f3n. Queremos disfrutar de esta felicidad y no vamos a dejar que nunca m\u00e1s un <em>freaky<\/em> con gafas de poperoy aires de moderno nos imponga sus opiniones posmolerdas.<\/p>\n<p>Y adem\u00e1s lo tienen muy mal para seguir sobreviviendo virtualmente estos <em>wokis<\/em> porque hay una novedad no peque\u00f1a en todo lo que est\u00e1 pasando, que es que los cientos de miles de millones de personas a quienes que nos gusta Michael nunca tuvimos la ocasi\u00f3n de encontrarnos en las redes sociales. Ya hora son literalmente nuestras y no las vamos a soltar.<\/p>\n<p>As\u00ed que <em>wokes<\/em> desnortados, volvi\u00f3 el Rey a poner orden en la m\u00fasica y aponer en su sitio a los ap\u00f3stoles de lo feo, en el ostracismo de d\u00f3nde nunca debieron salir. Larga vida pues a la belleza, y que sigan siendo Michael y su arte sempiterno por el bien de todas y todos.<\/p>\n<p><iframe title=\"La vuelta de Michael o c\u00f3mo, por fin, hemos mandado a los \u201cwokes\u201d a tomar viento\" width=\"800\" height=\"450\" src=\"https:\/\/www.youtube.com\/embed\/iyAF7-0SRwM?feature=oembed\" frameborder=\"0\" allow=\"accelerometer; autoplay; clipboard-write; encrypted-media; gyroscope; picture-in-picture; web-share\" referrerpolicy=\"strict-origin-when-cross-origin\" allowfullscreen><\/iframe><\/p>","protected":false},"excerpt":{"rendered":"<p>\u201cPues felizmente resulta que la calidad de la salud mental de la gente en cuanto a arte y apreciaci\u00f3n de la belleza estaba bastante mejor que lo que los dictados wokes llevan a\u00f1os queriendo imponer, y en masa les hemos dicho a todos esos abonadores de lo horrible que se vayan a pastar con su [&hellip;]<\/p>\n","protected":false},"author":1,"featured_media":73053,"comment_status":"closed","ping_status":"closed","sticky":false,"template":"","format":"standard","meta":{"_acf_changed":false,"footnotes":""},"categories":[2461],"tags":[2530,2486,2469],"class_list":["post-79036","post","type-post","status-publish","format-standard","has-post-thumbnail","hentry","category-opinion","tag-actualidad","tag-cultura","tag-opinion"],"acf":[],"yoast_head":"<!-- This site is optimized with the Yoast SEO plugin v27.4 - https:\/\/yoast.com\/product\/yoast-seo-wordpress\/ -->\n<title>La vuelta de Michael o c\u00f3mo, por fin, hemos mandado a los \u201cwokes\u201d a tomar viento - DLVRADIO<\/title>\n<meta name=\"description\" content=\"\u201cPues felizmente resulta que la calidad de la salud mental de la gente en cuanto a arte y apreciaci\u00f3n de la belleza estaba bastante mejor que lo que los\" \/>\n<meta name=\"robots\" content=\"index, follow, max-snippet:-1, max-image-preview:large, max-video-preview:-1\" \/>\n<link rel=\"canonical\" href=\"https:\/\/dlvradio.es\/en\/la-vuelta-de-michael-o-como-por-fin-hemos-mandado-a-los-wokes-a-tomar-viento\/\" \/>\n<meta property=\"og:locale\" content=\"en_US\" \/>\n<meta property=\"og:type\" content=\"article\" \/>\n<meta property=\"og:title\" content=\"La vuelta de Michael o c\u00f3mo, por fin, hemos mandado a los \u201cwokes\u201d a tomar viento - DLVRADIO\" \/>\n<meta property=\"og:description\" content=\"\u201cPues felizmente resulta que la calidad de la salud mental de la gente en cuanto a arte y apreciaci\u00f3n de la belleza estaba bastante mejor que lo que los\" \/>\n<meta property=\"og:url\" content=\"https:\/\/dlvradio.es\/en\/la-vuelta-de-michael-o-como-por-fin-hemos-mandado-a-los-wokes-a-tomar-viento\/\" \/>\n<meta property=\"og:site_name\" content=\"DLVRADIO\" \/>\n<meta property=\"article:publisher\" content=\"https:\/\/www.facebook.com\/RadioDLVradio\/\" \/>\n<meta property=\"article:published_time\" content=\"2026-05-03T06:00:27+00:00\" \/>\n<meta property=\"article:modified_time\" content=\"2026-05-03T09:32:24+00:00\" \/>\n<meta property=\"og:image\" content=\"https:\/\/dlvradio.es\/wp-content\/uploads\/2024\/06\/Opinion-DLVRADIO.png\" \/>\n\t<meta property=\"og:image:width\" content=\"1500\" \/>\n\t<meta property=\"og:image:height\" content=\"1500\" \/>\n\t<meta property=\"og:image:type\" content=\"image\/png\" \/>\n<meta name=\"author\" content=\"doominio\" \/>\n<meta name=\"twitter:card\" content=\"summary_large_image\" \/>\n<meta name=\"twitter:creator\" content=\"@RadioDlvradio\" \/>\n<meta name=\"twitter:site\" content=\"@RadioDlvradio\" \/>\n<script type=\"application\/ld+json\" class=\"yoast-schema-graph\">{\"@context\":\"https:\\\/\\\/schema.org\",\"@graph\":[{\"@type\":\"Article\",\"@id\":\"https:\\\/\\\/dlvradio.es\\\/la-vuelta-de-michael-o-como-por-fin-hemos-mandado-a-los-wokes-a-tomar-viento\\\/#article\",\"isPartOf\":{\"@id\":\"https:\\\/\\\/dlvradio.es\\\/la-vuelta-de-michael-o-como-por-fin-hemos-mandado-a-los-wokes-a-tomar-viento\\\/\"},\"author\":{\"name\":\"doominio\",\"@id\":\"https:\\\/\\\/dlvradio.es\\\/#\\\/schema\\\/person\\\/6ee60897fbb7fb4ad6634c73f4be87fa\"},\"headline\":\"La vuelta de Michael o c\u00f3mo, por fin, hemos mandado a los \u201cwokes\u201d a tomar viento\",\"datePublished\":\"2026-05-03T06:00:27+00:00\",\"dateModified\":\"2026-05-03T09:32:24+00:00\",\"mainEntityOfPage\":{\"@id\":\"https:\\\/\\\/dlvradio.es\\\/la-vuelta-de-michael-o-como-por-fin-hemos-mandado-a-los-wokes-a-tomar-viento\\\/\"},\"wordCount\":1257,\"publisher\":{\"@id\":\"https:\\\/\\\/dlvradio.es\\\/#organization\"},\"image\":{\"@id\":\"https:\\\/\\\/dlvradio.es\\\/la-vuelta-de-michael-o-como-por-fin-hemos-mandado-a-los-wokes-a-tomar-viento\\\/#primaryimage\"},\"thumbnailUrl\":\"https:\\\/\\\/dlvradio.es\\\/wp-content\\\/uploads\\\/2024\\\/06\\\/Opinion-DLVRADIO.png\",\"keywords\":[\"actualidad\",\"cultura\",\"opini\u00f3n\"],\"articleSection\":[\"Opini\u00f3n\"],\"inLanguage\":\"en-US\"},{\"@type\":\"WebPage\",\"@id\":\"https:\\\/\\\/dlvradio.es\\\/la-vuelta-de-michael-o-como-por-fin-hemos-mandado-a-los-wokes-a-tomar-viento\\\/\",\"url\":\"https:\\\/\\\/dlvradio.es\\\/la-vuelta-de-michael-o-como-por-fin-hemos-mandado-a-los-wokes-a-tomar-viento\\\/\",\"name\":\"La vuelta de Michael o c\u00f3mo, por fin, hemos mandado a los \u201cwokes\u201d a tomar viento - DLVRADIO\",\"isPartOf\":{\"@id\":\"https:\\\/\\\/dlvradio.es\\\/#website\"},\"primaryImageOfPage\":{\"@id\":\"https:\\\/\\\/dlvradio.es\\\/la-vuelta-de-michael-o-como-por-fin-hemos-mandado-a-los-wokes-a-tomar-viento\\\/#primaryimage\"},\"image\":{\"@id\":\"https:\\\/\\\/dlvradio.es\\\/la-vuelta-de-michael-o-como-por-fin-hemos-mandado-a-los-wokes-a-tomar-viento\\\/#primaryimage\"},\"thumbnailUrl\":\"https:\\\/\\\/dlvradio.es\\\/wp-content\\\/uploads\\\/2024\\\/06\\\/Opinion-DLVRADIO.png\",\"datePublished\":\"2026-05-03T06:00:27+00:00\",\"dateModified\":\"2026-05-03T09:32:24+00:00\",\"description\":\"\u201cPues felizmente resulta que la calidad de la salud mental de la gente en cuanto a arte y apreciaci\u00f3n de la belleza estaba bastante mejor que lo que los\",\"breadcrumb\":{\"@id\":\"https:\\\/\\\/dlvradio.es\\\/la-vuelta-de-michael-o-como-por-fin-hemos-mandado-a-los-wokes-a-tomar-viento\\\/#breadcrumb\"},\"inLanguage\":\"en-US\",\"potentialAction\":[{\"@type\":\"ReadAction\",\"target\":[\"https:\\\/\\\/dlvradio.es\\\/la-vuelta-de-michael-o-como-por-fin-hemos-mandado-a-los-wokes-a-tomar-viento\\\/\"]}]},{\"@type\":\"ImageObject\",\"inLanguage\":\"en-US\",\"@id\":\"https:\\\/\\\/dlvradio.es\\\/la-vuelta-de-michael-o-como-por-fin-hemos-mandado-a-los-wokes-a-tomar-viento\\\/#primaryimage\",\"url\":\"https:\\\/\\\/dlvradio.es\\\/wp-content\\\/uploads\\\/2024\\\/06\\\/Opinion-DLVRADIO.png\",\"contentUrl\":\"https:\\\/\\\/dlvradio.es\\\/wp-content\\\/uploads\\\/2024\\\/06\\\/Opinion-DLVRADIO.png\",\"width\":1500,\"height\":1500,\"caption\":\"\u00bfEsta fiesta qui\u00e9n la paga?\"},{\"@type\":\"BreadcrumbList\",\"@id\":\"https:\\\/\\\/dlvradio.es\\\/la-vuelta-de-michael-o-como-por-fin-hemos-mandado-a-los-wokes-a-tomar-viento\\\/#breadcrumb\",\"itemListElement\":[{\"@type\":\"ListItem\",\"position\":1,\"name\":\"Inicio\",\"item\":\"https:\\\/\\\/dlvradio.es\\\/\"},{\"@type\":\"ListItem\",\"position\":2,\"name\":\"La vuelta de Michael o c\u00f3mo, por fin, hemos mandado a los \u201cwokes\u201d a tomar viento\"}]},{\"@type\":\"WebSite\",\"@id\":\"https:\\\/\\\/dlvradio.es\\\/#website\",\"url\":\"https:\\\/\\\/dlvradio.es\\\/\",\"name\":\"DLVRADIO\",\"description\":\"Somos un medio de comunicaci\u00f3n alternativo a los medios tradicionales\",\"publisher\":{\"@id\":\"https:\\\/\\\/dlvradio.es\\\/#organization\"},\"potentialAction\":[{\"@type\":\"SearchAction\",\"target\":{\"@type\":\"EntryPoint\",\"urlTemplate\":\"https:\\\/\\\/dlvradio.es\\\/?s={search_term_string}\"},\"query-input\":{\"@type\":\"PropertyValueSpecification\",\"valueRequired\":true,\"valueName\":\"search_term_string\"}}],\"inLanguage\":\"en-US\"},{\"@type\":\"Organization\",\"@id\":\"https:\\\/\\\/dlvradio.es\\\/#organization\",\"name\":\"DLVRADIO\",\"url\":\"https:\\\/\\\/dlvradio.es\\\/\",\"logo\":{\"@type\":\"ImageObject\",\"inLanguage\":\"en-US\",\"@id\":\"https:\\\/\\\/dlvradio.es\\\/#\\\/schema\\\/logo\\\/image\\\/\",\"url\":\"\",\"contentUrl\":\"\",\"caption\":\"DLVRADIO\"},\"image\":{\"@id\":\"https:\\\/\\\/dlvradio.es\\\/#\\\/schema\\\/logo\\\/image\\\/\"},\"sameAs\":[\"https:\\\/\\\/www.facebook.com\\\/RadioDLVradio\\\/\",\"https:\\\/\\\/x.com\\\/RadioDlvradio\",\"https:\\\/\\\/www.instagram.com\\\/radiodlvradio\\\/\"]},{\"@type\":\"Person\",\"@id\":\"https:\\\/\\\/dlvradio.es\\\/#\\\/schema\\\/person\\\/6ee60897fbb7fb4ad6634c73f4be87fa\",\"name\":\"doominio\",\"sameAs\":[\"https:\\\/\\\/dlvradio.es\"]}]}<\/script>\n<!-- \/ Yoast SEO plugin. -->","yoast_head_json":{"title":"La vuelta de Michael o c\u00f3mo, por fin, hemos mandado a los \u201cwokes\u201d a tomar viento - DLVRADIO","description":"\u201cPues felizmente resulta que la calidad de la salud mental de la gente en cuanto a arte y apreciaci\u00f3n de la belleza estaba bastante mejor que lo que los","robots":{"index":"index","follow":"follow","max-snippet":"max-snippet:-1","max-image-preview":"max-image-preview:large","max-video-preview":"max-video-preview:-1"},"canonical":"https:\/\/dlvradio.es\/en\/la-vuelta-de-michael-o-como-por-fin-hemos-mandado-a-los-wokes-a-tomar-viento\/","og_locale":"en_US","og_type":"article","og_title":"La vuelta de Michael o c\u00f3mo, por fin, hemos mandado a los \u201cwokes\u201d a tomar viento - DLVRADIO","og_description":"\u201cPues felizmente resulta que la calidad de la salud mental de la gente en cuanto a arte y apreciaci\u00f3n de la belleza estaba bastante mejor que lo que los","og_url":"https:\/\/dlvradio.es\/en\/la-vuelta-de-michael-o-como-por-fin-hemos-mandado-a-los-wokes-a-tomar-viento\/","og_site_name":"DLVRADIO","article_publisher":"https:\/\/www.facebook.com\/RadioDLVradio\/","article_published_time":"2026-05-03T06:00:27+00:00","article_modified_time":"2026-05-03T09:32:24+00:00","og_image":[{"width":1500,"height":1500,"url":"https:\/\/dlvradio.es\/wp-content\/uploads\/2024\/06\/Opinion-DLVRADIO.png","type":"image\/png"}],"author":"doominio","twitter_card":"summary_large_image","twitter_creator":"@RadioDlvradio","twitter_site":"@RadioDlvradio","schema":{"@context":"https:\/\/schema.org","@graph":[{"@type":"Article","@id":"https:\/\/dlvradio.es\/la-vuelta-de-michael-o-como-por-fin-hemos-mandado-a-los-wokes-a-tomar-viento\/#article","isPartOf":{"@id":"https:\/\/dlvradio.es\/la-vuelta-de-michael-o-como-por-fin-hemos-mandado-a-los-wokes-a-tomar-viento\/"},"author":{"name":"doominio","@id":"https:\/\/dlvradio.es\/#\/schema\/person\/6ee60897fbb7fb4ad6634c73f4be87fa"},"headline":"La vuelta de Michael o c\u00f3mo, por fin, hemos mandado a los \u201cwokes\u201d a tomar viento","datePublished":"2026-05-03T06:00:27+00:00","dateModified":"2026-05-03T09:32:24+00:00","mainEntityOfPage":{"@id":"https:\/\/dlvradio.es\/la-vuelta-de-michael-o-como-por-fin-hemos-mandado-a-los-wokes-a-tomar-viento\/"},"wordCount":1257,"publisher":{"@id":"https:\/\/dlvradio.es\/#organization"},"image":{"@id":"https:\/\/dlvradio.es\/la-vuelta-de-michael-o-como-por-fin-hemos-mandado-a-los-wokes-a-tomar-viento\/#primaryimage"},"thumbnailUrl":"https:\/\/dlvradio.es\/wp-content\/uploads\/2024\/06\/Opinion-DLVRADIO.png","keywords":["actualidad","cultura","opini\u00f3n"],"articleSection":["Opini\u00f3n"],"inLanguage":"en-US"},{"@type":"WebPage","@id":"https:\/\/dlvradio.es\/la-vuelta-de-michael-o-como-por-fin-hemos-mandado-a-los-wokes-a-tomar-viento\/","url":"https:\/\/dlvradio.es\/la-vuelta-de-michael-o-como-por-fin-hemos-mandado-a-los-wokes-a-tomar-viento\/","name":"La vuelta de Michael o c\u00f3mo, por fin, hemos mandado a los \u201cwokes\u201d a tomar viento - DLVRADIO","isPartOf":{"@id":"https:\/\/dlvradio.es\/#website"},"primaryImageOfPage":{"@id":"https:\/\/dlvradio.es\/la-vuelta-de-michael-o-como-por-fin-hemos-mandado-a-los-wokes-a-tomar-viento\/#primaryimage"},"image":{"@id":"https:\/\/dlvradio.es\/la-vuelta-de-michael-o-como-por-fin-hemos-mandado-a-los-wokes-a-tomar-viento\/#primaryimage"},"thumbnailUrl":"https:\/\/dlvradio.es\/wp-content\/uploads\/2024\/06\/Opinion-DLVRADIO.png","datePublished":"2026-05-03T06:00:27+00:00","dateModified":"2026-05-03T09:32:24+00:00","description":"\u201cPues felizmente resulta que la calidad de la salud mental de la gente en cuanto a arte y apreciaci\u00f3n de la belleza estaba bastante mejor que lo que los","breadcrumb":{"@id":"https:\/\/dlvradio.es\/la-vuelta-de-michael-o-como-por-fin-hemos-mandado-a-los-wokes-a-tomar-viento\/#breadcrumb"},"inLanguage":"en-US","potentialAction":[{"@type":"ReadAction","target":["https:\/\/dlvradio.es\/la-vuelta-de-michael-o-como-por-fin-hemos-mandado-a-los-wokes-a-tomar-viento\/"]}]},{"@type":"ImageObject","inLanguage":"en-US","@id":"https:\/\/dlvradio.es\/la-vuelta-de-michael-o-como-por-fin-hemos-mandado-a-los-wokes-a-tomar-viento\/#primaryimage","url":"https:\/\/dlvradio.es\/wp-content\/uploads\/2024\/06\/Opinion-DLVRADIO.png","contentUrl":"https:\/\/dlvradio.es\/wp-content\/uploads\/2024\/06\/Opinion-DLVRADIO.png","width":1500,"height":1500,"caption":"\u00bfEsta fiesta qui\u00e9n la paga?"},{"@type":"BreadcrumbList","@id":"https:\/\/dlvradio.es\/la-vuelta-de-michael-o-como-por-fin-hemos-mandado-a-los-wokes-a-tomar-viento\/#breadcrumb","itemListElement":[{"@type":"ListItem","position":1,"name":"Inicio","item":"https:\/\/dlvradio.es\/"},{"@type":"ListItem","position":2,"name":"La vuelta de Michael o c\u00f3mo, por fin, hemos mandado a los \u201cwokes\u201d a tomar viento"}]},{"@type":"WebSite","@id":"https:\/\/dlvradio.es\/#website","url":"https:\/\/dlvradio.es\/","name":"DLVRADIO","description":"We are an alternative media to traditional media","publisher":{"@id":"https:\/\/dlvradio.es\/#organization"},"potentialAction":[{"@type":"SearchAction","target":{"@type":"EntryPoint","urlTemplate":"https:\/\/dlvradio.es\/?s={search_term_string}"},"query-input":{"@type":"PropertyValueSpecification","valueRequired":true,"valueName":"search_term_string"}}],"inLanguage":"en-US"},{"@type":"Organization","@id":"https:\/\/dlvradio.es\/#organization","name":"DLVRADIO","url":"https:\/\/dlvradio.es\/","logo":{"@type":"ImageObject","inLanguage":"en-US","@id":"https:\/\/dlvradio.es\/#\/schema\/logo\/image\/","url":"","contentUrl":"","caption":"DLVRADIO"},"image":{"@id":"https:\/\/dlvradio.es\/#\/schema\/logo\/image\/"},"sameAs":["https:\/\/www.facebook.com\/RadioDLVradio\/","https:\/\/x.com\/RadioDlvradio","https:\/\/www.instagram.com\/radiodlvradio\/"]},{"@type":"Person","@id":"https:\/\/dlvradio.es\/#\/schema\/person\/6ee60897fbb7fb4ad6634c73f4be87fa","name":"doominio","sameAs":["https:\/\/dlvradio.es"]}]}},"_links":{"self":[{"href":"https:\/\/dlvradio.es\/en\/wp-json\/wp\/v2\/posts\/79036","targetHints":{"allow":["GET"]}}],"collection":[{"href":"https:\/\/dlvradio.es\/en\/wp-json\/wp\/v2\/posts"}],"about":[{"href":"https:\/\/dlvradio.es\/en\/wp-json\/wp\/v2\/types\/post"}],"author":[{"embeddable":true,"href":"https:\/\/dlvradio.es\/en\/wp-json\/wp\/v2\/users\/1"}],"replies":[{"embeddable":true,"href":"https:\/\/dlvradio.es\/en\/wp-json\/wp\/v2\/comments?post=79036"}],"version-history":[{"count":2,"href":"https:\/\/dlvradio.es\/en\/wp-json\/wp\/v2\/posts\/79036\/revisions"}],"predecessor-version":[{"id":79038,"href":"https:\/\/dlvradio.es\/en\/wp-json\/wp\/v2\/posts\/79036\/revisions\/79038"}],"wp:featuredmedia":[{"embeddable":true,"href":"https:\/\/dlvradio.es\/en\/wp-json\/wp\/v2\/media\/73053"}],"wp:attachment":[{"href":"https:\/\/dlvradio.es\/en\/wp-json\/wp\/v2\/media?parent=79036"}],"wp:term":[{"taxonomy":"category","embeddable":true,"href":"https:\/\/dlvradio.es\/en\/wp-json\/wp\/v2\/categories?post=79036"},{"taxonomy":"post_tag","embeddable":true,"href":"https:\/\/dlvradio.es\/en\/wp-json\/wp\/v2\/tags?post=79036"}],"curies":[{"name":"wp","href":"https:\/\/api.w.org\/{rel}","templated":true}]}}